{"id":371081,"date":"2025-09-06T17:12:15","date_gmt":"2025-09-06T17:12:15","guid":{"rendered":"https:\/\/www.europesays.com\/fr\/371081\/"},"modified":"2025-09-06T17:12:15","modified_gmt":"2025-09-06T17:12:15","slug":"f1-george-russell-regrette-le-choix-de-mercedes-a-monza-il-y-a-eu-un-manque-de-communication","status":"publish","type":"post","link":"https:\/\/www.europesays.com\/fr\/371081\/","title":{"rendered":"F1 &#8211; George Russell regrette le choix de Mercedes \u00e0 Monza : \u00ab Il y a eu un manque de communication \u00bb"},"content":{"rendered":"<p><strong>George Russell, sixi\u00e8me \u00e0 l\u2019issue des qualifications du Grand Prix d\u2019Italie de <a href=\"https:\/\/www.autohebdo.fr\/actualites\/f1\" data-internallinksmanager029f6b8e52c=\"1\" title=\"F1\" rel=\"nofollow noopener\" target=\"_blank\">F1<\/a>, \u00e0 Monza, au micro de Canal+ :<\/strong><\/p>\n<p>\u00ab Il y a eu un manque de communication, je me sentais bien sur les pneus m\u00e9dium. En Q1, nous \u00e9tions la voiture la plus rapide sur ces pneus et j\u2019\u00e9tais tr\u00e8s bien, donc je pense que nous allons en discuter apr\u00e8s. La strat\u00e9gie a un seul arr\u00eat \u00e0 l\u2019air clair pour le Grand Prix, la d\u00e9gradation a l\u2019air tr\u00e8s faible, c\u2019\u00e9tait d\u00e9j\u00e0 le cas l\u2019ann\u00e9e derni\u00e8re. Les pneus sont encore plus r\u00e9sistants on dirait cette ann\u00e9e, donc il n\u2019aura pas grand-chose d\u2019autre \u00e0 faire. \u00bb<\/p>\n<\/p>\n<p><strong>\u00c0 LIRE AUSSI &gt; <a href=\"https:\/\/www.autohebdo.fr\/actualites\/f1\/verstappen-pole-monza-reglages.html\" target=\"_blank\" rel=\"noopener nofollow\">Max Verstappen, poleman \u00e0 Monza : \u00ab Nous avons fait quelques r\u00e9glages qui m\u2019ont permis d\u2019attaquer \u00bb<\/a><\/strong><\/p>\n","protected":false},"excerpt":{"rendered":"George Russell, sixi\u00e8me \u00e0 l\u2019issue des qualifications du Grand Prix d\u2019Italie de F1, \u00e0 Monza, au micro de&hellip;\n","protected":false},"author":2,"featured_media":371082,"comment_status":"","ping_status":"","sticky":false,"template":"","format":"standard","meta":{"footnotes":""},"categories":[1586],"tags":[11,1777,674,1779,1011,27,12,25,1778,364],"class_list":{"0":"post-371081","1":"post","2":"type-post","3":"status-publish","4":"format-standard","5":"has-post-thumbnail","7":"category-europe","8":"tag-actualites","9":"tag-eu","10":"tag-europe","11":"tag-european-union","12":"tag-fr","13":"tag-france","14":"tag-news","15":"tag-republique-francaise","16":"tag-ue","17":"tag-union-europeenne"},"share_on_mastodon":{"url":"https:\/\/pubeurope.com\/@fr\/115158472756372690","error":""},"_links":{"self":[{"href":"https:\/\/www.europesays.com\/fr\/wp-json\/wp\/v2\/posts\/371081","targetHints":{"allow":["GET"]}}],"collection":[{"href":"https:\/\/www.europesays.com\/fr\/wp-json\/wp\/v2\/posts"}],"about":[{"href":"https:\/\/www.europesays.com\/fr\/wp-json\/wp\/v2\/types\/post"}],"author":[{"embeddable":true,"href":"https:\/\/www.europesays.com\/fr\/wp-json\/wp\/v2\/users\/2"}],"replies":[{"embeddable":true,"href":"https:\/\/www.europesays.com\/fr\/wp-json\/wp\/v2\/comments?post=371081"}],"version-history":[{"count":0,"href":"https:\/\/www.europesays.com\/fr\/wp-json\/wp\/v2\/posts\/371081\/revisions"}],"wp:featuredmedia":[{"embeddable":true,"href":"https:\/\/www.europesays.com\/fr\/wp-json\/wp\/v2\/media\/371082"}],"wp:attachment":[{"href":"https:\/\/www.europesays.com\/fr\/wp-json\/wp\/v2\/media?parent=371081"}],"wp:term":[{"taxonomy":"category","embeddable":true,"href":"https:\/\/www.europesays.com\/fr\/wp-json\/wp\/v2\/categories?post=371081"},{"taxonomy":"post_tag","embeddable":true,"href":"https:\/\/www.europesays.com\/fr\/wp-json\/wp\/v2\/tags?post=371081"}],"curies":[{"name":"wp","href":"https:\/\/api.w.org\/{rel}","templated":true}]}}