{"id":371083,"date":"2025-09-06T17:13:14","date_gmt":"2025-09-06T17:13:14","guid":{"rendered":"https:\/\/www.europesays.com\/fr\/371083\/"},"modified":"2025-09-06T17:13:14","modified_gmt":"2025-09-06T17:13:14","slug":"les-sept-recrues-dol-lyonnes-passees-au-crible-lequipe","status":"publish","type":"post","link":"https:\/\/www.europesays.com\/fr\/371083\/","title":{"rendered":"Les sept recrues d&#039;OL Lyonnes pass\u00e9es au crible &#8211; L&#039;\u00c9quipe"},"content":{"rendered":"<ol>\n<li><a href=\"https:\/\/news.google.com\/rss\/articles\/CBMinwFBVV95cUxQWkRxU3ZCeS0ycE5kVkFoVWppT3Zkb0FkckotdmM5bVNuVUkxa3JRSkd1MUNLb1RXRm0yNzNaRnc1Rnd0T0RzTncwaFVadnNJb3RieHljd1NSTVBheUxBcFRHWXVjeDVtbmZfZG1jUzdGWHBQeEpyWlNxd3pEYmNvUkxEdXpMLS1mX2dIWm5scVNNTHk3OWNXM3ZLQVdjcTA?oc=5\" target=\"_blank\" rel=\"nofollow noopener\">Les sept recrues d&rsquo;OL Lyonnes pass\u00e9es au crible<\/a>&nbsp;&nbsp;L&rsquo;\u00c9quipe<\/li>\n<li><a href=\"https:\/\/news.google.com\/rss\/articles\/CBMiiAFBVV95cUxOalRrdEpJdDJQRERWRUp5WklTc2N5WjdoYnBFSXBzOGl0WUFvRzdFcmlvV0lqV1pwbzRyYmpfSHdmWnZuc2FJc0VqQTZsN3BBemRKaEZEamVqeWVvRjdyTDBJaHRIMmxZaDJpMTlwdUd1UUJFWUp1bE9zdkh2aTJ4SDRPM2NlaDZp?oc=5\" target=\"_blank\" rel=\"nofollow noopener\">#FCNASSE : Le premier match d&rsquo;Arkema PL en live vid\u00e9o<\/a>&nbsp;&nbsp;ASSE<\/li>\n<li><a href=\"https:\/\/news.google.com\/rss\/articles\/CBMijgFBVV95cUxOaktwQnlEY21jTnpKWkZqUm1KUWpEMkJ2X0JfSmoyY0ZrRTFLbk1aQjk2c05qTW5QMWdMZ3VzNi1fQWl6MXJPNEUzcElCcnJ0S3M5MlBmUk90MDJ6MnVVNWFTV2YzUUk0b1ZvRmw0WEtDUFhsbE56ZHpHSV9FM1pfbHhkNGlFdEdwY215bE93?oc=5\" target=\"_blank\" rel=\"nofollow noopener\">OL Lyonnes &#8211; OM : Ouverture de la saison pour les Lyonnes !<\/a>&nbsp;&nbsp;OL.fr<\/li>\n<li><a href=\"https:\/\/news.google.com\/rss\/articles\/CBMijgJBVV95cUxPSWp2RjIwRm5GWjYyZ1pmajFyakIwTTRhX3dxeW56bHpKZW9hSDRqR0pudWg1VDItcnJScmtVN1hHdTFURm5iazhQVnF4ajd4Z1FYV2lfeU9mUWVpYWJlMDNoRXRVejEzaFF4Q2tWNUIzTkNJZ0dFTmdxNFEwcXB1ay1UVjUtOWhXYmpkQ3pyQUtudXlmeDEwNklBZGRDU2VjUHdBVmx5RHR1dHRYWDk4U0tKRDBmWXRaS0JuM1FsY1VWTmwxWkUyQkJPaThfWHppSnJ0TG5vbEJtdDgySmRLWkRjc1U3RFNXRXFqSDNaNHhKUlh3RmhBZ09aVnpVVlNxZ010M1dzX0taYW53TkE?oc=5\" target=\"_blank\" rel=\"nofollow noopener\">Premi\u00e8re Ligue. Programme, diffusion TV, \u00e9quipes\u2026 Tout savoir de la saison<\/a>&nbsp;&nbsp;Ouest-France<\/li>\n<li><a href=\"https:\/\/news.google.com\/rss\/articles\/CBMihgJBVV95cUxPRm5HbFhzanlNTm8ycFpqMnBzY1M0Wkh5T0d3QUJSVjF0b3FtNzE0SFdsOWZOTGhESGd0dXlnM2dEM3lmS3FDdXFNSHJ4bzNmSWFFUzd0ZWcyRnFsSVVqdzN4YkFWRjN4dnNHQ2VZWm40YXhVOW9YeHBZUnM0cXA5NkZsd2FrZHZvTnhQUnU3NGlNcDNfX2RnOVJMZ01YdVFWSnE3TURRU2JVakcyem50S3N6UjR5Sjd4VkxBWjE3aEQ1ZFAtZ29WbjFsQTI3M096bEgtZmFvajlrczd6X3dVWW5namtrY0JDa0laR1FRU0t3Qi1CMEVRMXljcnh1RF9BWENEbHNR?oc=5\" target=\"_blank\" rel=\"nofollow noopener\">Le r\u00eave \u00e9veill\u00e9 de la Jocondienne Roxane Couasnon, qui va d\u00e9couvrir l\u2019Arkema Premi\u00e8re Ligue<\/a>&nbsp;&nbsp;lanouvellerepublique.fr<\/li>\n<\/ol>\n","protected":false},"excerpt":{"rendered":"Les sept recrues d&rsquo;OL Lyonnes pass\u00e9es au crible&nbsp;&nbsp;L&rsquo;\u00c9quipe #FCNASSE : Le premier match d&rsquo;Arkema PL en live vid\u00e9o&nbsp;&nbsp;ASSE&hellip;\n","protected":false},"author":2,"featured_media":371084,"comment_status":"","ping_status":"","sticky":false,"template":"","format":"standard","meta":{"footnotes":""},"categories":[2],"tags":[11,1011,27,12,25],"class_list":{"0":"post-371083","1":"post","2":"type-post","3":"status-publish","4":"format-standard","5":"has-post-thumbnail","7":"category-actualites","8":"tag-actualites","9":"tag-fr","10":"tag-france","11":"tag-news","12":"tag-republique-francaise"},"share_on_mastodon":{"url":"https:\/\/pubeurope.com\/@fr\/115158476636897908","error":""},"_links":{"self":[{"href":"https:\/\/www.europesays.com\/fr\/wp-json\/wp\/v2\/posts\/371083","targetHints":{"allow":["GET"]}}],"collection":[{"href":"https:\/\/www.europesays.com\/fr\/wp-json\/wp\/v2\/posts"}],"about":[{"href":"https:\/\/www.europesays.com\/fr\/wp-json\/wp\/v2\/types\/post"}],"author":[{"embeddable":true,"href":"https:\/\/www.europesays.com\/fr\/wp-json\/wp\/v2\/users\/2"}],"replies":[{"embeddable":true,"href":"https:\/\/www.europesays.com\/fr\/wp-json\/wp\/v2\/comments?post=371083"}],"version-history":[{"count":0,"href":"https:\/\/www.europesays.com\/fr\/wp-json\/wp\/v2\/posts\/371083\/revisions"}],"wp:featuredmedia":[{"embeddable":true,"href":"https:\/\/www.europesays.com\/fr\/wp-json\/wp\/v2\/media\/371084"}],"wp:attachment":[{"href":"https:\/\/www.europesays.com\/fr\/wp-json\/wp\/v2\/media?parent=371083"}],"wp:term":[{"taxonomy":"category","embeddable":true,"href":"https:\/\/www.europesays.com\/fr\/wp-json\/wp\/v2\/categories?post=371083"},{"taxonomy":"post_tag","embeddable":true,"href":"https:\/\/www.europesays.com\/fr\/wp-json\/wp\/v2\/tags?post=371083"}],"curies":[{"name":"wp","href":"https:\/\/api.w.org\/{rel}","templated":true}]}}