{"id":371085,"date":"2025-09-06T17:14:14","date_gmt":"2025-09-06T17:14:14","guid":{"rendered":"https:\/\/www.europesays.com\/fr\/371085\/"},"modified":"2025-09-06T17:14:14","modified_gmt":"2025-09-06T17:14:14","slug":"les-nouvelles-revelations-sur-laccident-des-espoirs-luxembourgeois-en-bretagne","status":"publish","type":"post","link":"https:\/\/www.europesays.com\/fr\/371085\/","title":{"rendered":"Les nouvelles r\u00e9v\u00e9lations sur l\u2019accident des Espoirs luxembourgeois en Bretagne"},"content":{"rendered":"<p>Alors qu\u2019ils devaient affronter l\u2019\u00e9quipe de France Espoirs vendredi, \u00e0 l\u2019occasion des qualifications pour l\u2019Euro U21 2027, <a href=\"https:\/\/www.footmercato.net\/a2044575227728044332-france-luxembourg-espoirs-reporte-apres-laccident-du-car\" rel=\"nofollow noopener\" target=\"_blank\">les jeunes internationaux luxembourgeois ont \u00e9t\u00e9 victimes d\u2019un impressionnant accident de la route<\/a> : le car qui les transportait a bascul\u00e9 dans un foss\u00e9 au bord de la chauss\u00e9e, \u00e0 la suite d\u2019un malaise du conducteur. Huit personnes ont \u00e9t\u00e9 l\u00e9g\u00e8rement bless\u00e9es, dont quatre joueurs, sur un total de 33 personnes pr\u00e9sentes dans le v\u00e9hicule. Le chef de la d\u00e9l\u00e9gation luxembourgeoise a racont\u00e9 l\u2019accident et l\u2019intervention des pompiers.<\/p>\n<p>            La suite apr\u00e8s cette publicit\u00e9<\/p>\n<p>\u00ab Un membre du staff a vu qu\u2019on changeait de trajectoire et il a cri\u00e9\u00a0: \u00ab\u00a0On va faire un accident !\u00a0\u00bb Tout le monde a baiss\u00e9 la t\u00eate pour se prot\u00e9ger. Cinquante m\u00e8tres plus loin, il y avait un pilier en b\u00e9ton\u2026 On a fr\u00f4l\u00e9 la catastrophe \u00bb, a-t-il expliqu\u00e9 dans les colonnes de L\u2019\u00c9quipe avant de poursuivre. \u00ab Comme on \u00e9tait couch\u00e9s du c\u00f4t\u00e9 des portes, on ne pouvait pas sortir, a repris Hilger. Les premiers secours se sont occup\u00e9s du chauffeur, qui avait perdu connaissance. Chacun avait des bouts de verre dans la peau. On nous a maintenus dans le car entre une heure et demie et deux heures pour des raisons de s\u00e9curit\u00e9. \u00bb Le match entre la France et le Luxembourg a \u00e9t\u00e9 report\u00e9 au 3 octobre 2026. Les Bleuets, de leur c\u00f4t\u00e9, affronteront la Serbie ce lundi soir en match amical.<\/p>\n<p>\n    Pub. le 06\/09\/2025 13:21<br \/>\n            &#8211; MAJ le 06\/09\/2025 16:47\n    <\/p>\n","protected":false},"excerpt":{"rendered":"Alors qu\u2019ils devaient affronter l\u2019\u00e9quipe de France Espoirs vendredi, \u00e0 l\u2019occasion des qualifications pour l\u2019Euro U21 2027, les&hellip;\n","protected":false},"author":2,"featured_media":371086,"comment_status":"","ping_status":"","sticky":false,"template":"","format":"standard","meta":{"footnotes":""},"categories":[2],"tags":[11,1011,27,12,25],"class_list":{"0":"post-371085","1":"post","2":"type-post","3":"status-publish","4":"format-standard","5":"has-post-thumbnail","7":"category-actualites","8":"tag-actualites","9":"tag-fr","10":"tag-france","11":"tag-news","12":"tag-republique-francaise"},"share_on_mastodon":{"url":"https:\/\/pubeurope.com\/@fr\/115158480823162826","error":""},"_links":{"self":[{"href":"https:\/\/www.europesays.com\/fr\/wp-json\/wp\/v2\/posts\/371085","targetHints":{"allow":["GET"]}}],"collection":[{"href":"https:\/\/www.europesays.com\/fr\/wp-json\/wp\/v2\/posts"}],"about":[{"href":"https:\/\/www.europesays.com\/fr\/wp-json\/wp\/v2\/types\/post"}],"author":[{"embeddable":true,"href":"https:\/\/www.europesays.com\/fr\/wp-json\/wp\/v2\/users\/2"}],"replies":[{"embeddable":true,"href":"https:\/\/www.europesays.com\/fr\/wp-json\/wp\/v2\/comments?post=371085"}],"version-history":[{"count":0,"href":"https:\/\/www.europesays.com\/fr\/wp-json\/wp\/v2\/posts\/371085\/revisions"}],"wp:featuredmedia":[{"embeddable":true,"href":"https:\/\/www.europesays.com\/fr\/wp-json\/wp\/v2\/media\/371086"}],"wp:attachment":[{"href":"https:\/\/www.europesays.com\/fr\/wp-json\/wp\/v2\/media?parent=371085"}],"wp:term":[{"taxonomy":"category","embeddable":true,"href":"https:\/\/www.europesays.com\/fr\/wp-json\/wp\/v2\/categories?post=371085"},{"taxonomy":"post_tag","embeddable":true,"href":"https:\/\/www.europesays.com\/fr\/wp-json\/wp\/v2\/tags?post=371085"}],"curies":[{"name":"wp","href":"https:\/\/api.w.org\/{rel}","templated":true}]}}