{"id":371087,"date":"2025-09-06T17:15:11","date_gmt":"2025-09-06T17:15:11","guid":{"rendered":"https:\/\/www.europesays.com\/fr\/371087\/"},"modified":"2025-09-06T17:15:11","modified_gmt":"2025-09-06T17:15:11","slug":"equipe-de-france-deschamps-appelle-coman-apres-les-blessures-de-dembele-et-doue","status":"publish","type":"post","link":"https:\/\/www.europesays.com\/fr\/371087\/","title":{"rendered":"Equipe de France : Deschamps appelle Coman apr\u00e8s les blessures de Demb\u00e9l\u00e9 et Dou\u00e9"},"content":{"rendered":"<p class=\"paragraph text_align_left lp-f-body-02\">Les Bleus ne pouvaient pas rester \u00e0 21 joueurs seulement pour pr\u00e9parer la r\u00e9ception de l\u2019Islande mardi soir (20h45) pour le deuxi\u00e8me match des \u00e9liminatoires de la Coupe du monde 2026. Didier Deschamps a donc fait appel \u00e0 Kingsley Coman en remplacement des deux Parisiens, Ousmane Demb\u00e9l\u00e9 et D\u00e9sir\u00e9 Dou\u00e9 <a href=\"https:\/\/www.leparisien.fr\/sports\/football\/coupe-du-monde\/equipe-de-france-dembele-et-doue-quittent-les-bleus-06-09-2025-R3JHH37A5JB6HP7ASIVXWNWHRA.php\" target=\"_self\" rel=\"nofollow noopener\">qui ont quitt\u00e9 Clairefontaine<\/a> ce samedi matin. Les deux hommes ont \u00e9t\u00e9 victimes, face \u00e0 l\u2019Ukraine (2-0) de d\u00e9chirures musculaires.<\/p>\n<p class=\"paragraph text_align_left lp-f-body-02\">Touch\u00e9 \u00e0 un mollet et sorti \u00e0 la mi-temps d\u2019Ukraine-France vendredi soir, <a href=\"https:\/\/www.leparisien.fr\/sports\/football\/desire-doue\/\" rel=\"nofollow noopener\" target=\"_blank\">D\u00e9sir\u00e9 Dou\u00e9<\/a> va manquer, selon nos informations, trois \u00e0 quatre semaines de comp\u00e9tition. Malgr\u00e9 <a href=\"https:\/\/www.leparisien.fr\/sports\/football\/coupe-du-monde\/equipe-de-france-des-examens-aussi-pour-desire-doue-touche-au-mollet-06-09-2025-ULYBIEZW5RGKDGW7F4CH2SA4E4.php\" rel=\"nofollow noopener\" target=\"_blank\">l\u2019optimisme de son s\u00e9lectionneur Didier Deschamps<\/a>, les examens m\u00e9dicaux du milieu offensif du<a href=\"https:\/\/www.leparisien.fr\/sports\/football\/psg\/\" rel=\"nofollow noopener\" target=\"_blank\"> Paris Saint-Germain <\/a>ont r\u00e9v\u00e9l\u00e9 un premier diagnostic peu rassurant.<\/p>\n<p class=\"paragraph text_align_left lp-f-body-02\">L\u2019ancien Rennais va ainsi manquer \u00e0 l\u2019appel pour la premi\u00e8re rencontre de <a href=\"https:\/\/www.leparisien.fr\/sports\/football\/ligue-des-champions\/\" rel=\"nofollow noopener\" target=\"_blank\">Ligue des champions<\/a> du club de la capitale, pr\u00e9vue contre l\u2019Atalanta Bergame au Parc des Princes le 17 septembre, ainsi que le clasico contre Marseille quatre jours plus tard au stade V\u00e9lodrome. Il reste tr\u00e8s incertain pour le d\u00e9placement des siens sur la pelouse du FC Barcelone, d\u00e9but octobre.<\/p>\n<p class=\"paragraph text_align_left lp-f-body-02\"><a href=\"https:\/\/www.leparisien.fr\/sports\/football\/psg\/psg-ousmane-dembele-absent-six-semaines-apres-sa-blessure-contre-lukraine-06-09-2025-XA5NE3TM7RGKHEWWDEZ65KX7RY.php\" target=\"_blank\" rel=\"noreferrer nofollow noopener\">Demb\u00e9l\u00e9 sera lui absent six semaines<\/a>. Coman, qui a <a href=\"https:\/\/www.leparisien.fr\/sports\/football\/mercato-kingsley-coman-proche-de-signer-a-al-nassr-en-arabie-saoudite-le-club-de-cristiano-ronaldo-10-08-2025-Q5FD47QCKND2VK4V2RLHJ5MQRA.php\" target=\"_blank\" rel=\"noreferrer nofollow noopener\">rejoint cet \u00e9t\u00e9 le club d\u2019Al-Nassr<\/a> en Arabie saoudite, est attendu ce dimanche \u00e0 Clairefontaine.<\/p>\n","protected":false},"excerpt":{"rendered":"Les Bleus ne pouvaient pas rester \u00e0 21 joueurs seulement pour pr\u00e9parer la r\u00e9ception de l\u2019Islande mardi soir&hellip;\n","protected":false},"author":2,"featured_media":371088,"comment_status":"","ping_status":"","sticky":false,"template":"","format":"standard","meta":{"footnotes":""},"categories":[4],"tags":[11,451,63,1011,27,12,25,60],"class_list":{"0":"post-371087","1":"post","2":"type-post","3":"status-publish","4":"format-standard","5":"has-post-thumbnail","7":"category-france","8":"tag-actualites","9":"tag-coupe-du-monde","10":"tag-football","11":"tag-fr","12":"tag-france","13":"tag-news","14":"tag-republique-francaise","15":"tag-sports"},"share_on_mastodon":{"url":"https:\/\/pubeurope.com\/@fr\/115158484425068835","error":""},"_links":{"self":[{"href":"https:\/\/www.europesays.com\/fr\/wp-json\/wp\/v2\/posts\/371087","targetHints":{"allow":["GET"]}}],"collection":[{"href":"https:\/\/www.europesays.com\/fr\/wp-json\/wp\/v2\/posts"}],"about":[{"href":"https:\/\/www.europesays.com\/fr\/wp-json\/wp\/v2\/types\/post"}],"author":[{"embeddable":true,"href":"https:\/\/www.europesays.com\/fr\/wp-json\/wp\/v2\/users\/2"}],"replies":[{"embeddable":true,"href":"https:\/\/www.europesays.com\/fr\/wp-json\/wp\/v2\/comments?post=371087"}],"version-history":[{"count":0,"href":"https:\/\/www.europesays.com\/fr\/wp-json\/wp\/v2\/posts\/371087\/revisions"}],"wp:featuredmedia":[{"embeddable":true,"href":"https:\/\/www.europesays.com\/fr\/wp-json\/wp\/v2\/media\/371088"}],"wp:attachment":[{"href":"https:\/\/www.europesays.com\/fr\/wp-json\/wp\/v2\/media?parent=371087"}],"wp:term":[{"taxonomy":"category","embeddable":true,"href":"https:\/\/www.europesays.com\/fr\/wp-json\/wp\/v2\/categories?post=371087"},{"taxonomy":"post_tag","embeddable":true,"href":"https:\/\/www.europesays.com\/fr\/wp-json\/wp\/v2\/tags?post=371087"}],"curies":[{"name":"wp","href":"https:\/\/api.w.org\/{rel}","templated":true}]}}