{"id":371093,"date":"2025-09-06T17:21:10","date_gmt":"2025-09-06T17:21:10","guid":{"rendered":"https:\/\/www.europesays.com\/fr\/371093\/"},"modified":"2025-09-06T17:21:10","modified_gmt":"2025-09-06T17:21:10","slug":"javais-deja-laisse-tomber-alex-meritait-la-victoire","status":"publish","type":"post","link":"https:\/\/www.europesays.com\/fr\/371093\/","title":{"rendered":"J&rsquo;avais d\u00e9j\u00e0 laiss\u00e9 tomber, \u00c1lex m\u00e9ritait la victoire"},"content":{"rendered":"<p><a href=\"https:\/\/fr.motorsport.com\/driver\/marc-marquez\/92646\/\" target=\"_blank\" rel=\"noopener\">Marc M\u00e1rquez<\/a> a certes gagn\u00e9 un 14e sprint sur les 15 disput\u00e9s cette ann\u00e9e, mais cette fois, il le sait, la victoire aurait d\u00fb revenir \u00e0 un autre. Son fr\u00e8re \u00c1lex, qu&rsquo;il avait d\u00e9sign\u00e9 favori depuis bien longtemps, a bel et bien \u00e9t\u00e9 \u00e0 la hauteur des attentes en termes de vitesse, comme il l&rsquo;a prouv\u00e9 en d\u00e9crochant la pole, en battant largement le record de la piste et en s&rsquo;\u00e9chappant en t\u00eate de la course. Mais une erreur de sa part a finalement propuls\u00e9 la Ducati #93 vers la m\u00e9daille d&rsquo;or.<\/p>\n<p>\u00ab\u00a0\u00c1lex \u00e9tait \u00e9videmment le plus rapide aujourd&rsquo;hui. C&rsquo;est gr\u00e2ce \u00e0 son erreur que j&rsquo;ai pu remporter la course\u00a0\u00bb, affirme le vainqueur du jour. \u00ab\u00a0Si vous regardez les chronos, j&rsquo;avais d\u00e9j\u00e0 laiss\u00e9 tomber. Deux tours plus t\u00f4t, j&rsquo;avais baiss\u00e9 les bras parce qu&rsquo;il \u00e9tait plus rapide que moi.\u00a0\u00bb<\/p>\n<p>\u00ab\u00a0Aujourd&rsquo;hui, j&rsquo;ai des sentiments mitig\u00e9s : je suis content pour la victoire, mais je suis [d\u00e9sol\u00e9] pour mon fr\u00e8re, parce qu&rsquo;aujourd&rsquo;hui, c&rsquo;est lui qui m\u00e9ritait la victoire\u00a0\u00bb, poursuit le pilote espagnol, qui fait toujours de son fr\u00e8re le favori pour la course principale au programme dimanche. \u00ab\u00a0Pour moi, oui\u00a0\u00bb, affirme-t-il \u00e0 ce sujet. \u00ab\u00a0Depuis les EL1, il a \u00e9t\u00e9 le plus rapide en piste.\u00a0\u00bb<\/p>\n<p>Lire aussi :<\/p>\n<p>\u00ab\u00a0J&rsquo;ai essay\u00e9 pendant le sprint, j&rsquo;ai fait le maximum. C&rsquo;est la raison pour laquelle j&rsquo;ai \u00e9t\u00e9 super agressif dans le premier tour, pour essayer d&rsquo;\u00eatre le plus proche possible d&rsquo;\u00c1lex. Mais avec ces d\u00e9passements [sur\u00a0<a href=\"https:\/\/fr.motorsport.com\/driver\/fabio-quartararo\/109400\/\" target=\"_blank\" rel=\"noopener\">Fabio Quartararo<\/a> et <a href=\"https:\/\/fr.motorsport.com\/driver\/pedro-acosta\/840236\/\" target=\"_blank\" rel=\"noopener\">Pedro Acosta<\/a>], il a encore plus creus\u00e9 son avance. Ensuite, pendant deux tours, j&rsquo;ai pouss\u00e9 au maximum, comme dans des qualifs, mais j&rsquo;ai vu qu&rsquo;il \u00e9tait plus rapide.\u00a0\u00bb<\/p>\n<p>Marc M\u00e1rquez a lui aussi failli tomber<\/p>\n<p>Si la victoire lui a \u00e9t\u00e9 servie sur un plateau, Marc M\u00e1rquez a bien failli la laisser filer \u00e0 trois tours de l&rsquo;arriv\u00e9e. Les images ont en effet montr\u00e9 qu&rsquo;il s&rsquo;est lui-m\u00eame fait une grosse chaleur et qu&rsquo;il a \u00e9vit\u00e9 de justesse une chute dans le virage 7. Avant cela, il s&rsquo;\u00e9tait d\u00e9j\u00e0 fait une frayeur dans le virage 10, celui qui a vu son fr\u00e8re tomber.<\/p>\n<p>\u00ab\u00a0Avec cette moto, comme on l&rsquo;a vu l&rsquo;ann\u00e9e derni\u00e8re dans la course sprint avec Pecco [Bagnaia], comme on l&rsquo;a vu aujourd&rsquo;hui avec \u00c1lex\u2026 Dans le tour qui a suivi la chute d&rsquo;\u00c1lex, je me suis rattrap\u00e9 avec [le coude] gauche dans le virage 7. Parfois, on se rel\u00e2che, l&rsquo;\u00e9quilibre de la moto change, et on commet des erreurs\u00a0\u00bb, explique-t-il.<\/p>\n<p>\u00a0<\/p>\n<p>Quant \u00e0 la responsabilit\u00e9 de son fr\u00e8re, qui a expliqu\u00e9 s&rsquo;\u00eatre rel\u00e2ch\u00e9 alors qu&rsquo;il dominait cette course, l&rsquo;a\u00een\u00e9 des M\u00e1rquez pense la comprendre ais\u00e9ment. \u00ab\u00a0Il faudrait lui poser la question mais je pense qu&rsquo;il n&rsquo;attaquait pas \u00e0 100% dans ce tour-l\u00e0. Or, quand on se d\u00e9tend un peu, on entre dans les virages sans faire d\u00e9raper la roue arri\u00e8re et on force davantage sur l&rsquo;avant. Car quand on pousse davantage, on cr\u00e9e plus de transfert \u00e0 l&rsquo;avant et on a des d\u00e9rapages. Mais ce virage 10 \u00e9tait tr\u00e8s critique. Deux tours plus t\u00f4t, j&rsquo;avais fait une erreur et c&rsquo;est la raison pour laquelle j&rsquo;ai laiss\u00e9 tomber.\u00a0\u00bb<\/p>\n<p>Peut-on dire ce soir que c&rsquo;est son exp\u00e9rience qui a fait la diff\u00e9rence ? \u00ab\u00a0Plus que l&rsquo;exp\u00e9rience, c&rsquo;est la confiance\u00a0\u00bb, r\u00e9pond-il. \u00ab\u00a0Je sors d&rsquo;une grande s\u00e9rie de victoires, et j&rsquo;ai donc cette confiance sur la moto qui me permet de savoir quand rel\u00e2cher et quand attaquer. [\u00c1lex] sort d&rsquo;une p\u00e9riode tr\u00e8s \u00e9trange depuis sa blessure \u00e0 la main. En \u00e9tant \u00e0 nouveau en t\u00eate, il attaquait. Mais le plus important, c&rsquo;est d&rsquo;\u00eatre rapide. Si vous \u00eates rapide, vous \u00e9viterez les erreurs \u00e0 l&rsquo;avenir.\u00a0\u00bb<\/p>\n<\/p>\n<p>Dans cet article<\/p>\n<p>Soyez le premier inform\u00e9 et souscrivez aux alertes mails pour recevoir les infos en temps r\u00e9el<\/p>\n<p>    S&rsquo;abonner aux alertes de news<\/p>\n","protected":false},"excerpt":{"rendered":"Marc M\u00e1rquez a certes gagn\u00e9 un 14e sprint sur les 15 disput\u00e9s cette ann\u00e9e, mais cette fois, il&hellip;\n","protected":false},"author":2,"featured_media":371094,"comment_status":"","ping_status":"","sticky":false,"template":"","format":"standard","meta":{"footnotes":""},"categories":[1413],"tags":[25466,4950,1011,27,48377,5038,50531,1457,1456,1458,60,50532],"class_list":{"0":"post-371093","1":"post","2":"type-post","3":"status-publish","4":"format-standard","5":"has-post-thumbnail","7":"category-moto","8":"tag-circuit-de-barcelona-catalunya","9":"tag-ducati-team","10":"tag-fr","11":"tag-france","12":"tag-gp-de-catalogne","13":"tag-marc-mu00e1rquez","14":"tag-marc-mu00e1rquez-javais-du00e9ju00e0-laissu00e9-tomber","15":"tag-moto","16":"tag-motocycle","17":"tag-motogp","18":"tag-sports","19":"tag-u00c1lex-mu00e9ritait-la-victoire"},"share_on_mastodon":{"url":"https:\/\/pubeurope.com\/@fr\/115158508151433286","error":""},"_links":{"self":[{"href":"https:\/\/www.europesays.com\/fr\/wp-json\/wp\/v2\/posts\/371093","targetHints":{"allow":["GET"]}}],"collection":[{"href":"https:\/\/www.europesays.com\/fr\/wp-json\/wp\/v2\/posts"}],"about":[{"href":"https:\/\/www.europesays.com\/fr\/wp-json\/wp\/v2\/types\/post"}],"author":[{"embeddable":true,"href":"https:\/\/www.europesays.com\/fr\/wp-json\/wp\/v2\/users\/2"}],"replies":[{"embeddable":true,"href":"https:\/\/www.europesays.com\/fr\/wp-json\/wp\/v2\/comments?post=371093"}],"version-history":[{"count":0,"href":"https:\/\/www.europesays.com\/fr\/wp-json\/wp\/v2\/posts\/371093\/revisions"}],"wp:featuredmedia":[{"embeddable":true,"href":"https:\/\/www.europesays.com\/fr\/wp-json\/wp\/v2\/media\/371094"}],"wp:attachment":[{"href":"https:\/\/www.europesays.com\/fr\/wp-json\/wp\/v2\/media?parent=371093"}],"wp:term":[{"taxonomy":"category","embeddable":true,"href":"https:\/\/www.europesays.com\/fr\/wp-json\/wp\/v2\/categories?post=371093"},{"taxonomy":"post_tag","embeddable":true,"href":"https:\/\/www.europesays.com\/fr\/wp-json\/wp\/v2\/tags?post=371093"}],"curies":[{"name":"wp","href":"https:\/\/api.w.org\/{rel}","templated":true}]}}