{"id":371095,"date":"2025-09-06T17:22:15","date_gmt":"2025-09-06T17:22:15","guid":{"rendered":"https:\/\/www.europesays.com\/fr\/371095\/"},"modified":"2025-09-06T17:22:15","modified_gmt":"2025-09-06T17:22:15","slug":"la-deuxieme-place-nest-pas-une-mauvaise-position","status":"publish","type":"post","link":"https:\/\/www.europesays.com\/fr\/371095\/","title":{"rendered":"La deuxi\u00e8me place n&rsquo;est pas une mauvaise position"},"content":{"rendered":"<p>Apr\u00e8s son abandon lors du Grand Prix des Pays-Bas le week-end dernier, <a href=\"https:\/\/fr.motorsport.com\/driver\/lando-norris\/289708\/\" target=\"_blank\" rel=\"noopener\">Lando Norris<\/a> se retrouve \u00e0 34 points derri\u00e8re <a href=\"https:\/\/fr.motorsport.com\/driver\/oscar-piastri\/835356\/\" target=\"_blank\" rel=\"noopener\">Oscar Piastri<\/a> dans la course au titre mondial. Avec la fin de saison qui se rapproche plus rapidement qu&rsquo;on ne le pense, il n&rsquo;a d&rsquo;autres choix que de battre son co\u00e9quipier lors des prochaines manches.<\/p>\n<p>En Italie ce week-end, le pilote <a href=\"https:\/\/fr.motorsport.com\/team\/mclaren\/609\/\" target=\"_blank\" rel=\"noopener\">McLaren<\/a> a vite relev\u00e9 la t\u00eate. Meilleur temps lors des EL2 et EL3, Lando Norris n&rsquo;a peut-\u00eatre pas sign\u00e9 la pole position lors des qualifications, mais il a battu l&rsquo;Australien, qui s&rsquo;\u00e9lancera juste derri\u00e8re lui sur la grille de d\u00e9part, \u00e0 la troisi\u00e8me place. Un r\u00e9sultat qui satisfait le Britannique, \u00e9tant donn\u00e9 que sa principale menace n&rsquo;est pas devant mais derri\u00e8re lui.<\/p>\n<p>\u00ab\u00a0Max a \u00e9t\u00e9 plus rapide ce week-end et ce n&rsquo;est jamais une surprise avec lui\u00a0\u00bb, d\u00e9clare Lando Norris au micro de <a href=\"https:\/\/fr.motorsport.com\/driver\/nico-rosberg\/77634\/\" target=\"_blank\" rel=\"noopener\">Nico Rosberg<\/a>. \u00ab\u00a0J&rsquo;ai eu une s\u00e9ance assez difficile, avec des hauts et des bas, et trop d&rsquo;erreurs ici et l\u00e0, mais le fait d&rsquo;avoir r\u00e9ussi le dernier tour \u00e9tait&#8230; J&rsquo;\u00e9tais tr\u00e8s heureux. Je suis donc content d&rsquo;\u00eatre en deuxi\u00e8me position.\u00a0\u00bb<\/p>\n<p>   <img decoding=\"async\" draggable=\"false\" src=\"https:\/\/www.europesays.com\/fr\/wp-content\/uploads\/2025\/09\/1757179333_430_lando-norris-mclaren-oscar-pia.jpg\" alt=\"Lando Norris et Oscar Piastri.\" width=\"1200\" height=\"800\" loading=\"lazy\"\/> <\/p>\n<p class=\"title\">Lando Norris et Oscar Piastri.<\/p>\n<p class=\"photographer\">Photo de: Zak Mauger \/ LAT Images via Getty Images<\/p>\n<p>\u00ab\u00a0La deuxi\u00e8me place n&rsquo;est pas une mauvaise position sur la grille de d\u00e9part. Je veux \u00eatre devant tout le monde, y compris mes concurrents au championnat et Oscar. Donc oui, c&rsquo;est une bonne position pour demain et je suis excit\u00e9 pour la course.\u00a0\u00bb<\/p>\n<p>Avec un rythme de course assez impressionnant lors des diff\u00e9rentes s\u00e9ances d&rsquo;essais libres, Lando Norris a espoir de poursuivre sur cette lanc\u00e9e dimanche. Seulement, le Britannique \u00e9voque \u00e9galement le rythme de course affich\u00e9 par <a href=\"https:\/\/fr.motorsport.com\/team\/red-bull\/553\/\" target=\"_blank\" rel=\"noopener\">Red Bull<\/a> tout au long du week-end, ainsi que la menace <a href=\"https:\/\/fr.motorsport.com\/team\/ferrari\/615\/\" target=\"_blank\" rel=\"noopener\">Ferrari<\/a> derri\u00e8re lui, avec <a href=\"https:\/\/fr.motorsport.com\/driver\/charles-leclerc\/109632\/\" target=\"_blank\" rel=\"noopener\">Charles Leclerc<\/a> au quatri\u00e8me rang.<\/p>\n<p>\u00ab\u00a0La course du dimanche est normalement notre force. Pour d\u00e9passer Max, je suis s\u00fbr que ce sera un grand d\u00e9fi, mais nous verrons. Leur rythme \u00e9tait \u00e9galement tr\u00e8s \u00e9lev\u00e9. Si vous regardez la fin du relais, ils font les m\u00eames chronos que nous. Je ne m&rsquo;attends pas \u00e0 des choses magiques et nous avons Ferrari derri\u00e8re nous. Je suis s\u00fbr que nous allons vouloir passer le plus vite possible. C&rsquo;est donc une longue course. Beaucoup de choses peuvent arriver et nous verrons ce que nous pouvons faire.\u00a0\u00bb<\/p>\n<p>Oscar Piastri vise \u00ab\u00a0quelques victoires de plus\u00a0\u00bb<\/p>\n<p>Oscar Piastri, l\u00e9g\u00e8rement en dessous de son co\u00e9quipier tout au long du week-end, s&rsquo;\u00e9lancera de la troisi\u00e8me place. Une position pas si d\u00e9savantageuse sur un trac\u00e9 comme celui-ci o\u00f9 l&rsquo;aspiration peut faire la diff\u00e9rence jusqu&rsquo;au premier virage. Avec cela, l&rsquo;Australien ne semble pas d\u00e9\u00e7u de sa s\u00e9ance de qualifications, m\u00eame s&rsquo;il esp\u00e9rait viser plus haut.<\/p>\n<p>   <img decoding=\"async\" draggable=\"false\" src=\"https:\/\/www.europesays.com\/fr\/wp-content\/uploads\/2025\/09\/oscar-piastri-mclaren.jpg\" alt=\"Oscar Piastri (McLaren).\" width=\"1200\" height=\"800\" loading=\"lazy\"\/> <\/p>\n<p class=\"title\">Oscar Piastri (McLaren).<\/p>\n<p class=\"photographer\">Photo de: Steven Tee \/ LAT Images via Getty Images<\/p>\n<p>\u00ab\u00a0Le reste du tour s&rsquo;est d\u00e9roul\u00e9 sans encombre, donc j&rsquo;ai l&rsquo;impression d&rsquo;avoir fait une bonne s\u00e9ance. Je me suis un peu pr\u00e9par\u00e9 au d\u00e9part et j&rsquo;ai trouv\u00e9 mes marques, mais \u00e7a a \u00e9t\u00e9 incroyablement serr\u00e9 ce week-end. Max et Red Bull sont rapides, comme beaucoup d&rsquo;\u00e9quipes. Cela n&rsquo;a pas \u00e9t\u00e9 aussi confortable pour nous, donc oui, le r\u00e9sultat n&rsquo;est pas une grande surprise. \u00c9videmment, nous aurions aim\u00e9 \u00eatre un peu plus haut.\u00a0\u00bb<\/p>\n<p>Lorsqu&rsquo;on lui demande s&rsquo;il pense d\u00e9sormais au championnat lors de ses diff\u00e9rents tours de qualifications, Oscar Piastri r\u00e9pond :\u00a0\u00ab\u00a0Quand vous \u00eates dans votre tour, vous y allez et vous visez la pole. Vous ne savez pas ce que les autres vont pouvoir faire. Donc sur le moment, vous \u00eates \u00e0 fond.\u00a0Il y a encore un long chemin \u00e0 parcourir et j&rsquo;essaierai de gagner quelques places demain parce que j&rsquo;aimerais quelques victoires de plus si je le peux.\u00a0\u00bb<\/p>\n<p>Lire aussi :<\/p>\n<p>Dans cet article<\/p>\n<p>Soyez le premier inform\u00e9 et souscrivez aux alertes mails pour recevoir les infos en temps r\u00e9el<\/p>\n<p>    S&rsquo;abonner aux alertes de news<\/p>\n","protected":false},"excerpt":{"rendered":"Apr\u00e8s son abandon lors du Grand Prix des Pays-Bas le week-end dernier, Lando Norris se retrouve \u00e0 34&hellip;\n","protected":false},"author":2,"featured_media":371096,"comment_status":"","ping_status":"","sticky":false,"template":"","format":"standard","meta":{"footnotes":""},"categories":[1412],"tags":[50050,1451,1452,1453,1454,1455,1011,27,31123,2243,4475,50533,2241,60],"class_list":{"0":"post-371095","1":"post","2":"type-post","3":"status-publish","4":"format-standard","5":"has-post-thumbnail","7":"category-f1","8":"tag-autodromo-nazionale-monza","9":"tag-f1","10":"tag-formula-1","11":"tag-formula1","12":"tag-formule-1","13":"tag-formule1","14":"tag-fr","15":"tag-france","16":"tag-gp-ditalie","17":"tag-lando-norris","18":"tag-mclaren","19":"tag-norris-la-deuxiu00e8me-place-nest-pas-une-mauvaise-position","20":"tag-oscar-piastri","21":"tag-sports"},"share_on_mastodon":{"url":"https:\/\/pubeurope.com\/@fr\/115158512483234844","error":""},"_links":{"self":[{"href":"https:\/\/www.europesays.com\/fr\/wp-json\/wp\/v2\/posts\/371095","targetHints":{"allow":["GET"]}}],"collection":[{"href":"https:\/\/www.europesays.com\/fr\/wp-json\/wp\/v2\/posts"}],"about":[{"href":"https:\/\/www.europesays.com\/fr\/wp-json\/wp\/v2\/types\/post"}],"author":[{"embeddable":true,"href":"https:\/\/www.europesays.com\/fr\/wp-json\/wp\/v2\/users\/2"}],"replies":[{"embeddable":true,"href":"https:\/\/www.europesays.com\/fr\/wp-json\/wp\/v2\/comments?post=371095"}],"version-history":[{"count":0,"href":"https:\/\/www.europesays.com\/fr\/wp-json\/wp\/v2\/posts\/371095\/revisions"}],"wp:featuredmedia":[{"embeddable":true,"href":"https:\/\/www.europesays.com\/fr\/wp-json\/wp\/v2\/media\/371096"}],"wp:attachment":[{"href":"https:\/\/www.europesays.com\/fr\/wp-json\/wp\/v2\/media?parent=371095"}],"wp:term":[{"taxonomy":"category","embeddable":true,"href":"https:\/\/www.europesays.com\/fr\/wp-json\/wp\/v2\/categories?post=371095"},{"taxonomy":"post_tag","embeddable":true,"href":"https:\/\/www.europesays.com\/fr\/wp-json\/wp\/v2\/tags?post=371095"}],"curies":[{"name":"wp","href":"https:\/\/api.w.org\/{rel}","templated":true}]}}