{"id":371099,"date":"2025-09-06T17:24:10","date_gmt":"2025-09-06T17:24:10","guid":{"rendered":"https:\/\/www.europesays.com\/fr\/371099\/"},"modified":"2025-09-06T17:24:10","modified_gmt":"2025-09-06T17:24:10","slug":"dembele-absent-plusieurs-semaines-doue-forfait-pour-latalanta-et-lom","status":"publish","type":"post","link":"https:\/\/www.europesays.com\/fr\/371099\/","title":{"rendered":"Demb\u00e9l\u00e9 absent plusieurs semaines, Dou\u00e9 forfait pour l\u2019Atalanta et l&rsquo;OM"},"content":{"rendered":"<p>INFO RMC SPORT &#8211; Touch\u00e9 \u00e0 la cuisse droite lors du match Ukraine-France, Ousmane Demb\u00e9l\u00e9 manquera au moins six semaines de comp\u00e9tition, selon nos informations. D\u00e9sir\u00e9 Dou\u00e9, lui, sera absent 3 \u00e0 4 semaines.<\/p>\n<p>Un \u00e9norme coup dur. Sorti sur blessure vendredi soir lors de la victoire de l\u2019\u00e9quipe de France face \u00e0 l\u2019Ukraine (2-0), dans le cadre des qualifications pour la Coupe du monde 2026, <a href=\"https:\/\/rmcsport.bfmtv.com\/football\/ousmane-dembele_DN-202210100814.html\" title=\"Ousmane Demb\u00e9l\u00e9\" class=\"internal_link\" rel=\"nofollow noopener\" target=\"_blank\">Ousmane Demb\u00e9l\u00e9<\/a> va devoir ronger son frein. Ses examens pass\u00e9s ce samedi ont confirm\u00e9 la mauvaise nouvelle: il sera \u00e9loign\u00e9 des terrains au moins six semaines, selon nos informations. Ce qui ne va pas arranger les relations entre le staff des Bleus et le PSG. Au sein du club parisien, on est d\u00e9pit\u00e9 apr\u00e8s l\u2019annonce de cette longue absence de Demb\u00e9l\u00e9.<\/p>\n<p><a href=\"https:\/\/rmcsport.bfmtv.com\/football\/equipe-de-france\/le-psg-furieux-apres-la-blessure-d-ousmane-dembele-lors-d-ukraine-france-le-staff-des-bleus-dans-le-viseur_AP-202509050941.html\" title=\"Le PSG furieux apr\u00e8s la blessure d&#039;Ousmane Demb\u00e9l\u00e9 lors d&#039;Ukraine-France, le staff des Bleus dans le viseur\" class=\"internal_link\" rel=\"nofollow noopener\" target=\"_blank\">Comme expliqu\u00e9 par RMC Sport<\/a>, le club de la capitale affirme avoir demand\u00e9 \u00e0 ne pas faire jouer Demb\u00e9l\u00e9 au regard de son \u00e9tat de fatigue. C\u00f4t\u00e9 parisien, on estime que le staff de l\u2019\u00e9quipe de France a ignor\u00e9 ces recommandations en sollicitant l\u2019ancien Rennais d\u00e8s ce premier match contre l\u2019Ukraine, sans m\u00eame attendre le rendez-vous de mardi face \u00e0 l\u2019Islande (20h45).\u00a0<\/p>\n<p>Dou\u00e9 aussi absent pour le retour de la Ligue des champions<\/p>\n<p>Surtout, Demb\u00e9l\u00e9 est arriv\u00e9 diminu\u00e9 \u00e0 ce rassemblement, apr\u00e8s avoir \u00e9t\u00e9 touch\u00e9 \u00e0 la cuisse gauche en Ligue 1 le week-end dernier. Cette fois, c\u2019est la cuisse droite qui a grinc\u00e9 chez le favori du prochain Ballon d\u2019or. Lanc\u00e9 en seconde p\u00e9riode \u00e0 la place de D\u00e9sir\u00e9 Dou\u00e9, touch\u00e9 de son c\u00f4t\u00e9 au mollet, Demb\u00e9l\u00e9 a d\u00fb quitter ses co\u00e9quipiers d\u00e8s la 81e\u00a0minute.\u00a0<\/p>\n<p>Et comme une mauvaise nouvelle n\u2019arrive jamais seule, <a href=\"https:\/\/rmcsport.bfmtv.com\/football\/equipe-de-france\/coup-dur-pour-le-psg-desire-doue-quitte-le-rassemblement-des-bleus-apres-une-alerte-au-mollet_AV-202509060214.html\" title=\"Coup dur pour le PSG: D\u00e9sir\u00e9 Dou\u00e9 quitte le rassemblement des Bleus apr\u00e8s une alerte au mollet\" class=\"internal_link\" rel=\"nofollow noopener\" target=\"_blank\">D\u00e9sir\u00e9 Dou\u00e9<\/a> rejoint aussi l\u2019infirmerie. L\u2019indisponibilit\u00e9 de l\u2019ancien Rennais est elle \u00e9tablie entre trois et quatre semaines. Il va manquer le retour de la Ligue des champions le 17 septembre face \u00e0 Bergame, et aussi le d\u00e9placement au V\u00e9lodrome face \u00e0 l&rsquo;OM, le 21 septembre.<\/p>\n<p>Pour Paris, c\u2019est \u00e9videmment deux coups durs alors que se profile un calendrier tr\u00e8s charg\u00e9 avec notamment les premiers matchs de Ligue des champions (r\u00e9ception de l\u2019Atalanta le 17 septembre, d\u00e9placement au Bar\u00e7a le 1er\u00a0octobre), et plusieurs matchs en Ligue 1 (r\u00e9ception de Lens le 14 septembre, d\u00e9placement \u00e0 Marseille le 21 septembre, r\u00e9ception d&rsquo;Auxerre le 27 septembre, d\u00e9placement \u00e0 Lille le 5 octobre).<\/p>\n<p>La cellule Equipe de France<\/p>\n","protected":false},"excerpt":{"rendered":"INFO RMC SPORT &#8211; Touch\u00e9 \u00e0 la cuisse droite lors du match Ukraine-France, Ousmane Demb\u00e9l\u00e9 manquera au moins&hellip;\n","protected":false},"author":2,"featured_media":371100,"comment_status":"","ping_status":"","sticky":false,"template":"","format":"standard","meta":{"footnotes":""},"categories":[1410],"tags":[63,1011,27,60],"class_list":{"0":"post-371099","1":"post","2":"type-post","3":"status-publish","4":"format-standard","5":"has-post-thumbnail","7":"category-football","8":"tag-football","9":"tag-fr","10":"tag-france","11":"tag-sports"},"share_on_mastodon":{"url":"https:\/\/pubeurope.com\/@fr\/115158519898992408","error":""},"_links":{"self":[{"href":"https:\/\/www.europesays.com\/fr\/wp-json\/wp\/v2\/posts\/371099","targetHints":{"allow":["GET"]}}],"collection":[{"href":"https:\/\/www.europesays.com\/fr\/wp-json\/wp\/v2\/posts"}],"about":[{"href":"https:\/\/www.europesays.com\/fr\/wp-json\/wp\/v2\/types\/post"}],"author":[{"embeddable":true,"href":"https:\/\/www.europesays.com\/fr\/wp-json\/wp\/v2\/users\/2"}],"replies":[{"embeddable":true,"href":"https:\/\/www.europesays.com\/fr\/wp-json\/wp\/v2\/comments?post=371099"}],"version-history":[{"count":0,"href":"https:\/\/www.europesays.com\/fr\/wp-json\/wp\/v2\/posts\/371099\/revisions"}],"wp:featuredmedia":[{"embeddable":true,"href":"https:\/\/www.europesays.com\/fr\/wp-json\/wp\/v2\/media\/371100"}],"wp:attachment":[{"href":"https:\/\/www.europesays.com\/fr\/wp-json\/wp\/v2\/media?parent=371099"}],"wp:term":[{"taxonomy":"category","embeddable":true,"href":"https:\/\/www.europesays.com\/fr\/wp-json\/wp\/v2\/categories?post=371099"},{"taxonomy":"post_tag","embeddable":true,"href":"https:\/\/www.europesays.com\/fr\/wp-json\/wp\/v2\/tags?post=371099"}],"curies":[{"name":"wp","href":"https:\/\/api.w.org\/{rel}","templated":true}]}}