{"id":371101,"date":"2025-09-06T17:25:09","date_gmt":"2025-09-06T17:25:09","guid":{"rendered":"https:\/\/www.europesays.com\/fr\/371101\/"},"modified":"2025-09-06T17:25:09","modified_gmt":"2025-09-06T17:25:09","slug":"comment-elle-garde-la-forme-a-82-ans-il-me-faut-de-laction","status":"publish","type":"post","link":"https:\/\/www.europesays.com\/fr\/371101\/","title":{"rendered":"Comment elle garde la forme \u00e0 82\u00a0ans&#8230; \u00ab\u00a0Il me faut de l&rsquo;action\u00a0!\u00a0\u00bb"},"content":{"rendered":"<p>\n                Dani\u00e8le Gilbert, qui est \u00e0 l&rsquo;affiche d&rsquo;une nouvelle pi\u00e8ce de th\u00e9\u00e2tre, continue de nous surprendre par son dynamisme et sa spontan\u00e9it\u00e9. Mais comment la com\u00e9dienne de 82\u00a0ans fait-elle pour garder la forme\u00a0? Elle s&rsquo;est confi\u00e9e sans fard sur le plateau de la matinale \u00ab\u00a0Bonjour\u00a0\u00bb&#8230;            <\/p>\n<p><a href=\"https:\/\/www.journaldesfemmes.fr\/people\/personnalites\/2754745-daniele-gilbert-age-retraite-argent-hanouna-mort-epoux-patrick-scemama\/\" title=\"Dani\u00e8le Gilbert\" rel=\"nofollow noopener\" target=\"_blank\">Dani\u00e8le Gilbert<\/a>, actuellement\u00a0\u00e0 l&rsquo;affiche de la pi\u00e8ce de th\u00e9\u00e2tre Lit d&#8217;embrouilles, sillonne les routes de France pour assurer ses repr\u00e9sentations. Mais comment fait-elle pour garder la forme, du haut de ses 82\u00a0ans ?\u00a0Invit\u00e9e sur le plateau de la matinale Bonjour, sur TF1, l&rsquo;octog\u00e9naire a r\u00e9v\u00e9l\u00e9 comment elle gardait la p\u00eache\u2026<\/p>\n<p>Dani\u00e8le Gilbert, son secret pour rester en forme \u00e0 82\u00a0ans : \u00ab\u00a0Ce qui m&rsquo;\u00e9puise, c&rsquo;est&#8230;\u00a0\u00bb<\/p>\n<p>A 82 ans, Dani\u00e8le Gilbert a-t-elle l&rsquo;\u00e9nergie n\u00e9cessaire pour assurer la tourn\u00e9e d&rsquo;une pi\u00e8ce de th\u00e9\u00e2tre \u00e0 travers la France ? Plut\u00f4t deux fois qu&rsquo;une !\u00a0\u00ab\u00a0Moi, ce qui m&rsquo;\u00e9puise, c&rsquo;est le canap\u00e9-t\u00e9l\u00e9 ! Moi, il me faut de l&rsquo;action !\u00a0\u00bb, a-t-elle l\u00e2ch\u00e9 spontan\u00e9ment sur le plateau de la matinale de TF1.\u00a0Et pour rester en forme, en plus de poursuivre une carri\u00e8re de mani\u00e8re relativement active, elle ne n\u00e9glige pas l&rsquo;exercice physique :\u00a0\u00ab\u00a0Je fais du sport. J&rsquo;ai de l&rsquo;\u00e9nergie, donc il faut que je la d\u00e9pense !\u00a0\u00bb.<\/p>\n<p>L&rsquo;ancienne speakerine parvient d&rsquo;ailleurs, sans trop de difficult\u00e9s, \u00e0 maintenir une bonne hygi\u00e8ne de vie. La com\u00e9dienne, qui n&rsquo;est pas une afficionado \u00ab\u00a0de vin ni de champagne\u00a0\u00bb, n&rsquo;a pas vraiment de travers alimentaires ou festifs.\u00a0\u00ab\u00a0Je ne me force pas. \u00c0 c\u00f4t\u00e9 de \u00e7a, j&rsquo;ai une phobie du beurre, du gras et des cr\u00e8mes, c&rsquo;est un peu maladif, \u00e7a me d\u00e9go\u00fbte\u00a0\u00bb, avait expliqu\u00e9 \u00e0 Gala\u00a0celle qui ne fume pas, ne s&rsquo;expose presque pas au soleil et mange sans exc\u00e8s.<\/p>\n<p>Dani\u00e8le Gilbert et la vieillesse : confidences cash sur la chirurgie esth\u00e9tique<\/p>\n<p>Dani\u00e8le Gilbert l&rsquo;assure : elle n&rsquo;a jamais\u00a0eu recours \u00e0 la chirurgie esth\u00e9tique, mais elle doit tout \u00e0 sa g\u00e9n\u00e9tique ! \u00ab\u00a0Je n&rsquo;ai rien fait\u00a0! Il faut y croire. Je n&rsquo;ai pas fait de petites piq\u00fbres. Vous auriez vu ma maman \u00e0 89\u00a0ans, j&rsquo;ai plus de rides qu&rsquo;elle\u00a0\u00bb, avait-elle assur\u00e9 \u00e0 Jordan De Luxe il y a quelques ann\u00e9es.<\/p>\n<p>L&rsquo;ex-pr\u00e9sentatrice de Midi Premi\u00e8re, qui a perdu son conjoint Patrick Scemama en 2018 des suites d&rsquo;une maladie neurod\u00e9g\u00e9n\u00e9rative, appr\u00e9hende d&rsquo;ailleurs le temps qui passe de mani\u00e8re sereine. \u00ab\u00a0Pourquoi j&rsquo;aurais peur de vieillir\u00a0? Je n&rsquo;ai pas peur de vieillir. La question ne se pose pas\u00a0: on est tous log\u00e9s \u00e0 la m\u00eame enseigne, les ann\u00e9es passent et elles se traduisent diff\u00e9remment chez chacun, c&rsquo;est tout\u00a0\u00bb, avait-elle assur\u00e9.<\/p>\n","protected":false},"excerpt":{"rendered":"Dani\u00e8le Gilbert, qui est \u00e0 l&rsquo;affiche d&rsquo;une nouvelle pi\u00e8ce de th\u00e9\u00e2tre, continue de nous surprendre par son dynamisme&hellip;\n","protected":false},"author":2,"featured_media":371102,"comment_status":"","ping_status":"","sticky":false,"template":"","format":"standard","meta":{"footnotes":""},"categories":[1359],"tags":[58,59,1011,27,973],"class_list":{"0":"post-371101","1":"post","2":"type-post","3":"status-publish","4":"format-standard","5":"has-post-thumbnail","7":"category-people","8":"tag-divertissement","9":"tag-entertainment","10":"tag-fr","11":"tag-france","12":"tag-people"},"share_on_mastodon":{"url":"https:\/\/pubeurope.com\/@fr\/115158523907760686","error":""},"_links":{"self":[{"href":"https:\/\/www.europesays.com\/fr\/wp-json\/wp\/v2\/posts\/371101","targetHints":{"allow":["GET"]}}],"collection":[{"href":"https:\/\/www.europesays.com\/fr\/wp-json\/wp\/v2\/posts"}],"about":[{"href":"https:\/\/www.europesays.com\/fr\/wp-json\/wp\/v2\/types\/post"}],"author":[{"embeddable":true,"href":"https:\/\/www.europesays.com\/fr\/wp-json\/wp\/v2\/users\/2"}],"replies":[{"embeddable":true,"href":"https:\/\/www.europesays.com\/fr\/wp-json\/wp\/v2\/comments?post=371101"}],"version-history":[{"count":0,"href":"https:\/\/www.europesays.com\/fr\/wp-json\/wp\/v2\/posts\/371101\/revisions"}],"wp:featuredmedia":[{"embeddable":true,"href":"https:\/\/www.europesays.com\/fr\/wp-json\/wp\/v2\/media\/371102"}],"wp:attachment":[{"href":"https:\/\/www.europesays.com\/fr\/wp-json\/wp\/v2\/media?parent=371101"}],"wp:term":[{"taxonomy":"category","embeddable":true,"href":"https:\/\/www.europesays.com\/fr\/wp-json\/wp\/v2\/categories?post=371101"},{"taxonomy":"post_tag","embeddable":true,"href":"https:\/\/www.europesays.com\/fr\/wp-json\/wp\/v2\/tags?post=371101"}],"curies":[{"name":"wp","href":"https:\/\/api.w.org\/{rel}","templated":true}]}}