{"id":371103,"date":"2025-09-06T17:26:13","date_gmt":"2025-09-06T17:26:13","guid":{"rendered":"https:\/\/www.europesays.com\/fr\/371103\/"},"modified":"2025-09-06T17:26:13","modified_gmt":"2025-09-06T17:26:13","slug":"apres-35-ans-dabsence-montcuq-en-quercy-retrouve-son-manneken-pis","status":"publish","type":"post","link":"https:\/\/www.europesays.com\/fr\/371103\/","title":{"rendered":"apr\u00e8s 35 ans d&rsquo;absence, Montcuq-en-Quercy retrouve son Manneken Pis"},"content":{"rendered":"<p class=\"article__intro\">Restaur\u00e9 par le sculpteur lotois Hugo, le Manneken Pis est de retour dans la commune de Montcuq-en-Quercy-Blanc (Lot). La statue avait disparue il y a 35 ans, apr\u00e8s un vol. <\/p>\n<p>\n      L\u2019actu des r\u00e9gions\n    <\/p>\n<p>\n      Chaque jour, un tour d\u2019horizon des principales infos de toutes les r\u00e9gions.\n    <\/p>\n<p>    France T\u00e9l\u00e9visions utilise votre adresse e-mail afin de vous envoyer la newsletter \u00ab\u00a0L\u2019actu des r\u00e9gions\u00a0\u00bb. Vous pouvez vous d\u00e9sinscrire \u00e0 tout moment via le lien en bas de cette newsletter. <a target=\"_blank\" href=\"https:\/\/www.francetelevisions.fr\/groupe\/confidentialite\/politique-de-confidentialite\/politique-de-confidentialite-de-france-televisions-6503\" rel=\"nofollow noopener\">Notre politique de confidentialit\u00e9<\/a><\/p>\n<p>Elle \u00e9tait port\u00e9e disparue depuis\u2026 35 ans. Mais il y a quelques mois, la statue du Manneken Pis Montcuquois a refait surface dans un jardin priv\u00e9. En mauvais \u00e9tat, bris\u00e9e en plusieurs morceaux, l&rsquo;\u0153uvre de Jean Combarieu qui date de 1955, a \u00e9t\u00e9 retrouv\u00e9e par un artisan, \u00e0 l&rsquo;occasion de la vente d&rsquo;une maison.<\/p>\n<\/p>\n<p>Les nouveaux propri\u00e9taires l&rsquo;ont restitu\u00e9 \u00e0 la commune qui l&rsquo;a confi\u00e9e au sculpteur Hugo (de son vrai nom Hugues Thomas) pour qu&rsquo;il la restaure. Le r\u00e9sultat est impressionnant, la statue comme neuve.<\/p>\n<p><a data-article-figure=\"\" href=\"https:\/\/france3-regions.franceinfo.fr\/image\/H-sREF8DqIR4rW5nx9vOF9_uRIo\/1920x1080\/regions\/2025\/09\/02\/manneken-pis-2-68b70ef4e79b1160930222.jpg\" data-pswp-width=\"1920\" data-pswp-height=\"1080\" target=\"_blank\" rel=\"nofollow noopener\"><\/p>\n<p>          <img width=\"600\" height=\"400\" class=\"article-image lazy\" data-src=\"https:\/\/www.europesays.com\/fr\/wp-content\/uploads\/2025\/09\/manneken-pis-2-68b70ef4e79b1160930222.jpg\" alt=\"La statue restaur\u00e9e du Manneken Pis de Montcuq-en-Quercy (Lot) \" fetchpriority=\"high\" as=\"image\"\/><\/p>\n<p>\n            La statue restaur\u00e9e du Manneken Pis de Montcuq-en-Quercy (Lot)<br \/>\n                           \u2022<br \/>\n                                      \u00a9 FTV\n                      <\/p>\n<p><\/a><\/p>\n<p>\u00ab\u00a0La statue \u00e9tait dans un \u00e9tat pitoyable, le pl\u00e2tre avait gonfl\u00e9, la structure m\u00e9tallique \u00e0 l&rsquo;int\u00e9rieur s&rsquo;\u00e9tait dilat\u00e9e, elle avait \u00e9t\u00e9 recoll\u00e9e avec du ciment, mais c&rsquo;\u00e9tait un mauvais collage\u00a0\u00bb explique Hugo, qui a pass\u00e9 du temps dans la restauration. \u00ab\u00a0Il a fallu que je d\u00e9sosse toute la statue et il ne restait que le tronc. Ensuite j&rsquo;ai d\u00fb remettre du pl\u00e2tre, de la r\u00e9sine, que je refasse certaines pi\u00e8ces. Cela a \u00e9t\u00e9 un gros boulot\u00a0\u00bb souligne l&rsquo;artiste qui habite Montcuq-en-Quercy-Blanc. Hugo a pu s&rsquo;appuyer sur une photo d&rsquo;archives pour restituer presque \u00e0 l&rsquo;identique le Manneken Pis.<\/p>\n<p><a data-article-figure=\"\" href=\"https:\/\/france3-regions.franceinfo.fr\/image\/zb8KlcJh7a2M8Z3czNKrnSl1FgY\/1920x1080\/regions\/2025\/09\/02\/sculpteur-hugo-68b71e80e8cf7880161663.jpg\" data-pswp-width=\"1920\" data-pswp-height=\"1080\" target=\"_blank\" rel=\"nofollow noopener\"><\/p>\n<p>          <img width=\"600\" height=\"400\" class=\"article-image lazy\" data-src=\"https:\/\/www.europesays.com\/fr\/wp-content\/uploads\/2025\/09\/sculpteur-hugo-68b71e80e8cf7880161663.jpg\" alt=\"Le sculpteur montcuquois Hugo.\" fetchpriority=\"high\" as=\"image\"\/><\/p>\n<p>\n            Le sculpteur montcuquois Hugo.<br \/>\n                           \u2022<br \/>\n                                      \u00a9 FTV\n                      <\/p>\n<p><\/a><\/p>\n<p>Le sculpteur Hugo, n&rsquo;en n&rsquo;est pas \u00e0 son coup d&rsquo;essai dans ce village de 1 800 habitants. C&rsquo;est aussi lui qui a cr\u00e9\u00e9, en 2014, \u00ab\u00a0Le Petit Montcuquois\u00a0\u00bb, un personnage aux fesses rebondies, qui fait le bonheur des touristes et des villageois. Une sculpture qui fait un petit clin d\u2019\u0153il au nom du village, et devenu depuis une vraie l\u00e9gende locale. <\/p>\n<p><a data-article-figure=\"\" href=\"https:\/\/france3-regions.franceinfo.fr\/image\/PxECM1O5Y_hdUwzWcxSuFM5qzeg\/1920x1080\/regions\/2025\/09\/02\/autre-statue-68b7177e78cef196994575.jpg\" data-pswp-width=\"1920\" data-pswp-height=\"1080\" target=\"_blank\" rel=\"nofollow noopener\"><\/p>\n<p>          <img width=\"600\" height=\"400\" class=\"article-image lazy\" data-src=\"https:\/\/www.europesays.com\/fr\/wp-content\/uploads\/2025\/09\/autre-statue-68b7177e78cef196994575.jpg\" alt=\"&quot;Le Petit Montcuquois&quot;, autre statue de Hugo. \" fetchpriority=\"high\" as=\"image\"\/><\/p>\n<p>\n            \u00ab\u00a0Le Petit Montcuquois\u00a0\u00bb, autre statue de Hugo.<br \/>\n                           \u2022<br \/>\n                                      \u00a9 FTV\n                      <\/p>\n<p><\/a><\/p>\n<p>Cette statue a \u00e9t\u00e9 plac\u00e9e dans l&rsquo;alc\u00f4ve o\u00f9 \u00e9tait expos\u00e9 le Manneken Pis\u2026 jusqu&rsquo;\u00e0 sa disparition en 1990. Pour Hugo, la boucle est boucl\u00e9e et l&rsquo;histoire se termine bien.<\/p>\n<p>La statue restaur\u00e9e du Manneken Pis, elle, est expos\u00e9e \u00e0 la Mairie du village. Bien au chaud, prot\u00e9g\u00e9e des intemp\u00e9ries, mais visible par les visiteurs. \u00c0 noter qu&rsquo;une <a href=\"https:\/\/fr.ulule.com\/restauration-du-manneken-pis-montcuquois\/\" target=\"_blank\" data-tooltip-url=\"https:\/\/fr.ulule.com\/restauration-du-manneken-pis-montcuquois\/\" rel=\"noopener nofollow\">cagnotte Ulule<\/a> a \u00e9t\u00e9 mise en place pour recueillir des dons. L&rsquo;argent r\u00e9colt\u00e9 servira non seulement \u00e0 couvrir les frais de restauration, mais aussi pour financer l&rsquo;installation d&rsquo;un panneau explicatif retra\u00e7ant l&rsquo;histoire de ce Manneken Pis, pas comme les autres\u2026<\/p>\n","protected":false},"excerpt":{"rendered":"Restaur\u00e9 par le sculpteur lotois Hugo, le Manneken Pis est de retour dans la commune de Montcuq-en-Quercy-Blanc (Lot).&hellip;\n","protected":false},"author":2,"featured_media":371104,"comment_status":"","ping_status":"","sticky":false,"template":"","format":"standard","meta":{"footnotes":""},"categories":[1358],"tags":[1348,1384,1385,1386,58,59,1011,27],"class_list":{"0":"post-371103","1":"post","2":"type-post","3":"status-publish","4":"format-standard","5":"has-post-thumbnail","7":"category-arts-et-design","8":"tag-arts","9":"tag-arts-and-design","10":"tag-arts-et-design","11":"tag-design","12":"tag-divertissement","13":"tag-entertainment","14":"tag-fr","15":"tag-france"},"share_on_mastodon":{"url":"https:\/\/pubeurope.com\/@fr\/115158527737685655","error":""},"_links":{"self":[{"href":"https:\/\/www.europesays.com\/fr\/wp-json\/wp\/v2\/posts\/371103","targetHints":{"allow":["GET"]}}],"collection":[{"href":"https:\/\/www.europesays.com\/fr\/wp-json\/wp\/v2\/posts"}],"about":[{"href":"https:\/\/www.europesays.com\/fr\/wp-json\/wp\/v2\/types\/post"}],"author":[{"embeddable":true,"href":"https:\/\/www.europesays.com\/fr\/wp-json\/wp\/v2\/users\/2"}],"replies":[{"embeddable":true,"href":"https:\/\/www.europesays.com\/fr\/wp-json\/wp\/v2\/comments?post=371103"}],"version-history":[{"count":0,"href":"https:\/\/www.europesays.com\/fr\/wp-json\/wp\/v2\/posts\/371103\/revisions"}],"wp:featuredmedia":[{"embeddable":true,"href":"https:\/\/www.europesays.com\/fr\/wp-json\/wp\/v2\/media\/371104"}],"wp:attachment":[{"href":"https:\/\/www.europesays.com\/fr\/wp-json\/wp\/v2\/media?parent=371103"}],"wp:term":[{"taxonomy":"category","embeddable":true,"href":"https:\/\/www.europesays.com\/fr\/wp-json\/wp\/v2\/categories?post=371103"},{"taxonomy":"post_tag","embeddable":true,"href":"https:\/\/www.europesays.com\/fr\/wp-json\/wp\/v2\/tags?post=371103"}],"curies":[{"name":"wp","href":"https:\/\/api.w.org\/{rel}","templated":true}]}}