{"id":371105,"date":"2025-09-06T17:27:11","date_gmt":"2025-09-06T17:27:11","guid":{"rendered":"https:\/\/www.europesays.com\/fr\/371105\/"},"modified":"2025-09-06T17:27:11","modified_gmt":"2025-09-06T17:27:11","slug":"fin-des-contractuels-pour-la-distribution-des-livres-en-occitanie-enseignants-et-agents-assurent-la-releve-dans-les-lycees","status":"publish","type":"post","link":"https:\/\/www.europesays.com\/fr\/371105\/","title":{"rendered":"Fin des contractuels pour la distribution des livres en Occitanie\u00a0: enseignants et agents assurent la rel\u00e8ve dans les lyc\u00e9es"},"content":{"rendered":"<p>\n                                                                Alors qu\u2019en coll\u00e8ge les financements des manuels d\u00e9pendent de l\u2019\u00c9tat, en lyc\u00e9e ce sont les r\u00e9gions qui en assument les co\u00fbts. Au total, 230\u00a0000 \u00e9l\u00e8ves b\u00e9n\u00e9ficieront des aides r\u00e9gionales cette ann\u00e9e, pour un montant de 65\u00a0M\u20ac.\u00a0Une enveloppe importante, qui impose des arbitrages\n                            <\/p>\n<p>Tourn\u00e9e des lyc\u00e9es, quelques jours apr\u00e8s la rentr\u00e9e scolaire pour Kamel Chibli et son staff. L\u2019objectif est d\u2019aller accompagner la distribution des manuels scolaires version \u00ab\u00a0papier\u00a0\u00bb. L\u2019heure n\u2019est pas encore au cartable (ni au livre) num\u00e9rique au lyc\u00e9e L\u00e9onard de Vinci de Montpellier. Ici comme ailleurs, la tentative de fournir des manuels d\u00e9mat\u00e9rialis\u00e9s accessibles avec un ordinateur n\u2019a jamais vraiment d\u00e9coll\u00e9.\u00a0\u00ab\u00a0Il y a eu un recul depuis l\u2019initiative lanc\u00e9e en 2021, c\u2019est le papier qui est pl\u00e9biscit\u00e9\u00a0\u00bb, affirme Kamel Chibli, vice-pr\u00e9sident d\u00e9l\u00e9gu\u00e9 \u00e0 l\u2019\u00e9ducation, \u00e0 la jeunesse et aux sports de la R\u00e9gion.<\/p>\n<p>Et c\u2019est tant mieux, car dans ce lyc\u00e9e professionnel qui ne manque pas d\u2019atouts, la fracture num\u00e9rique est loin d\u2019\u00eatre r\u00e9duite.\u00a0En 2011, quand LoRdi rouge offert par la R\u00e9gion Occitanie\u00a0rejoint les livres scolaires gratuits, instaur\u00e9s en 2004, l\u2019op\u00e9ration vise \u00e0 lutter contre les in\u00e9galit\u00e9s, tous les parents n\u2019ayant pas les moyens d\u2019offrir un portable \u00e0 leurs enfants.<\/p>\n<p>Si les manuels des lyc\u00e9ens repr\u00e9sentent environ 4,5\u00a0kg dans le sac, dans l\u2019enseignement professionnel, c\u2019est un peu marginal par rapport \u00e0 la quantit\u00e9 de livres qui sont utilis\u00e9s dans les lyc\u00e9es g\u00e9n\u00e9raux.\u00a0N\u2019emp\u00eache, \u00e0\u00a0L\u00e9onard de Vinci, il faut en distribuer 2\u00a0200 mais aussi r\u00e9partir 1\u00a0956 \u00e9quipements professionnels (160\u00a0000 sur toute la r\u00e9gion Occitanie).<\/p>\n<p>Les 729 apprenants sont form\u00e9s aux m\u00e9tiers du b\u00e2timent, de la m\u00e9tallerie, de la construction bois, de l\u2019\u00e9lectricit\u00e9\u2026 Comme l\u2019explique le proviseur El-Houssine Moutaouadhia, les familles n\u2019ont tout simplement pas les moyens de financer les \u00e9quipements n\u00e9cessaires \u00e0 la scolarit\u00e9 de leurs enfants. \u00ab\u00a0Dans certaines fili\u00e8res, les premiers \u00e9quipements peuvent co\u00fbter entre 500 et 600\u00a0\u20ac. Si on ne leur fournit pas ce mat\u00e9riel, certains \u00e9l\u00e8ves risquent d\u2019\u00eatre exclus\u00a0\u00bb.<\/p>\n<p>Les 15 premiers jours de rentr\u00e9e scolaire sont soumis\u00a0\u00e0 ce rituel immuable. En r\u00e9gion, cette r\u00e9partition cumule des dizaines de semaines\u00a0puis\u00e9es\u00a0dans l\u2019emploi du temps des enseignants et agents territoriaux de\u00a0toutes cat\u00e9gories, sur le principe du volontariat. Une nouveaut\u00e9 2025.<\/p>\n<p>Garantir 800\u00a0\u20ac d\u2019\u00e9conomies aux familles de lyc\u00e9ens<\/p>\n<p>Jusqu\u2019ici, des contractuels \u00e9taient d\u00e9volus \u00e0 cette t\u00e2che, \u00ab\u00a0pour un co\u00fbt d\u2019environ 2\u00a0M\u20ac\u00a0\u00bb. Si la gratuit\u00e9 a toujours un prix, faut-il le rappeler, c\u2019est aussi qu\u2019elle permet de tabler sur un budget constant de 65\u00a0M\u20ac, contribuant \u00ab\u00a0cette ann\u00e9e encore\u00a0\u00bb, \u00e0 garantir 800\u00a0\u20ac d\u2019\u00e9conomies en moyenne aux familles des 230\u00a0000 lyc\u00e9ens occitans. \u00ab\u00a0Nous avons fait le choix fort de maintenir les aides aux familles pour que la jeunesse puisse r\u00eaver en grand et choisir son destin, et ce malgr\u00e9 la baisse de 400\u00a0M\u20ac sur notre budget cette ann\u00e9e et un budget incertain pour 2026\u00a0\u00bb, avait d\u00e9clar\u00e9 Carole Delga, quelques jours plus t\u00f4t.<\/p>\n<p>Quant \u00e0 la participation du personnel \u00e0 la distribution, il ne s\u2019agit pas d\u2019un effort impos\u00e9, mais bien d\u2019un acte de solidarit\u00e9.\u00a0\u00ab\u00a0Cela fait partie int\u00e9grante de nos missions, c\u2019est normal, c\u2019est pour nos \u00e9l\u00e8ves\u00a0\u00bb, signale ce professeur en CAP.<\/p>\n<p>Une semaine au lyc\u00e9e Joffre \u00e0 Montpellier, \u00e0 Camus \u00e0 N\u00eemes, quelques jours \u00e0 Jean Lur\u00e7at \u00e0 Perpignan, \u00e7a ne mange pas de pain, \u00ab\u00a0on peut toujours s\u2019inventer des probl\u00e8mes, avant la gratuit\u00e9 des manuels, ce sont les f\u00e9d\u00e9rations de parents d\u2019\u00e9l\u00e8ves qui s\u2019y collaient, rappelez-vous de la bourse aux livres, mais c\u2019est une \u00e9poque lointaine, mais c\u2019est toujours une bonne accroche pour faire revenir les parents dans les \u00e9tablissements\u00a0\u00bb, r\u00e9agit Kamel Chibli. Dans ce lyc\u00e9e, il n\u2019a aucun repr\u00e9sentant des parents d\u2019\u00e9l\u00e8ves au\u00a0conseil d\u2019administration, quand il devrait en compter entre 5 et 7.<\/p>\n<p>\u00ab\u00a0La distribution ne n\u00e9cessite pas une mobilisation nombreuse, contrairement \u00e0 la logistique. Sur un lyc\u00e9e de 2\u00a0500 \u00e9l\u00e8ves, ce sont 15\u00a0000\u00a0livres qui doivent \u00eatre achemin\u00e9s\u00a0!\u00a0\u00bb Une \u00e9quipe r\u00e9gionale est charg\u00e9e de l\u2019approvisionnement et du suivi logistique. Ensuite, au sein de chaque \u00e9tablissement, l\u2019organisation est pilot\u00e9e localement\u00a0: g\u00e9n\u00e9ralement, ce sont les professeurs qui accompagnent les \u00e9l\u00e8ves lors de la distribution des manuels.<\/p>\n<p>\u00ab\u00a0Nous avons maintenu le r\u00e9seau de 27 correspondants r\u00e9partis dans tous les d\u00e9partements.\u00a0\u00bb Ils sont en charge de la gestion globale\u00a0: approvisionnement, r\u00e9assort, et coordination avec chaque \u00e9tablissement. \u00ab\u00a0Tout le monde a jou\u00e9 le jeu en cette rentr\u00e9e.\u00a0L\u2019engagement de tous reste essentiel.\u00a0\u00bb<\/p>\n<p>    Budget\u00a0: \u00ab\u00a0La vie en grand\u00a0\u00bb<\/p>\n<p>Malgr\u00e9 un contexte budg\u00e9taire tendu, marqu\u00e9 par une baisse de 400\u00a0millions d\u2019euros des dotations de l\u2019\u00c9tat ces derni\u00e8res ann\u00e9es, Carole Delga a tenu \u00e0 d\u00e9fendre ce qu\u2019elle qualifie de \u00ab\u00a0d\u00e9fi budg\u00e9taire\u00a0\u00bb. Garantir un \u00e9gal acc\u00e8s \u00e0 l\u2019\u00e9ducation, permettre \u00e0 chaque jeune \u00ab\u00a0de r\u00eaver sa vie en grand\u00a0\u00bb, quelle que soit son origine sociale, reste sa priorit\u00e9 C\u2019est dans cet esprit que la R\u00e9gion a d\u00e9cid\u00e9 de maintenir un budget de 65\u00a0millions d\u2019\u20ac, repr\u00e9sentant une \u00e9conomie moyenne de 800\u00a0\u20ac par famille pour les 230\u00a0000 lyc\u00e9ens d\u2019Occitanie. Ce budget couvre un ensemble de dispositifs concrets\u00a0: la gratuit\u00e9 du dispositif LoRdi, avec un ordinateur portable remis \u00e0 60\u00a0000 \u00e9l\u00e8ves de seconde\u00a0; la mise \u00e0 disposition de 1,4\u00a0million de manuels scolaires\u00a0; le premier \u00e9quipement professionnel offert aux \u00e9l\u00e8ves d\u00e9butant une formation en apprentissage\u00a0; des aides \u00e0 la lecture, \u00e0 l\u2019achat de licences sportives ou encore pour les activit\u00e9s culturelles. La R\u00e9gion a \u00e9galement renforc\u00e9 ses actions sociales\u00a0: 1,8\u00a0million d\u2019\u20ac ont \u00e9t\u00e9 allou\u00e9s \u00e0 un fonds d\u2019aide sp\u00e9cifique, en hausse de 10\u00a0%, pour faciliter l\u2019acc\u00e8s \u00e0 la restauration scolaire avec un engagement fort pour une alimentation locale, bio et de qualit\u00e9, dont la part ne cesse de progresser dans les cantines. Enfin, la politique r\u00e9gionale s\u2019\u00e9tend aussi au sport scolaire. \u00ab\u00a0Nous avons tripl\u00e9 le nombre de jeunes licenci\u00e9s \u00e0 l\u2019UNSS (Union nationale du sport scolaire pour les coll\u00e8ges et lyc\u00e9es), atteignant d\u00e9sormais 35\u00a0000 \u00e9l\u00e8ves engag\u00e9s dans les championnats scolaires\u00a0\u00bb, a pr\u00e9cis\u00e9 Kamel Chibli, vice-pr\u00e9sident en charge de l\u2019\u00c9ducation et de la Jeunesse.<\/p>\n","protected":false},"excerpt":{"rendered":"Alors qu\u2019en coll\u00e8ge les financements des manuels d\u00e9pendent de l\u2019\u00c9tat, en lyc\u00e9e ce sont les r\u00e9gions qui en&hellip;\n","protected":false},"author":2,"featured_media":371106,"comment_status":"","ping_status":"","sticky":false,"template":"","format":"standard","meta":{"footnotes":""},"categories":[1357],"tags":[1379,58,59,1011,27,1380],"class_list":{"0":"post-371105","1":"post","2":"type-post","3":"status-publish","4":"format-standard","5":"has-post-thumbnail","7":"category-livres","8":"tag-books","9":"tag-divertissement","10":"tag-entertainment","11":"tag-fr","12":"tag-france","13":"tag-livres"},"share_on_mastodon":{"url":"https:\/\/pubeurope.com\/@fr\/115158531685578938","error":""},"_links":{"self":[{"href":"https:\/\/www.europesays.com\/fr\/wp-json\/wp\/v2\/posts\/371105","targetHints":{"allow":["GET"]}}],"collection":[{"href":"https:\/\/www.europesays.com\/fr\/wp-json\/wp\/v2\/posts"}],"about":[{"href":"https:\/\/www.europesays.com\/fr\/wp-json\/wp\/v2\/types\/post"}],"author":[{"embeddable":true,"href":"https:\/\/www.europesays.com\/fr\/wp-json\/wp\/v2\/users\/2"}],"replies":[{"embeddable":true,"href":"https:\/\/www.europesays.com\/fr\/wp-json\/wp\/v2\/comments?post=371105"}],"version-history":[{"count":0,"href":"https:\/\/www.europesays.com\/fr\/wp-json\/wp\/v2\/posts\/371105\/revisions"}],"wp:featuredmedia":[{"embeddable":true,"href":"https:\/\/www.europesays.com\/fr\/wp-json\/wp\/v2\/media\/371106"}],"wp:attachment":[{"href":"https:\/\/www.europesays.com\/fr\/wp-json\/wp\/v2\/media?parent=371105"}],"wp:term":[{"taxonomy":"category","embeddable":true,"href":"https:\/\/www.europesays.com\/fr\/wp-json\/wp\/v2\/categories?post=371105"},{"taxonomy":"post_tag","embeddable":true,"href":"https:\/\/www.europesays.com\/fr\/wp-json\/wp\/v2\/tags?post=371105"}],"curies":[{"name":"wp","href":"https:\/\/api.w.org\/{rel}","templated":true}]}}