{"id":371107,"date":"2025-09-06T17:28:09","date_gmt":"2025-09-06T17:28:09","guid":{"rendered":"https:\/\/www.europesays.com\/fr\/371107\/"},"modified":"2025-09-06T17:28:09","modified_gmt":"2025-09-06T17:28:09","slug":"le-journaliste-patrick-cohen-en-grande-discussion-avec-des-cadres-du-ps-jordan-bardella-reagit-en-publiant-une-video-sans-aucun-commentaire-datant-de-mai-2019-regardez","status":"publish","type":"post","link":"https:\/\/www.europesays.com\/fr\/371107\/","title":{"rendered":"Le journaliste Patrick Cohen en grande discussion avec des cadres du PS : Jordan Bardella r\u00e9agit en publiant une vid\u00e9o, sans aucun commentaire, datant de mai 2019 &#8211; Regardez"},"content":{"rendered":"<p>Dans une vid\u00e9o film\u00e9e en juillet \u00e0 l&rsquo;insu des participants dans un restaurant parisien, les journalistes Thomas Legrand et Patrick Cohen \u00e9changent avec deux responsables du Parti socialiste: son secr\u00e9taire g\u00e9n\u00e9ral, Pierre Jouvet, et le pr\u00e9sident de son conseil national, Luc Broussy.<\/p>\n<p>Au cours de cette discussion, M. Legrand, qui travaille pour France Inter et Lib\u00e9ration, d\u00e9clare notamment: \u00ab\u00a0Nous, on fait ce qu&rsquo;il faut pour Dati, Patrick (Cohen) et moi\u00a0\u00bb.<\/p>\n<p>Jordan Bardella r\u00e9agit cet apr\u00e8s-midi en publiant une vid\u00e9o, sans aucun commentaire, datant de mai 2019, dans laquelle on peut voir le Pr\u00e9sident du Rassemblement National invit\u00e9 de l&rsquo;\u00e9mission de France 5.<\/p>\n<p>A part la date, aucun commentaire de la part de Jordan Bardella, mais l&rsquo;\u00e9change entre les deux hommes et tr\u00e8s explicite.<\/p>\n<p>On peut ainsi voir Patrick Cohen, soutenu par Anne-Elisabeth Lemoine, s&rsquo;en prendre au leader du RN, alors que ce dernier lui reproche son agressivit\u00e9, mais \u00e9galement sa diff\u00e9rence de comportement selon l&rsquo;invit\u00e9 qui est en face de lui.<\/p>\n<p>Critiqu\u00e9s par de nombreux responsables politiques pour des propos litigieux tenus \u00e0 des dirigeants du Parti socialiste sur des images film\u00e9es \u00e0 leur insu, les journalistes Patrick Cohen et Thomas Legrand ont d\u00e9fendu samedi leur impartialit\u00e9 et annonc\u00e9 porter plainte.<\/p>\n<p>Dans une vid\u00e9o diffus\u00e9e par le m\u00e9dia\u00a0 L&rsquo;Incorrect et film\u00e9e en juillet dans un restaurant parisien, ces deux journalistes \u00e9changent avec Pierre Jouvet et Luc Broussy, respectivement secr\u00e9taire g\u00e9n\u00e9ral et pr\u00e9sident du conseil national du PS.<\/p>\n<p>Au cours de cette discussion, M. Legrand, qui travaille pour France Inter et Lib\u00e9ration, d\u00e9clare notamment\u00a0 :<\/p>\n<p>\u00ab\u00a0Nous, on fait ce qu&rsquo;il faut pour (Rachida) Dati, Patrick (Cohen) et moi\u00a0\u00bb.<\/p>\n<p>Dans un message publi\u00e9 sur X vendredi soir, la ministre de la Culture, investie comme candidate des R\u00e9publicains \u00e0 la mairie de Paris, a demand\u00e9 que des mesures soient prises envers les deux chroniqueurs, d\u00e9non\u00e7ant des \u00ab\u00a0propos graves et contraires \u00e0 la d\u00e9ontologie\u00a0\u00bb.<\/p>\n<p>\u00ab\u00a0Complot\u00a0\u00bb, \u00ab\u00a0infiltration\u00a0\u00bb, \u00ab\u00a0mafia\u00a0\u00bb: tr\u00e8s rapidement les critiques ont fus\u00e9, aussi bien du cot\u00e9 des R\u00e9publicains, que du Rassemblement national et de La France insoumise \u00ab\u00a0Vid\u00e9o consternante\u00a0\u00bb dans laquelle \u00ab\u00a0deux journalistes essentiels de l&rsquo;officialit\u00e9 PS complotent pour valoriser un axe +de Ruffin \u00e0 Canfin+ et Glucksmann\u00a0\u00bb, a \u00e9crit le leader de LFI, Jean-Luc M\u00e9lenchon, sur X.<\/p>\n<blockquote class=\"twitter-tweet\">\n<p lang=\"und\" dir=\"ltr\">Mai 2019 \u2935\ufe0f <a href=\"https:\/\/t.co\/GJJ7CDU5NF\">pic.twitter.com\/GJJ7CDU5NF<\/a><\/p>\n<p>\u2014 Jordan Bardella (@J_Bardella) <a href=\"https:\/\/twitter.com\/J_Bardella\/status\/1964327960468509057?ref_src=twsrc%5Etfw\" target=\"_blank\" rel=\"noopener\">September 6, 2025<\/a><\/p><\/blockquote>\n<p>          <script async src=\"https:\/\/platform.twitter.com\/widgets.js\" charset=\"utf-8\"><\/script><\/p>\n","protected":false},"excerpt":{"rendered":"Dans une vid\u00e9o film\u00e9e en juillet \u00e0 l&rsquo;insu des participants dans un restaurant parisien, les journalistes Thomas Legrand&hellip;\n","protected":false},"author":2,"featured_media":371108,"comment_status":"","ping_status":"","sticky":false,"template":"","format":"standard","meta":{"footnotes":""},"categories":[1356],"tags":[58,59,1011,27,4467,1077,3541,13960,252,1364],"class_list":{"0":"post-371107","1":"post","2":"type-post","3":"status-publish","4":"format-standard","5":"has-post-thumbnail","7":"category-television","8":"tag-divertissement","9":"tag-entertainment","10":"tag-fr","11":"tag-france","12":"tag-france-5","13":"tag-jordan-bardella","14":"tag-parti-socialiste","15":"tag-patrick-cohen","16":"tag-television","17":"tag-tv"},"share_on_mastodon":{"url":"https:\/\/pubeurope.com\/@fr\/115158536266001813","error":""},"_links":{"self":[{"href":"https:\/\/www.europesays.com\/fr\/wp-json\/wp\/v2\/posts\/371107","targetHints":{"allow":["GET"]}}],"collection":[{"href":"https:\/\/www.europesays.com\/fr\/wp-json\/wp\/v2\/posts"}],"about":[{"href":"https:\/\/www.europesays.com\/fr\/wp-json\/wp\/v2\/types\/post"}],"author":[{"embeddable":true,"href":"https:\/\/www.europesays.com\/fr\/wp-json\/wp\/v2\/users\/2"}],"replies":[{"embeddable":true,"href":"https:\/\/www.europesays.com\/fr\/wp-json\/wp\/v2\/comments?post=371107"}],"version-history":[{"count":0,"href":"https:\/\/www.europesays.com\/fr\/wp-json\/wp\/v2\/posts\/371107\/revisions"}],"wp:featuredmedia":[{"embeddable":true,"href":"https:\/\/www.europesays.com\/fr\/wp-json\/wp\/v2\/media\/371108"}],"wp:attachment":[{"href":"https:\/\/www.europesays.com\/fr\/wp-json\/wp\/v2\/media?parent=371107"}],"wp:term":[{"taxonomy":"category","embeddable":true,"href":"https:\/\/www.europesays.com\/fr\/wp-json\/wp\/v2\/categories?post=371107"},{"taxonomy":"post_tag","embeddable":true,"href":"https:\/\/www.europesays.com\/fr\/wp-json\/wp\/v2\/tags?post=371107"}],"curies":[{"name":"wp","href":"https:\/\/api.w.org\/{rel}","templated":true}]}}