{"id":371109,"date":"2025-09-06T17:29:11","date_gmt":"2025-09-06T17:29:11","guid":{"rendered":"https:\/\/www.europesays.com\/fr\/371109\/"},"modified":"2025-09-06T17:29:11","modified_gmt":"2025-09-06T17:29:11","slug":"pourquoi-hail-to-the-thief-reste-lalbum-le-plus-politique-de-radiohead-vingt-deux-ans-apres-sa-sortie","status":"publish","type":"post","link":"https:\/\/www.europesays.com\/fr\/371109\/","title":{"rendered":"Pourquoi \u00abHail to the Thief\u00bb reste l&rsquo;album le plus politique de Radiohead, vingt-deux ans apr\u00e8s sa sortie"},"content":{"rendered":"<p>Les membres de Radiohead n&rsquo;ont jamais consid\u00e9r\u00e9 Hail to the Thief, leur sixi\u00e8me opus sorti en 2003, comme un de leurs grands albums. Lib\u00e9r\u00e9 de sa qu\u00eate de perfection, le quintet d&rsquo;Oxford y retrouvait la spontan\u00e9it\u00e9 de ses d\u00e9buts. Mais le disque, jug\u00e9 trop long et moins exp\u00e9rimental que Kid A (2000) et Amnesiac (2001), a souffert de la comparaison avec les pr\u00e9c\u00e9dents.<\/p>\n<p>Hail to the Thief entame pourtant une deuxi\u00e8me vie cette ann\u00e9e. Au printemps, Thom Yorke, le leader de Radiohead, a r\u00e9orchestr\u00e9 l&rsquo;album pour une relecture de Hamlet, intitul\u00e9e <a href=\"https:\/\/www.rsc.org.uk\/hamlet-hail-to-the-thief\/\" target=\"_blank\" rel=\"nofollow noopener\">Hamlet Hail to the Thief<\/a>. En se plongeant dans les archives live de l&rsquo;\u00e9poque, le chanteur a \u00ab\u00e9t\u00e9 choqu\u00e9 par l&rsquo;\u00e9nergie qui s&rsquo;en d\u00e9gageait\u00bb. Il a donc r\u00e9assembl\u00e9 l&rsquo;album sous la forme d&rsquo;un concert id\u00e9al. Disponible en streaming, <a href=\"https:\/\/pitchfork.com\/reviews\/albums\/radiohead-hail-to-the-thief-live-recordings-2003-2009\/\" target=\"_blank\" rel=\"nofollow noopener\">Hail to the Thief (Live Recordings 2003-2009)<\/a> retrouve l&rsquo;essence d&rsquo;une \u0153uvre rageuse qui, sans avoir r\u00e9volutionn\u00e9 musicalement son \u00e9poque, a contribu\u00e9 \u00e0 d\u00e9finir son climat d\u00e9l\u00e9t\u00e8re. Pour comprendre sa port\u00e9e politique, il faut revenir au d\u00e9but du si\u00e8cle.<\/p>\n<p>        <img decoding=\"async\" alt=\"Abonnez-vous gratuitement \u00e0 la newsletter de Slate !\" loading=\"lazy\" class=\"ms-4 ms-md-0\" width=\"82\" height=\"82\" src=\"https:\/\/www.slate.fr\/assets\/newsletter-dd7c4ea7fb4ce45aacc56875521d4bde7ec4ba23f0a0ae088566df808b3a80c3.svg\"\/><br \/>\n        Abonnez-vous gratuitement \u00e0 la newsletter de Slate !Les articles sont s\u00e9lectionn\u00e9s pour vous, en fonction de vos centres d\u2019int\u00e9r\u00eat, tous les jours dans votre bo\u00eete mail.<\/p>\n<p>Un engagement contre George W. Bush?\u00a0<\/p>\n<p>20 septembre 2001. Devant le Congr\u00e8s des \u00c9tats-Unis, le pr\u00e9sident am\u00e9ricain <a href=\"https:\/\/www.slate.fr\/dossier\/24253\/george-w-bush\" class=\"tag-link\" rel=\"nofollow noopener\" target=\"_blank\">George W. Bush<\/a> (2001-2009) affiche sa volont\u00e9 de s&rsquo;engager dans une guerre sans fin en r\u00e9ponse aux attentats du 11-Septembre. \u00abNotre guerre contre la terreur commence avec Al-Qaida, mais elle [\u2026] ne s&rsquo;arr\u00eatera pas avant que chaque groupe terroriste de port\u00e9e globale soit trouv\u00e9, arr\u00eat\u00e9 et d\u00e9fait.\u00bb <\/p>\n<p>\u00c0 Oxford, <a href=\"https:\/\/www.slate.fr\/story\/179271\/thom-yorke-radiohead-anima-album-court-metrage-danse\" target=\"_blank\" rel=\"nofollow noopener\">Thom Yorke<\/a>, jeune papa de 33 ans, biberonne en \u00e9coutant BBC Radio 4, dont les programmes deviennent la source d&rsquo;inspiration de ses nouvelles chansons. L&rsquo;auteur-compositeur noircit ses carnets de mots-cl\u00e9s capt\u00e9s sur les ondes, qu&rsquo;il m\u00e9lange \u00e0 des fragments de textes personnels fa\u00e7on <a href=\"https:\/\/fr.wikipedia.org\/wiki\/Cut-up\" target=\"_blank\" rel=\"nofollow noopener\">cut-up<\/a>.<\/p>\n<p>Une expression retient son attention: \u00abAll hail to the thief\u00bb (\u00abnous te saluons, voleur\u00bb), un d\u00e9tournement de l&rsquo;hymne du pr\u00e9sident des \u00c9tats-Unis <a href=\"https:\/\/www.radiofrance.fr\/francemusique\/grands-hymnes-americains-l-histoire-de-hail-to-the-chief-2796672\" target=\"_blank\" rel=\"nofollow noopener\">Hail to the Chief<\/a> (litt\u00e9ralement \u00abGloire au chef\u00bb), qui renvoie \u00e0 l&rsquo;\u00e9lection controvers\u00e9e de l&rsquo;un des P\u00e8res fondateurs, John Quincy Adams, en novembre 1824.<\/p>\n<\/p>\n<p>Le slogan hail to the thief avait aussi \u00e9t\u00e9 scand\u00e9 par des sympathisants d\u00e9mocrates, au lendemain des r\u00e9sultats du scrutin pr\u00e9sidentiel de 2000 en Floride qui a vu le R\u00e9publicain George W. Bush \u00eatre proclam\u00e9 vainqueur face \u00e0 Al Gore, \u00e0 l&rsquo;issue <a href=\"https:\/\/enseignants.lumni.fr\/fiche-media\/00000001106\/le-probleme-du-decompte-des-voix-a-l-election-presidentielle-americaine-en-2000.html\" target=\"_blank\" rel=\"nofollow noopener\">d&rsquo;un recomptage des voix contest\u00e9<\/a>.<\/p>\n<p>Faut-il pr\u00eater un sens litt\u00e9ral au titre de l&rsquo;album de Radiohead? Ce serait abusif. \u00ab\u00c0 chaque coin de rue de New York, il y a un tag \u201cfuck Bush\u201d. Ce n&rsquo;est pas comme si nous \u00e9tions les seuls \u00e0 le penser\u00bb, balance Thom Yorke lors d&rsquo;un concert priv\u00e9 du groupe de <a href=\"https:\/\/www.slate.fr\/dossier\/2619\/rock\" class=\"tag-link\" rel=\"nofollow noopener\" target=\"_blank\">rock<\/a> britannique, enregistr\u00e9 \u00e0 Paris le 3 juillet 2003, pour l&rsquo;\u00e9mission d&rsquo;Arte \u00abMusic Planet 2Nite\u00bb.<\/p>\n<\/p>\n<p>Plut\u00f4t qu&rsquo;une r\u00e9f\u00e9rence \u00e0 \u00abl&rsquo;\u00e9lection vol\u00e9e\u00bb de novembre 2000, le chanteur pr\u00e9f\u00e8re la figure po\u00e9tique du \u00abvoleur d&rsquo;\u00e2mes\u00bb de La Divine Com\u00e9die de Dante, un d\u00e9mon poss\u00e9dant le corps de personnages damn\u00e9s mais vivants. Dans une interview donn\u00e9e en 2003 <a href=\"https:\/\/citizeninsane.eu\/media\/usa\/spin\/06\/pt_2003-07_spin.html\" target=\"_blank\" rel=\"nofollow noopener\">au magazine musical am\u00e9ricain Spin<\/a>, il associe le thief \u00abaux personnes qui infligent une douleur incroyable aux autres en \u00e9tant persuad\u00e9es de faire le bien\u00bb.<\/p>\n<p>\u00ab2+2=5\u00bb,\u00a0\u00abThe Gloaming\u00bb,\u00a0\u00abI Will\u00bb&#8230;<\/p>\n<p>Les sessions de Hail to the Thief d\u00e9butent \u00e0 Los Angeles au moment du premier anniversaire du <a href=\"https:\/\/www.slate.fr\/dossier\/66397\/11-septembre-2001\" class=\"tag-link\" rel=\"nofollow noopener\" target=\"_blank\">11-Septembre<\/a>. L&rsquo;album refl\u00e8te le climat de peur g\u00e9n\u00e9ralis\u00e9e qui r\u00e8gne alors. Aux yeux de Thom Yorke, avoir cr\u00e9\u00e9 une atmosph\u00e8re d&rsquo;\u00e9pouvante \u00e9vocatrice compte plus qu&rsquo;un sous-texte politique qui risque de figer l&rsquo;\u0153uvre dans son contexte historique.<\/p>\n<p>L&rsquo;impr\u00e9visible \u00ab2+2=5\u00bb ouvre le disque. Ses accents <a href=\"https:\/\/www.slate.fr\/dossier\/7209\/punk\" class=\"tag-link\" rel=\"nofollow noopener\" target=\"_blank\">punk<\/a> et son tempo fr\u00e9n\u00e9tique s&rsquo;accordent sur des emprunts au roman d&rsquo;anticipation 1984, de George Orwell, qui semblent pr\u00e9figurer <a href=\"https:\/\/www.slate.fr\/audio\/le-monde-devant-soi\/maccarthysme-modere-chasse-sorcieres-donald-trump-engagee-politique-etats-unis-post-verite\" target=\"_blank\" rel=\"nofollow noopener\">la post-v\u00e9rit\u00e9 des ann\u00e9es Trump<\/a>. \u00abYou have not been paying attention!\u00bb (\u00abvous n&rsquo;avez pas fait attention!\u00bb), temp\u00eate Thom Yorke, ciblant la r\u00e9signation collective qui pave la voie au fascisme.<\/p>\n<\/p>\n<p>Ce leitmotiv revient dans les paroles de la piste electro \u00abThe Gloaming\u00bb (\u00able cr\u00e9puscule\u00bb en ancien \u00e9cossais anglais): \u00abYour alarms bells, they should be ringing\u00bb (\u00abvos sonnettes d&rsquo;alarme devraient sonner\u00bb). B\u00e2ti sur un beat b\u00e9gayant, le titre \u00e9voque la nature t\u00eatue du r\u00e9el. Thom Yorke y emploie l&rsquo;image du \u00abg\u00e9nie lib\u00e9r\u00e9 de la bouteille\u00bb, une all\u00e9gorie de la mont\u00e9e de l&rsquo;<a href=\"https:\/\/www.slate.fr\/dossier\/1601\/extreme-droite\" class=\"tag-link\" rel=\"nofollow noopener\" target=\"_blank\">extr\u00eame droite<\/a>.<\/p>\n<\/p>\n<p>La sortie de Hail to the Thief, le 9 juin 2003, suit l&rsquo;invasion am\u00e9ricaine de l&rsquo;<a href=\"https:\/\/www.slate.fr\/dossier\/149\/irak\" class=\"tag-link\" rel=\"nofollow noopener\" target=\"_blank\">Irak<\/a> (du 20 mars au 1er mai). Multipliant les diatribes antimilitaristes sur sc\u00e8ne, Thom Yorke interpr\u00e8te \u00abI Will\u00bb, une berceuse aussi lugubre que lyrique exprimant l&rsquo;effroi que lui inspirent les \u00abbombes intelligentes\u00bb. Selon Matthieu Thibaut, auteur du livre <a href=\"https:\/\/lemotetlereste.com\/musiques\/radiohead\/\" target=\"_blank\" rel=\"nofollow noopener\">Radiohead<\/a> (paru en f\u00e9vrier 2024), la chanson fait r\u00e9f\u00e9rence au <a href=\"https:\/\/fr.wikipedia.org\/wiki\/Bombardement_de_l%27abri_d%27Amiriya\" target=\"_blank\" rel=\"nofollow noopener\">bombardement de l&rsquo;abri antia\u00e9rien d&rsquo;Amiriya<\/a>, dans la capitale Bagdad, qui avait co\u00fbt\u00e9 la vie \u00e0 des centaines de civils irakiens qui s&rsquo;y \u00e9taient r\u00e9fugi\u00e9s, le 13 f\u00e9vrier 1991, lors de la premi\u00e8re guerre du Golfe (ao\u00fbt 1990-f\u00e9vrier 1991).<\/p>\n<\/p>\n<p>Dans les mois d&rsquo;escalade vers <a href=\"https:\/\/www.slate.fr\/story\/242876\/etats-unis-pas-tirer-toutes-lecons-guerre-irak-2003\" target=\"_blank\" rel=\"nofollow noopener\">la seconde guerre du Golfe<\/a>, en 2003, les musiciens britanniques Damon Albarn, Brian Eno et du groupe <a href=\"https:\/\/www.slate.fr\/culture\/groupe-massive-attack-collectif-artistes-soutien-expression-opinion-gaza-palestine-israel-censure-uklfi-concerts-festivals-kneecap\" target=\"_blank\" rel=\"nofollow noopener\">Massive Attack<\/a> interpellent le Premier ministre britannique Tony Blair (1997-2007), dont le gouvernement <a href=\"https:\/\/www.slate.fr\/monde\/royaume-uni-your-party-jeremy-corbyn-gauche-britannique-parti-travailliste-crise-interne-labour-keir-starmer-gaza-politique\" target=\"_blank\" rel=\"nofollow noopener\">travailliste<\/a> avait choisi d&rsquo;intervenir en Irak aux c\u00f4t\u00e9s des \u00c9tats-Unis. Radiohead se montre plus discret. Le quintet d&rsquo;Oxford s&rsquo;est toujours m\u00e9fi\u00e9 des r\u00e9cup\u00e9rations politiques et d\u00e9formations m\u00e9diatiques des causes qu&rsquo;il d\u00e9fendait: le Tibet libre, l&rsquo;annulation de la dette du tiers-monde et, surtout, la lutte contre le d\u00e9r\u00e8glement climatique.<\/p>\n<p>Sur la situation dans la bande de Gaza: un long silence\u00a0<\/p>\n<p>Concernant le <a href=\"https:\/\/www.slate.fr\/dossier\/19077\/conflit-israelo-palestinien\" class=\"tag-link\" rel=\"nofollow noopener\" target=\"_blank\">conflit isra\u00e9lo-palestinien<\/a>, Radiohead est par contre rest\u00e9 hors de l&rsquo;ar\u00e8ne politique. En juillet 2017, les Oxoniens refusent de c\u00e9der aux pressions de personnalit\u00e9s comme Roger Waters (ex-Pink Floyd), partisan du mouvement Boycott, d\u00e9sinvestissement et sanctions (<a href=\"https:\/\/www.bdsfrance.org\/qui-sommes-nous\/\" target=\"_blank\" rel=\"nofollow noopener\">BDS<\/a>). <a href=\"https:\/\/www.lemonde.fr\/musiques\/article\/2017\/07\/18\/radiohead-maintient-son-concert-en-israel-malgre-des-appels-au-boycott_5162090_1654986.html\" target=\"_blank\" rel=\"nofollow noopener\">Maintenant un concert \u00e0 Tel-Aviv<\/a>, situ\u00e9e sur la c\u00f4te m\u00e9diterran\u00e9enne isra\u00e9lienne, ils invitent des projets musicaux promouvant le dialogue interculturel entre juifs et musulmans, auxquels participe le multi-instrumentiste du groupe Jonny Greenwood.<\/p>\n<p>Dans un communiqu\u00e9 publi\u00e9 mercredi 3 septembre, \u00e0 <a href=\"https:\/\/www.instagram.com\/p\/DOJIafeDOvV\/\" target=\"_blank\" rel=\"nofollow noopener\">l&rsquo;annonce d&rsquo;une tourn\u00e9e europ\u00e9enne<\/a> de Radiohead apr\u00e8s sept ans d&rsquo;absence, BDS a appel\u00e9 \u00e0 boycotter les concerts automnaux du groupe anglais qu&rsquo;il accuse d&rsquo;\u00ab\u00e9touffer le g\u00e9nocide\u00bb. Le mouvement exige que le groupe \u00abse distancie compl\u00e8tement de Jonny Greenwood\u00bb. BDS lui reproche <a href=\"https:\/\/www.lefigaro.fr\/musique\/accuse-d-etre-complice-du-genocide-a-gaza-le-guitariste-de-radiohead-annule-des-concerts-20250506\" target=\"_blank\" rel=\"nofollow noopener\">sa collaboration avec le musicien isra\u00e9lien Dudu Tassa<\/a>\u00a0\u2013notamment accompagn\u00e9 de voix venant de Syrie, du Liban, du Kowe\u00eft et d&rsquo;Irak\u2013 qualifi\u00e9e d&rsquo;\u00abartwashing\u00bb.<\/p>\n<p>En mai dernier, le mouvement BDS <a href=\"https:\/\/x.com\/PACBI\/status\/1918310139947344017\" target=\"_blank\" rel=\"nofollow\">avait obtenu l&rsquo;annulation<\/a> de deux concerts que le duo devait donner \u00e0 la fin du mois de juin en Angleterre, \u00e0 Londres et \u00e0 Bristol. Jonny Greenwood avait alors <a href=\"https:\/\/x.com\/JnnyG\/status\/1919638582190288919\" target=\"_blank\" rel=\"nofollow\">fait \u00e9tat de \u00abmenaces cr\u00e9dibles\u00bb<\/a>. En cause \u00e9galement, le silence radio de Thom Yorke depuis le 7-Octobre.<\/p>\n<p>Interpell\u00e9 par un membre du public qui l&rsquo;exhortait \u00e0 \u00abcondamner le g\u00e9nocide \u00e0 Gaza\u00bb, lors d&rsquo;un concert solo \u00e0 Melbourne (Australie), le 30 octobre 2024, Thom Yorke n&rsquo;a bris\u00e9 le silence que le 30 mai 2025. Dans une publication partag\u00e9e sur Instagram et teint\u00e9e de remords, le musicien britannique a condamn\u00e9 <a href=\"https:\/\/www.instagram.com\/p\/DKR8Mc_CoKj?img_index=3\" target=\"_blank\" rel=\"nofollow noopener\">\u00abNetanyahou et sa bande d&rsquo;extr\u00e9mistes\u00bb<\/a> et press\u00e9 la communaut\u00e9 internationale de \u00abstopper le massacre\u00bb, sans oublier de rappeler la responsabilit\u00e9 du <a href=\"https:\/\/www.slate.fr\/dossier\/2803\/hamas\" class=\"tag-link\" rel=\"nofollow noopener\" target=\"_blank\">Hamas<\/a> et le sort des otages isra\u00e9liens. Il y distingue les populations et leurs dirigeants \u00abqui se cachent derri\u00e8re la souffrance de leur peuple\u00bb. Dans \u00abThe Gloaming\u00bb, ne chantait-il pas d\u00e9j\u00e0: \u00abDes meurtriers, voil\u00e0 ce que vous \u00eates, nous ne sommes pas comme vous\u00bb?<\/p>\n<p>Si Ed O&rsquo;Brien, guitariste de <a href=\"https:\/\/www.slate.fr\/dossier\/18787\/radiohead\" class=\"tag-link\" rel=\"nofollow noopener\" target=\"_blank\">Radiohead<\/a>, reprend d\u00e9sormais le slogan \u00abFree Palestine\u00bb, le refus de la \u00abpolarisation d\u00e9lib\u00e9r\u00e9e\u00bb affich\u00e9 par l&rsquo;auteur de \u00abKarma Police\u00bb (OK Computer, 1997) est d&rsquo;autant moins compris par une partie du public que certaines de ses prises de position pass\u00e9es semblent, \u00e0 tort ou \u00e0 raison, vouloir dire le contraire.<\/p>\n<p>Un \u00abmilitantisme all\u00e9gorique\u00bb<\/p>\n<p>Y aurait-il un malentendu? Bien que le rock alternatif soit implicitement associ\u00e9 au <a href=\"https:\/\/www.slate.fr\/dossier\/37277\/militantisme\" class=\"tag-link\" rel=\"nofollow noopener\" target=\"_blank\">militantisme<\/a>, Radiohead n&rsquo;est pas un groupe militant. Les protest songs? Trop risqu\u00e9es ou ennuyeuses. Adeptes des diagnostics plut\u00f4t que des r\u00e9ponses faciles, les Anglais privil\u00e9gient ce que Michel Delville, auteur du livre <a href=\"https:\/\/www.editionsdensite.fr\/Discogonie\/28\/OK_Computer.html\" target=\"_blank\" rel=\"nofollow noopener\">Radiohead OK Computer<\/a> (2015), nomme le \u00abmilitantisme all\u00e9gorique\u00bb.<\/p>\n<p>En t\u00e9moigne l&rsquo;artwork de Hail to the Thief, r\u00e9alis\u00e9 par le graphiste anglais Stanley Donwood. Cocr\u00e9ateur de l&rsquo;univers visuel du groupe avec Thom Yorke, l&rsquo;artiste s&rsquo;est inspir\u00e9 de la saturation publicitaire des rues de <a href=\"https:\/\/www.slate.fr\/dossier\/3719\/los-angeles\" class=\"tag-link\" rel=\"nofollow noopener\" target=\"_blank\">Los Angeles<\/a> pour peindre des cartes routi\u00e8res qu&rsquo;il a remplies de mots picor\u00e9s dans les textes de Thom Yorke: \u00abvote rigger\u00bb (\u00abvote truqu\u00e9\u00bb); \u00abchild killer\u00bb (\u00abtueur d&rsquo;enfant\u00bb); \u00abgrand guignol\u00bb\u2026<\/p>\n<blockquote class=\"reddit-embed-bq\" style=\"height:500px\" data-embed-height=\"740\"><p>\n<a href=\"https:\/\/www.reddit.com\/r\/radiohead\/comments\/1envged\/brief_guideexplanation_to_the_httt_era_artwork\/\" rel=\"nofollow noopener\" target=\"_blank\">Brief guide\/explanation to the HTTT era artwork series <\/a><br \/>by<a href=\"https:\/\/www.reddit.com\/user\/italox\/\" rel=\"nofollow noopener\" target=\"_blank\">u\/italox<\/a> in<a href=\"https:\/\/www.reddit.com\/r\/radiohead\/\" rel=\"nofollow noopener\" target=\"_blank\">radiohead<\/a>\n<\/p><\/blockquote>\n<p>Hormis la carte de <a href=\"https:\/\/www.slate.fr\/societe\/lexplication\/pourquoi-los-angeles-porte-ce-nom-sappelle-cite-des-anges-etats-unis-histoire-colons-espagnols-gouverneur-californie-immigration-mexique\" target=\"_blank\" rel=\"nofollow noopener\">la Cit\u00e9 des Anges<\/a>, celles de Bagdad (Irak), Kaboul (Afghanistan) ou Grozny (Tch\u00e9tch\u00e9nie) renvoient toutes aux guerres \u00abcontre le terrorisme\u00bb. Et rappellent in\u00e9vitablement les conflits actuels.<\/p>\n<p>Derri\u00e8re cette d\u00e9marche, \u00abil y a l&rsquo;id\u00e9e de neutraliser les mots, [\u2026] de dire: \u201cC&rsquo;est juste du papier peint, juste du bruit, c&rsquo;est multicolore, \u00e7a brille et je ne fais que passer devant\u201d\u00bb, expliquait Thom Yorke en ao\u00fbt <a href=\"https:\/\/www.bbc.co.uk\/programmes\/m002h10q\" target=\"_blank\" rel=\"nofollow noopener\">dans une interview accord\u00e9e \u00e0 BBC Radio 6 Music<\/a>. Connaissant la valeur musicale et th\u00e9matique du bruit dans l&rsquo;univers de Radiohead, on se dit que Hail to the Thief n&rsquo;en a pas fait beaucoup pour rien.<\/p>\n<p class=\"article_ref\"><a href=\"https:\/\/radiohead.bandcamp.com\/album\/hail-to-the-thief-live-recordings-2003-2009\" target=\"_blank\" rel=\"nofollow noopener\">Hail to the Thief (Live Recordings 2003-2009)<\/a>, sortie physique le 31 octobre 2025. Radiohead sera en tourn\u00e9e \u00e0 travers l&rsquo;Europe <a href=\"https:\/\/www.instagram.com\/p\/DOJIafeDOvV\/\" target=\"_blank\" rel=\"nofollow noopener\">du 4 novembre au 12 d\u00e9cembre 2025<\/a>: Madrid (4, 5, 7 et 8 novembre), Bologne (14, 15, 17 et 18 novembre), Londres (21, 22, 24 et 25 novembre), Copenhague (1er, 2, 4 et 5 d\u00e9cembre) et Berlin (8, 9, 11 et 12 d\u00e9cembre).<\/p>\n<p>          <script async src=\"\/\/www.instagram.com\/embed.js\"><\/script><\/p>\n","protected":false},"excerpt":{"rendered":"Les membres de Radiohead n&rsquo;ont jamais consid\u00e9r\u00e9 Hail to the Thief, leur sixi\u00e8me opus sorti en 2003, comme&hellip;\n","protected":false},"author":2,"featured_media":371110,"comment_status":"","ping_status":"","sticky":false,"template":"","format":"standard","meta":{"footnotes":""},"categories":[1355],"tags":[58,59,1011,27,1361,873],"class_list":{"0":"post-371109","1":"post","2":"type-post","3":"status-publish","4":"format-standard","5":"has-post-thumbnail","7":"category-musique","8":"tag-divertissement","9":"tag-entertainment","10":"tag-fr","11":"tag-france","12":"tag-music","13":"tag-musique"},"share_on_mastodon":{"url":"https:\/\/pubeurope.com\/@fr\/115158540038347571","error":""},"_links":{"self":[{"href":"https:\/\/www.europesays.com\/fr\/wp-json\/wp\/v2\/posts\/371109","targetHints":{"allow":["GET"]}}],"collection":[{"href":"https:\/\/www.europesays.com\/fr\/wp-json\/wp\/v2\/posts"}],"about":[{"href":"https:\/\/www.europesays.com\/fr\/wp-json\/wp\/v2\/types\/post"}],"author":[{"embeddable":true,"href":"https:\/\/www.europesays.com\/fr\/wp-json\/wp\/v2\/users\/2"}],"replies":[{"embeddable":true,"href":"https:\/\/www.europesays.com\/fr\/wp-json\/wp\/v2\/comments?post=371109"}],"version-history":[{"count":0,"href":"https:\/\/www.europesays.com\/fr\/wp-json\/wp\/v2\/posts\/371109\/revisions"}],"wp:featuredmedia":[{"embeddable":true,"href":"https:\/\/www.europesays.com\/fr\/wp-json\/wp\/v2\/media\/371110"}],"wp:attachment":[{"href":"https:\/\/www.europesays.com\/fr\/wp-json\/wp\/v2\/media?parent=371109"}],"wp:term":[{"taxonomy":"category","embeddable":true,"href":"https:\/\/www.europesays.com\/fr\/wp-json\/wp\/v2\/categories?post=371109"},{"taxonomy":"post_tag","embeddable":true,"href":"https:\/\/www.europesays.com\/fr\/wp-json\/wp\/v2\/tags?post=371109"}],"curies":[{"name":"wp","href":"https:\/\/api.w.org\/{rel}","templated":true}]}}