{"id":371111,"date":"2025-09-06T17:30:30","date_gmt":"2025-09-06T17:30:30","guid":{"rendered":"https:\/\/www.europesays.com\/fr\/371111\/"},"modified":"2025-09-06T17:30:30","modified_gmt":"2025-09-06T17:30:30","slug":"ces-10-repliques-viennent-de-mercredi-ou-de-hermione-granger-harry-potter","status":"publish","type":"post","link":"https:\/\/www.europesays.com\/fr\/371111\/","title":{"rendered":"ces 10 r\u00e9pliques viennent de Mercredi ou de Hermione Granger (Harry Potter) ?"},"content":{"rendered":"<p><p><a href=\"https:\/\/www.serieously.com\" rel=\"nofollow noopener\" target=\"_blank\">Accueil<\/a> &gt; <a href=\"https:\/\/www.serieously.com\/quiz\/\" rel=\"nofollow noopener\" target=\"_blank\">Quiz<\/a> &gt; Quiz : ces 10 r\u00e9pliques viennent de Mercredi ou de Hermione Granger (Harry Potter) ?<\/p>\n<\/p>\n<p class=\"o-article__published-by o-article__bullets\">\n            Publi\u00e9 le<br \/>\n                        6 septembre 2025 \u00e0 15 h 30<\/p>\n<p>             Par<br \/>\n                <a href=\"https:\/\/www.serieously.com\/author\/naomie\/\" rel=\"nofollow noopener\" target=\"_blank\">Naomie<br \/>\n                    Boree<\/a><\/p>\n<p>    <img loading=\"lazy\" decoding=\"async\" src=\"https:\/\/www.europesays.com\/fr\/wp-content\/uploads\/2025\/09\/mercredi-hermione-une.jpg\" alt=\"\" width=\"768\" height=\"432\"\/><\/p>\n<p>Qui a dit ces 10 r\u00e9pliques ? Plut\u00f4t Mercredi Addams ou Hermione Granger de Harry Potter ? Prouve que tu as une meilleure m\u00e9moire que la moyenne en faisant un sans faute \u00e0 ce quiz. <\/p>\n<p>\u00c0 quel perso cette r\u00e9plique appartient-elle ?<\/p>\n<p>\t\t\t\t\t<img decoding=\"async\" src=\"https:\/\/www.europesays.com\/fr\/wp-content\/uploads\/2025\/09\/hermione-et-mercredi-2.jpg\" alt=\"\u00a9 Netflix \/ \u00a9 Warner Bros\" width=\"400\" height=\"225\" loading=\"lazy\" style=\"aspect-ratio: 16\/9; object-fit: cover;\"\/><\/p>\n<p>\u00a9 Netflix \/ \u00a9 Warner Bros<\/p>\n<p>C\u2019est une r\u00e9plique d\u2019Hermione, adress\u00e9e \u00e0 Ron.<\/p>\n<p>\u00c0 quel perso cette r\u00e9plique appartient-elle ?<\/p>\n<p>\t\t\t\t\t<img decoding=\"async\" src=\"https:\/\/www.europesays.com\/fr\/wp-content\/uploads\/2025\/09\/hermione-et-mercredi-3.jpg\" alt=\"\u00a9 Netflix \/ \u00a9 Warner Bros\" width=\"400\" height=\"225\" loading=\"lazy\" style=\"aspect-ratio: 16\/9; object-fit: cover;\"\/><\/p>\n<p>\u00a9 Netflix \/ \u00a9 Warner Bros<\/p>\n<p>C\u2019est une r\u00e9plique de Mercredi qu\u2019elle prononce lors de sa rencontre avec Tyler.<\/p>\n<p>\u00c0 quel perso cette r\u00e9plique appartient-elle ?<\/p>\n<p>\t\t\t\t\t<img decoding=\"async\" src=\"https:\/\/www.europesays.com\/fr\/wp-content\/uploads\/2025\/09\/hermione-et-mercredi-8.jpg\" alt=\"\u00a9 Netflix \/ \u00a9 Warner Bros\" width=\"400\" height=\"225\" loading=\"lazy\" style=\"aspect-ratio: 16\/9; object-fit: cover;\"\/><\/p>\n<p>\u00a9 Netflix \/ \u00a9 Warner Bros<\/p>\n<p>C\u2019est une r\u00e9plique de Mercredi.<\/p>\n<p>\u00c0 quel perso cette r\u00e9plique appartient-elle ?<\/p>\n<p>\t\t\t\t\t<img decoding=\"async\" src=\"https:\/\/www.europesays.com\/fr\/wp-content\/uploads\/2025\/09\/hermione-et-mercredi-5.jpg\" alt=\"\u00a9 Netflix \/ \u00a9 Warner Bros\" width=\"400\" height=\"225\" loading=\"lazy\" style=\"aspect-ratio: 16\/9; object-fit: cover;\"\/><\/p>\n<p>\u00a9 Netflix \/ \u00a9 Warner Bros<\/p>\n<p>C\u2019est une r\u00e9plique de Mercredi, adress\u00e9e \u00e0 Pugsley lorsqu\u2019elle le d\u00e9couvre enferm\u00e9 dans son casier.<\/p>\n<p>\u00c0 quel perso cette r\u00e9plique appartient-elle ?<\/p>\n<p>\t\t\t\t\t<img decoding=\"async\" src=\"https:\/\/www.europesays.com\/fr\/wp-content\/uploads\/2025\/09\/harry-potter-mercredi.jpg\" alt=\"\u00a9 Netflix \/ \u00a9 Warner Bros\" width=\"400\" height=\"225\" loading=\"lazy\" style=\"aspect-ratio: 16\/9; object-fit: cover;\"\/><\/p>\n<p>\u00a9 Netflix \/ \u00a9 Warner Bros<\/p>\n<p>C\u2019est une r\u00e9plique d\u2019Hermione.<\/p>\n<p>\u00c0 quel perso cette r\u00e9plique appartient-elle ?<\/p>\n<p>\t\t\t\t\t<img decoding=\"async\" src=\"https:\/\/www.europesays.com\/fr\/wp-content\/uploads\/2025\/09\/hermione-et-mercredi-7.jpg\" alt=\"\u00a9 Netflix \/ \u00a9 Warner Bros\" width=\"400\" height=\"225\" loading=\"lazy\" style=\"aspect-ratio: 16\/9; object-fit: cover;\"\/><\/p>\n<p>\u00a9 Netflix \/ \u00a9 Warner Bros<\/p>\n<p>C\u2019est une r\u00e9plique d\u2019Hermione.<\/p>\n<p>\u00c0 quel perso cette r\u00e9plique appartient-elle ?<\/p>\n<p>\t\t\t\t\t<img decoding=\"async\" src=\"https:\/\/www.europesays.com\/fr\/wp-content\/uploads\/2025\/09\/hermione-et-mercredi.jpg\" alt=\"\u00a9 Netflix \/ \u00a9 Warner Bros\" width=\"400\" height=\"225\" loading=\"lazy\" style=\"aspect-ratio: 16\/9; object-fit: cover;\"\/><\/p>\n<p>\u00a9 Netflix \/ \u00a9 Warner Bros<\/p>\n<p>C\u2019est une r\u00e9plique de Mercredi, la reine des punchlines.<\/p>\n<p>\u00c0 quel perso cette r\u00e9plique appartient-elle ?<\/p>\n<p>\t\t\t\t\t<img decoding=\"async\" src=\"https:\/\/www.europesays.com\/fr\/wp-content\/uploads\/2025\/09\/hermione-harry-potter.jpg\" alt=\"\u00a9 Netflix \/ \u00a9 Warner Bros\" width=\"400\" height=\"225\" loading=\"lazy\" style=\"aspect-ratio: 16\/9; object-fit: cover;\"\/><\/p>\n<p>\u00a9 Netflix \/ \u00a9 Warner Bros<\/p>\n<p>C\u2019est une r\u00e9plique d\u2019Hermione.<\/p>\n<p>\u00c0 quel perso cette r\u00e9plique appartient-elle ?<\/p>\n<p>\t\t\t\t\t<img decoding=\"async\" src=\"https:\/\/www.europesays.com\/fr\/wp-content\/uploads\/2025\/09\/hermione-mercredi.jpg\" alt=\"\u00a9 Netflix \/ \u00a9 Warner Bros\" width=\"400\" height=\"225\" loading=\"lazy\" style=\"aspect-ratio: 16\/9; object-fit: cover;\"\/><\/p>\n<p>\u00a9 Netflix \/ \u00a9 Warner Bros<\/p>\n<p>C\u2019est une r\u00e9plique de Mercredi, adress\u00e9e \u00e0 Bianca.<\/p>\n<p>\u00c0 quel perso cette r\u00e9plique appartient-elle ?<\/p>\n<p>\t\t\t\t\t<img decoding=\"async\" src=\"https:\/\/www.europesays.com\/fr\/wp-content\/uploads\/2025\/09\/hermione-et-mercredi-9.jpg\" alt=\"\u00a9 Netflix \/ \u00a9 Warner Bros\" width=\"400\" height=\"225\" loading=\"lazy\" style=\"aspect-ratio: 16\/9; object-fit: cover;\"\/><\/p>\n<p>\u00a9 Netflix \/ \u00a9 Warner Bros<\/p>\n<p>C\u2019est une r\u00e9plique de Mercredi.<\/p>\n<p class=\"o-quiz__result-title\">Bof<\/p>\n<p class=\"o-quiz__result-subtitle\">Tu as obtenu un score de [[ score ]]\/[[ questions ]]<\/p>\n<p>\t\t\t\t\t\t\t\t\t<img decoding=\"async\" src=\"https:\/\/www.europesays.com\/fr\/wp-content\/uploads\/2025\/09\/mercredi-serie-gif.gif\" alt=\"Bof\" width=\"768\" height=\"432\" loading=\"lazy\"\/><\/p>\n<p>C\u2019est un r\u00e9sultat moyen\u2026 Tu as obtenu plus ou moins la moyenne, c\u2019est peut-\u00eatre parce que tu connais mieux un personnage que l\u2019autre\u2026<\/p>\n<p class=\"o-quiz__result-title\">A\u00efe<\/p>\n<p class=\"o-quiz__result-subtitle\">Tu as obtenu un score de [[ score ]]\/[[ questions ]]<\/p>\n<p>\t\t\t\t\t\t\t\t\t<img decoding=\"async\" src=\"https:\/\/www.europesays.com\/fr\/wp-content\/uploads\/2025\/09\/crying-sad.gif\" alt=\"A\u00efe\" width=\"768\" height=\"432\" loading=\"lazy\"\/><\/p>\n<p>A\u00efe, es-tu s\u00fbr d\u2019avoir vu Harry Potter et Mercredi, ou m\u00eame au moins l\u2019un des deux ?<\/p>\n<p>\u00a0<\/p>\n<p>\t\tRecommencer le quiz<\/p>\n<p>Pour plus de<a href=\"https:\/\/www.serieously.com\/series-tv-anime\/mercredi-netflix\/\" data-type=\"tv_show\" data-id=\"7947\" rel=\"nofollow noopener\" target=\"_blank\"> quiz et de news sur Mercredi <\/a>rendez-vous par ici. <\/p>\n<p>\t\t\t<img decoding=\"async\" src=\"https:\/\/www.europesays.com\/fr\/wp-content\/uploads\/2025\/09\/avataaars.jpg\" alt=\"Naomie Boree\" width=\"70\" height=\"70\" loading=\"lazy\"\/><\/p>\n<p class=\"m-user__name\">Naomie Boree<\/p>\n<p class=\"m-user__description\">Journaliste s\u00e9rie et cin\u00e9ma<\/p>\n<p>\n\t\t\t\t\t\t\t\t\t\t\t\t\t\t\tContacter<br \/>\n\t\t\t\t\t\tNaomie\n\t\t\t\t\t\t\t\t\t<\/p>\n<p>Lundi&rsquo;spensable<\/p>\n<p class=\"mt-4 mb-4 text-xl text-center\">Le meilleur de <\/p>\n<p> dans ta boite mail<\/p>\n","protected":false},"excerpt":{"rendered":"Accueil &gt; Quiz &gt; Quiz : ces 10 r\u00e9pliques viennent de Mercredi ou de Hermione Granger (Harry Potter)&hellip;\n","protected":false},"author":2,"featured_media":371112,"comment_status":"","ping_status":"","sticky":false,"template":"","format":"standard","meta":{"footnotes":""},"categories":[1354],"tags":[58,59,1346,1011,27,1360],"class_list":{"0":"post-371111","1":"post","2":"type-post","3":"status-publish","4":"format-standard","5":"has-post-thumbnail","7":"category-films","8":"tag-divertissement","9":"tag-entertainment","10":"tag-films","11":"tag-fr","12":"tag-france","13":"tag-movies"},"share_on_mastodon":{"url":"https:\/\/pubeurope.com\/@fr\/115158543988595188","error":""},"_links":{"self":[{"href":"https:\/\/www.europesays.com\/fr\/wp-json\/wp\/v2\/posts\/371111","targetHints":{"allow":["GET"]}}],"collection":[{"href":"https:\/\/www.europesays.com\/fr\/wp-json\/wp\/v2\/posts"}],"about":[{"href":"https:\/\/www.europesays.com\/fr\/wp-json\/wp\/v2\/types\/post"}],"author":[{"embeddable":true,"href":"https:\/\/www.europesays.com\/fr\/wp-json\/wp\/v2\/users\/2"}],"replies":[{"embeddable":true,"href":"https:\/\/www.europesays.com\/fr\/wp-json\/wp\/v2\/comments?post=371111"}],"version-history":[{"count":0,"href":"https:\/\/www.europesays.com\/fr\/wp-json\/wp\/v2\/posts\/371111\/revisions"}],"wp:featuredmedia":[{"embeddable":true,"href":"https:\/\/www.europesays.com\/fr\/wp-json\/wp\/v2\/media\/371112"}],"wp:attachment":[{"href":"https:\/\/www.europesays.com\/fr\/wp-json\/wp\/v2\/media?parent=371111"}],"wp:term":[{"taxonomy":"category","embeddable":true,"href":"https:\/\/www.europesays.com\/fr\/wp-json\/wp\/v2\/categories?post=371111"},{"taxonomy":"post_tag","embeddable":true,"href":"https:\/\/www.europesays.com\/fr\/wp-json\/wp\/v2\/tags?post=371111"}],"curies":[{"name":"wp","href":"https:\/\/api.w.org\/{rel}","templated":true}]}}