{"id":371121,"date":"2025-09-06T17:36:13","date_gmt":"2025-09-06T17:36:13","guid":{"rendered":"https:\/\/www.europesays.com\/fr\/371121\/"},"modified":"2025-09-06T17:36:13","modified_gmt":"2025-09-06T17:36:13","slug":"un-ete-pourri-pour-la-restauration","status":"publish","type":"post","link":"https:\/\/www.europesays.com\/fr\/371121\/","title":{"rendered":"un \u00e9t\u00e9 pourri pour la restauration"},"content":{"rendered":"<p>\u00ab\u00a0Le bilan est mauvais. Les d\u00e9faillances de nos entreprises vont s\u2019accentuer\u00a0\u00bb, livre au Progr\u00e8s Thierry Fontaine, pr\u00e9sident de l\u2019Umih Rh\u00f4ne rappelant qu\u2019en 2 ans, \u00ab\u00a020\u00a0000 caf\u00e9s, h\u00f4tels et restaurants, ont disparu en France\u00a0\u00bb.<\/p>\n<p>Dans le d\u00e9partement, si les h\u00e9bergeurs ont moins souffert que les restaurateurs, la situation ne serait rose pour personne. \u00ab\u00a0\u00c7a s\u2019est un peu arrang\u00e9 pour les h\u00f4teliers\u00a0\u00bb, admet Thierry Fontaine. \u00ab\u00a0On \u00e9tait \u00e0 &#8211; 8\u00a0% en juillet et ao\u00fbt a \u00e9t\u00e9 similaire, contre &#8211; 15\u00a0% en juin. Mais c\u00f4t\u00e9 restauration, on enregistre des &#8211; 20, &#8211; 25, &#8211; 30\u00a0%\u00a0!\u00a0\u00bb. Un constat en phase avec les syndicats professionnels estimant le recul de la fr\u00e9quentation dans la restauration de 15 \u00e0 30\u00a0% cet \u00e9t\u00e9 par&#8230;<\/p>\n","protected":false},"excerpt":{"rendered":"\u00ab\u00a0Le bilan est mauvais. Les d\u00e9faillances de nos entreprises vont s\u2019accentuer\u00a0\u00bb, livre au Progr\u00e8s Thierry Fontaine, pr\u00e9sident de&hellip;\n","protected":false},"author":2,"featured_media":371122,"comment_status":"","ping_status":"","sticky":false,"template":"","format":"standard","meta":{"footnotes":""},"categories":[6],"tags":[35,4406,33,34,2757,107,1011,27,2428,2756,2922,2429],"class_list":{"0":"post-371121","1":"post","2":"type-post","3":"status-publish","4":"format-standard","5":"has-post-thumbnail","7":"category-economie","8":"tag-business","9":"tag-commerce-et-services","10":"tag-economie","11":"tag-economy","12":"tag-edition-lyon-villeurbanne","13":"tag-fil-info","14":"tag-fr","15":"tag-france","16":"tag-lyon","17":"tag-lyon-bassin","18":"tag-pouvoir-dachat","19":"tag-rhone"},"share_on_mastodon":{"url":"https:\/\/pubeurope.com\/@fr\/115158567063636302","error":""},"_links":{"self":[{"href":"https:\/\/www.europesays.com\/fr\/wp-json\/wp\/v2\/posts\/371121","targetHints":{"allow":["GET"]}}],"collection":[{"href":"https:\/\/www.europesays.com\/fr\/wp-json\/wp\/v2\/posts"}],"about":[{"href":"https:\/\/www.europesays.com\/fr\/wp-json\/wp\/v2\/types\/post"}],"author":[{"embeddable":true,"href":"https:\/\/www.europesays.com\/fr\/wp-json\/wp\/v2\/users\/2"}],"replies":[{"embeddable":true,"href":"https:\/\/www.europesays.com\/fr\/wp-json\/wp\/v2\/comments?post=371121"}],"version-history":[{"count":0,"href":"https:\/\/www.europesays.com\/fr\/wp-json\/wp\/v2\/posts\/371121\/revisions"}],"wp:featuredmedia":[{"embeddable":true,"href":"https:\/\/www.europesays.com\/fr\/wp-json\/wp\/v2\/media\/371122"}],"wp:attachment":[{"href":"https:\/\/www.europesays.com\/fr\/wp-json\/wp\/v2\/media?parent=371121"}],"wp:term":[{"taxonomy":"category","embeddable":true,"href":"https:\/\/www.europesays.com\/fr\/wp-json\/wp\/v2\/categories?post=371121"},{"taxonomy":"post_tag","embeddable":true,"href":"https:\/\/www.europesays.com\/fr\/wp-json\/wp\/v2\/tags?post=371121"}],"curies":[{"name":"wp","href":"https:\/\/api.w.org\/{rel}","templated":true}]}}