{"id":371125,"date":"2025-09-06T17:38:14","date_gmt":"2025-09-06T17:38:14","guid":{"rendered":"https:\/\/www.europesays.com\/fr\/371125\/"},"modified":"2025-09-06T17:38:14","modified_gmt":"2025-09-06T17:38:14","slug":"le-gouvernement-reforme-les-pouponnieres-de-lase-encadrement-renforce-duree-de-placement-limitee-le-monde-fr","status":"publish","type":"post","link":"https:\/\/www.europesays.com\/fr\/371125\/","title":{"rendered":"Le gouvernement r\u00e9forme les pouponni\u00e8res de l\u2019ASE : encadrement renforc\u00e9, dur\u00e9e de placement limit\u00e9e &#8211; Le Monde.fr"},"content":{"rendered":"<ol>\n<li><a href=\"https:\/\/news.google.com\/rss\/articles\/CBMi-AFBVV95cUxNY3JYckQ5M0xNSzhaWHd4Slc1VE1XaEgzeGNPTnhUMElJUS1IYXZxR0l6c3hjTWFVZ2pYbUlRTTl5WEpjMEZMZThDZW9mRUljbXYwdEdzU1Rud0MtUTRyM2JubzIzRmZNak1jV29OQS13R0hfaV9vUm40Q05jSXUzRUM3eE1PMlBkc3hRRDRZby0xN2lZUGRYemd1c21nZGlzXzQ0RTVINk1PVWdlNW1WQi1rVUk4OTIweFpIOUp3RlgxQUdhWkZDNXRKbUJNOTI4MmctT2IxRUNmN0ZIMXpIUy0tVmlXb0JtZXl2UGZ5WTRpV3Z3MVktXw?oc=5\" target=\"_blank\" rel=\"nofollow noopener\">Le gouvernement r\u00e9forme les pouponni\u00e8res de l\u2019ASE : encadrement renforc\u00e9, dur\u00e9e de placement limit\u00e9e<\/a>&nbsp;&nbsp;Le Monde.fr<\/li>\n<li><a href=\"https:\/\/news.google.com\/rss\/articles\/CBMikAJBVV95cUxQUzlkOXRTamw3X2l5QXNJNFlvUkRWUDZPc3lwSDhudnRVXzVGdWd4dG1rbGZkLVZKY3NHSkpWeHBjTzVJRDh4cUV5bmlueHUwZnpsdGZJMlVZOFBoSFVWZUJZakozT0dMeWJPWVhuSjlFX2dDNDhQenNKdHFZWXZWNUxXSVFkcTIwdmpzZ2ZzUDJlb090NE9EQ282Q3VxZGh3ejVJai05WWlCcG5zT3A0aGs5dGlXM0lNNjNJZVhiTTB6OHJqNDd4QXhPYktVYXptS3hXeklZREZxZ0N5Y21wNUxsVGVuV2xvOHpVYm45R0J1bDJTZDF3VWdWdGlCZTJhWDhHUEZwYUVOaVZNZHRNXw?oc=5\" target=\"_blank\" rel=\"nofollow noopener\">\u00abAider des enfants secou\u00e9s par les difficult\u00e9s\u00bb : l\u2019ex\u00e9cutif r\u00e9forme l\u2019accueil des b\u00e9b\u00e9s dans l\u2019Aide sociale \u00e0 l\u2019Enfance<\/a>&nbsp;&nbsp;Lib\u00e9ration<\/li>\n<li><a href=\"https:\/\/news.google.com\/rss\/articles\/CBMihgJBVV95cUxORTM1LVUwazM2d0tvZ1VJVFhUMlMxZzI1NUxaaFdNRzl4WDFXLUpSeWdLMmwwekwtMjFtN3NwWE9leHpmSnRhd0N2bGgtZENEaTQ1bzE0eXlhbFhOZGNFcjBINkxxbE12UVJ2dVh1YnRYNHVoY2pwM28wZFJVZlA0UENsM1gtM3NrRU03N2xOdFZ3R20wNnVtejdvV2NFSmFUcHlWR0R4S2lpQUZZZU94Njhld2M3aEp6cWhyVkxFd1JRYmdqUl8wa2NIR2RuU3R4aFNpUTNEQkZWdXdiajQ2VDdQUzc5RDNiLWlWMzI0ZjczVGFCOEdwdjVvbGNqZ1NBQWluSU9R?oc=5\" target=\"_blank\" rel=\"nofollow noopener\">\u00ab Que l\u2019enfant n\u2019y passe pas plus de 3-4 mois \u00bb : le gouvernement r\u00e9forme l\u2019accueil des b\u00e9b\u00e9s par l\u2019ASE<\/a>&nbsp;&nbsp;Le Parisien<\/li>\n<li><a href=\"https:\/\/news.google.com\/rss\/articles\/CBMi3gFBVV95cUxQT044VDg5QWNMZEhjdl9IUUp0VXZTQzhsYVJNSnBsMS1tYlFEZTh2ZHUzVUU1QjUzWTVvaFBfWHVETFgtemswTk13anpBdWFrM3hIMVBfOUdQdjV3STNsWG9IQ0tjRG9lS0VoenpIaC1rMGRvcVE5WmkxX2lNWlZrM2JNd3JBZk4xYldLNjM0UE9XNnFGcWFOUVN6UUxnYmM3WlBkSDFjMlJsclFIWThyVmdyNWw1N2JobkdYbEU2R1Zsb3Zoa0NNN1FOU3ZLSG54NEppUFdkYlczU0EyaHc?oc=5\" target=\"_blank\" rel=\"nofollow noopener\">Le gouvernement r\u00e9forme l&rsquo;accueil des b\u00e9b\u00e9s dans l&rsquo;Aide sociale \u00e0 l&rsquo;enfance<\/a>&nbsp;&nbsp;France Info<\/li>\n<li><a href=\"https:\/\/news.google.com\/rss\/articles\/CBMisAFBVV95cUxNaUVNcUZLVm9hYzNrTTZablRfYlZmUUNnOF93b0tWWG8wek5JSjdEZUU1THFZM05UTzVNR1FpVGtNdFdQNW1CSjdDN2Y0eW1UeDdJeXlMZkFZYWJJRHh2WkdGTm1lSm5WLWRUbWx6MTk2S1JFMWd3SS05VnRkQnFER2w1SW4yRnRSUlNLTTBYTFptR2pVVGRsdkhOT1ZucnJOeHJSaUtWVmFOMmhZWVJydA?oc=5\" target=\"_blank\" rel=\"nofollow noopener\">Pouponni\u00e8res : taux d\u2019encadrement, capacit\u00e9 d\u2019accueil\u2026le d\u00e9cret publi\u00e9<\/a>&nbsp;&nbsp;Les pros de la petite enfance<\/li>\n<\/ol>\n","protected":false},"excerpt":{"rendered":"Le gouvernement r\u00e9forme les pouponni\u00e8res de l\u2019ASE : encadrement renforc\u00e9, dur\u00e9e de placement limit\u00e9e&nbsp;&nbsp;Le Monde.fr \u00abAider des enfants&hellip;\n","protected":false},"author":2,"featured_media":1445,"comment_status":"","ping_status":"","sticky":false,"template":"","format":"standard","meta":{"footnotes":""},"categories":[4],"tags":[11,1011,27,12,25],"class_list":{"0":"post-371125","1":"post","2":"type-post","3":"status-publish","4":"format-standard","5":"has-post-thumbnail","7":"category-france","8":"tag-actualites","9":"tag-fr","10":"tag-france","11":"tag-news","12":"tag-republique-francaise"},"share_on_mastodon":{"url":"https:\/\/pubeurope.com\/@fr\/115158575009481091","error":""},"_links":{"self":[{"href":"https:\/\/www.europesays.com\/fr\/wp-json\/wp\/v2\/posts\/371125","targetHints":{"allow":["GET"]}}],"collection":[{"href":"https:\/\/www.europesays.com\/fr\/wp-json\/wp\/v2\/posts"}],"about":[{"href":"https:\/\/www.europesays.com\/fr\/wp-json\/wp\/v2\/types\/post"}],"author":[{"embeddable":true,"href":"https:\/\/www.europesays.com\/fr\/wp-json\/wp\/v2\/users\/2"}],"replies":[{"embeddable":true,"href":"https:\/\/www.europesays.com\/fr\/wp-json\/wp\/v2\/comments?post=371125"}],"version-history":[{"count":0,"href":"https:\/\/www.europesays.com\/fr\/wp-json\/wp\/v2\/posts\/371125\/revisions"}],"wp:featuredmedia":[{"embeddable":true,"href":"https:\/\/www.europesays.com\/fr\/wp-json\/wp\/v2\/media\/1445"}],"wp:attachment":[{"href":"https:\/\/www.europesays.com\/fr\/wp-json\/wp\/v2\/media?parent=371125"}],"wp:term":[{"taxonomy":"category","embeddable":true,"href":"https:\/\/www.europesays.com\/fr\/wp-json\/wp\/v2\/categories?post=371125"},{"taxonomy":"post_tag","embeddable":true,"href":"https:\/\/www.europesays.com\/fr\/wp-json\/wp\/v2\/tags?post=371125"}],"curies":[{"name":"wp","href":"https:\/\/api.w.org\/{rel}","templated":true}]}}