{"id":371126,"date":"2025-09-06T17:39:16","date_gmt":"2025-09-06T17:39:16","guid":{"rendered":"https:\/\/www.europesays.com\/fr\/371126\/"},"modified":"2025-09-06T17:39:16","modified_gmt":"2025-09-06T17:39:16","slug":"marathon-du-medoc-la-39e-edition-en-images-sud-ouest","status":"publish","type":"post","link":"https:\/\/www.europesays.com\/fr\/371126\/","title":{"rendered":"Marathon du M\u00e9doc : la 39e \u00e9dition en images &#8211; Sud Ouest"},"content":{"rendered":"<ol>\n<li><a href=\"https:\/\/news.google.com\/rss\/articles\/CBMiuwFBVV95cUxNVmU5WXFoRWVXeGlTVkl4MHd4Y2dKUTFoa2xkdHV3WUNIdGNhNUdMbjVOa0tJYU5acG1nNXNGQlNRSjBPUVdNS09tRlp3dTlFdDVoY2s0MnFoOWdWMzAwNWRBSUtQQmUxZ3pLYWtsb2tLcTBQM2NnSGdHRDEtQTd2eGRIZlJvQmdBVmNleFBRWUFSbU0tTFdRZWJFN1NRbGFGYTZjaTJJZUNycTc3MDRIN0tPeVB3UFFpZVBn?oc=5\" target=\"_blank\" rel=\"nofollow noopener\">Marathon du M\u00e9doc : la 39e \u00e9dition en images<\/a>&nbsp;&nbsp;Sud Ouest<\/li>\n<li><a href=\"https:\/\/news.google.com\/rss\/articles\/CBMipwJBVV95cUxPcG5sU1hXb3FBM19SUkE0ejNGWmZ1ZFBzblhyTXhDTm1fR2RvZmhfN2tCaWNMVXdGbXNQb1lDTnJ3VjQ1ZGNNX0pubEtkMklHMHJ6Yy1UMWZoSXFRMm5LZDVoU25xdVlyNTdSanFWRlZWTlZqMFNLYXFFMkpPUm90dWZ5bk5sRlM1U2ItdVBYX2hzSUR4b0JBVHlITWtfa3lCZnYzS2d2b1NvWkYtbzZMM0xDXzBFeGdLQ0UxcXZ5NU1FemNENGxPNnlxQnVwWUE0N09JaDd5YzVwYkF1SUlSMWRoeWZLdklVYWhkWHZZYWozY1ZERUdzakNrbVNJb1ZKbU9vS3dPZXhvS1Niem1rTklhRFNNQlVLMm4wTVg2Z3ZEV0l0OHVN?oc=5\" target=\"_blank\" rel=\"nofollow noopener\">EN IMAGES. \u00ab\u00a0On vient pour le spectacle\u00a0\u00bb : 8 500 participants courent le Marathon du M\u00e9doc, c\u00e9l\u00e8bre dans le monde entier<\/a>&nbsp;&nbsp;France 3 R\u00e9gions<\/li>\n<li><a href=\"https:\/\/news.google.com\/rss\/articles\/CBMigAFBVV95cUxPMjBUcDIxVnRRbHRKYW9rTU5SMWJlbi1ocENUZHpUUEVtcENTMDIySXFKYjRRWi01MjZZT2tCLXNHbjYzSmwzMkVIQzFPTmFmU1E2aTU5eG53cWJzSGpRQ2p3UU9qMW9lQ1UxUnBsZ0x3TzlrZW5aTm9UeTBtdVdiaQ?oc=5\" target=\"_blank\" rel=\"nofollow noopener\">R\u00e9sultats et classement Marathon du M\u00e9doc 2025<\/a>&nbsp;&nbsp;Dicodusport<\/li>\n<li><a href=\"https:\/\/news.google.com\/rss\/articles\/CBMingFBVV95cUxQYXd0RmtYTkF6Q0pyN3FxRlJoZW05R1Z2Q0djdTlTN3RMWE5sa1Vibzl2YjZBTjJ1WUR3OGduY21jaTVvbDRTZEpJeG1jdFlUNUFtS3BjajdjM2lxUFRjRUZ3eXpuRHZkWEhBR2FSLTJyT1VMYmVYLVJlX2JjUms4Q1RodllEZEZTVzhzZE1Nb3VDbF9BeGNMLV85NzUwUQ?oc=5\" target=\"_blank\" rel=\"nofollow noopener\">Marathon du M\u00e9doc 2025 &#8211; Le direct et les r\u00e9sultats<\/a>&nbsp;&nbsp;Ski-nordique<\/li>\n<li><a href=\"https:\/\/news.google.com\/rss\/articles\/CBMimwFBVV95cUxNZk9ONkllWGpkVDNBNWV6ZzBJZFBKNFhxMTFFeW5VZTlXblhucU5zOEJibDFlVlltWXFfM1ZiVVR6VmJaT2Y4TlA0WV9QQnJITzA5WDBHakwzVmN4RHB3SG42aWVoRXc0MkEzbjVlZVhhY1Vxb0w5OHJJNkdMaXNJdnZ4Wl9EanFEejhKcURPWWkzclcwSmhWcTEwQQ?oc=5\" target=\"_blank\" rel=\"nofollow noopener\">R\u00e9sultats marathon du M\u00e9doc 2025<\/a>&nbsp;&nbsp;Conseils Course \u00e0 Pied<\/li>\n<\/ol>\n","protected":false},"excerpt":{"rendered":"Marathon du M\u00e9doc : la 39e \u00e9dition en images&nbsp;&nbsp;Sud Ouest EN IMAGES. \u00ab\u00a0On vient pour le spectacle\u00a0\u00bb :&hellip;\n","protected":false},"author":2,"featured_media":371127,"comment_status":"","ping_status":"","sticky":false,"template":"","format":"standard","meta":{"footnotes":""},"categories":[2],"tags":[11,1011,27,12],"class_list":{"0":"post-371126","1":"post","2":"type-post","3":"status-publish","4":"format-standard","5":"has-post-thumbnail","7":"category-actualites","8":"tag-actualites","9":"tag-fr","10":"tag-france","11":"tag-news"},"share_on_mastodon":{"url":"https:\/\/pubeurope.com\/@fr\/115158578873853680","error":""},"_links":{"self":[{"href":"https:\/\/www.europesays.com\/fr\/wp-json\/wp\/v2\/posts\/371126","targetHints":{"allow":["GET"]}}],"collection":[{"href":"https:\/\/www.europesays.com\/fr\/wp-json\/wp\/v2\/posts"}],"about":[{"href":"https:\/\/www.europesays.com\/fr\/wp-json\/wp\/v2\/types\/post"}],"author":[{"embeddable":true,"href":"https:\/\/www.europesays.com\/fr\/wp-json\/wp\/v2\/users\/2"}],"replies":[{"embeddable":true,"href":"https:\/\/www.europesays.com\/fr\/wp-json\/wp\/v2\/comments?post=371126"}],"version-history":[{"count":0,"href":"https:\/\/www.europesays.com\/fr\/wp-json\/wp\/v2\/posts\/371126\/revisions"}],"wp:featuredmedia":[{"embeddable":true,"href":"https:\/\/www.europesays.com\/fr\/wp-json\/wp\/v2\/media\/371127"}],"wp:attachment":[{"href":"https:\/\/www.europesays.com\/fr\/wp-json\/wp\/v2\/media?parent=371126"}],"wp:term":[{"taxonomy":"category","embeddable":true,"href":"https:\/\/www.europesays.com\/fr\/wp-json\/wp\/v2\/categories?post=371126"},{"taxonomy":"post_tag","embeddable":true,"href":"https:\/\/www.europesays.com\/fr\/wp-json\/wp\/v2\/tags?post=371126"}],"curies":[{"name":"wp","href":"https:\/\/api.w.org\/{rel}","templated":true}]}}