{"id":371130,"date":"2025-09-06T17:41:11","date_gmt":"2025-09-06T17:41:11","guid":{"rendered":"https:\/\/www.europesays.com\/fr\/371130\/"},"modified":"2025-09-06T17:41:11","modified_gmt":"2025-09-06T17:41:11","slug":"depuis-decembre-le-trottoir-toujours-condamne","status":"publish","type":"post","link":"https:\/\/www.europesays.com\/fr\/371130\/","title":{"rendered":"depuis d\u00e9cembre, le trottoir toujours condamn\u00e9"},"content":{"rendered":"<p>\u00ab\u00a0Depuis d\u00e9cembre, \u00e7a n\u2019a pas boug\u00e9.\u00a0\u00bb De son appartement de la rue de la Jomay\u00e8re, Nathalie (*) a une vue plongeante sur les rails du chemin de fer. Et sur les barri\u00e8res rouges qui longent le trottoir, condamn\u00e9 il y a plus de huit mois.<\/p>\n<p>Dans la nuit du 20 au 21\u00a0d\u00e9cembre dernier, un morceau du mur situ\u00e9 entre la rue et les voies s\u2019est effondr\u00e9, <a href=\"https:\/\/www.leprogres.fr\/faits-divers-justice\/2024\/12\/23\/apres-le-deraillement-d-un-ter-a-saint-etienne-la-police-lance-un-appel-a-temoins\" target=\"_blank\" rel=\"nofollow noopener\">percut\u00e9 par un automobiliste<\/a>. \u00ab\u00a0Je me rappelle bien\u00a0\u00bb, raconte Nathalie. \u00ab\u00a0J\u2019ai entendu du bruit dans la nuit, je me suis dit qu\u2019une voiture avait encore d\u00fb se prendre le mur. \u00c7a arrive au moins une fois par an.\u00a0\u00bb&#8230;<\/p>\n","protected":false},"excerpt":{"rendered":"\u00ab\u00a0Depuis d\u00e9cembre, \u00e7a n\u2019a pas boug\u00e9.\u00a0\u00bb De son appartement de la rue de la Jomay\u00e8re, Nathalie (*) a&hellip;\n","protected":false},"author":2,"featured_media":371131,"comment_status":"","ping_status":"","sticky":false,"template":"","format":"standard","meta":{"footnotes":""},"categories":[9653],"tags":[119,1111,11,2430,7539,1777,674,274,1011,27,3367,12,25,4001,7538],"class_list":{"0":"post-371130","1":"post","2":"type-post","3":"status-publish","4":"format-standard","5":"has-post-thumbnail","7":"category-saint-etienne","8":"tag-accident","9":"tag-actu","10":"tag-actualites","11":"tag-auvergne-rhone-alpes","12":"tag-edition-loire-sud","13":"tag-eu","14":"tag-europe","15":"tag-faits-divers-justice","16":"tag-fr","17":"tag-france","18":"tag-loire","19":"tag-news","20":"tag-republique-francaise","21":"tag-saint-etienne","22":"tag-saint-etienne-ville"},"share_on_mastodon":{"url":"https:\/\/pubeurope.com\/@fr\/115158586736941534","error":""},"_links":{"self":[{"href":"https:\/\/www.europesays.com\/fr\/wp-json\/wp\/v2\/posts\/371130","targetHints":{"allow":["GET"]}}],"collection":[{"href":"https:\/\/www.europesays.com\/fr\/wp-json\/wp\/v2\/posts"}],"about":[{"href":"https:\/\/www.europesays.com\/fr\/wp-json\/wp\/v2\/types\/post"}],"author":[{"embeddable":true,"href":"https:\/\/www.europesays.com\/fr\/wp-json\/wp\/v2\/users\/2"}],"replies":[{"embeddable":true,"href":"https:\/\/www.europesays.com\/fr\/wp-json\/wp\/v2\/comments?post=371130"}],"version-history":[{"count":0,"href":"https:\/\/www.europesays.com\/fr\/wp-json\/wp\/v2\/posts\/371130\/revisions"}],"wp:featuredmedia":[{"embeddable":true,"href":"https:\/\/www.europesays.com\/fr\/wp-json\/wp\/v2\/media\/371131"}],"wp:attachment":[{"href":"https:\/\/www.europesays.com\/fr\/wp-json\/wp\/v2\/media?parent=371130"}],"wp:term":[{"taxonomy":"category","embeddable":true,"href":"https:\/\/www.europesays.com\/fr\/wp-json\/wp\/v2\/categories?post=371130"},{"taxonomy":"post_tag","embeddable":true,"href":"https:\/\/www.europesays.com\/fr\/wp-json\/wp\/v2\/tags?post=371130"}],"curies":[{"name":"wp","href":"https:\/\/api.w.org\/{rel}","templated":true}]}}