{"id":371132,"date":"2025-09-06T17:42:27","date_gmt":"2025-09-06T17:42:27","guid":{"rendered":"https:\/\/www.europesays.com\/fr\/371132\/"},"modified":"2025-09-06T17:42:27","modified_gmt":"2025-09-06T17:42:27","slug":"chaligny-mariage-maxime-et-alicia","status":"publish","type":"post","link":"https:\/\/www.europesays.com\/fr\/371132\/","title":{"rendered":"Chaligny | Mariage. Maxime et Alicia"},"content":{"rendered":"<p>Samedi 6\u00a0septembre, en mairie de Chaligny, Maxime Humblot, cadre infirmier et Alicia Labroche, ergoth\u00e9rapeute, ont \u00e9t\u00e9 unis par Emmanuel Schneider, premier adjoint. Ils sont les parents de Jules, 7 ans et r\u00e9sident \u00e0 Bainville-sur-Madon, mais la mari\u00e9e, arriv\u00e9e en voiture ancienne conduite par son p\u00e8re, est issue d\u2019une longue lign\u00e9e chalin\u00e9enne. F\u00e9licitations.<\/p>\n","protected":false},"excerpt":{"rendered":"Samedi 6\u00a0septembre, en mairie de Chaligny, Maxime Humblot, cadre infirmier et Alicia Labroche, ergoth\u00e9rapeute, ont \u00e9t\u00e9 unis par&hellip;\n","protected":false},"author":2,"featured_media":371133,"comment_status":"","ping_status":"","sticky":false,"template":"","format":"standard","meta":{"footnotes":""},"categories":[9635],"tags":[1111,11,9223,9848,23797,1704,1777,674,1011,27,775,1930,1702,12,25,104],"class_list":{"0":"post-371132","1":"post","2":"type-post","3":"status-publish","4":"format-standard","5":"has-post-thumbnail","7":"category-nancy","8":"tag-actu","9":"tag-actualites","10":"tag-carnet-du-jour","11":"tag-cc-moselle-et-madon-54b","12":"tag-chaligny","13":"tag-edition-nancy-et-agglomeration","14":"tag-eu","15":"tag-europe","16":"tag-fr","17":"tag-france","18":"tag-grand-est","19":"tag-mariage","20":"tag-nancy","21":"tag-news","22":"tag-republique-francaise","23":"tag-societe"},"share_on_mastodon":{"url":"https:\/\/pubeurope.com\/@fr\/115158590711633685","error":""},"_links":{"self":[{"href":"https:\/\/www.europesays.com\/fr\/wp-json\/wp\/v2\/posts\/371132","targetHints":{"allow":["GET"]}}],"collection":[{"href":"https:\/\/www.europesays.com\/fr\/wp-json\/wp\/v2\/posts"}],"about":[{"href":"https:\/\/www.europesays.com\/fr\/wp-json\/wp\/v2\/types\/post"}],"author":[{"embeddable":true,"href":"https:\/\/www.europesays.com\/fr\/wp-json\/wp\/v2\/users\/2"}],"replies":[{"embeddable":true,"href":"https:\/\/www.europesays.com\/fr\/wp-json\/wp\/v2\/comments?post=371132"}],"version-history":[{"count":0,"href":"https:\/\/www.europesays.com\/fr\/wp-json\/wp\/v2\/posts\/371132\/revisions"}],"wp:featuredmedia":[{"embeddable":true,"href":"https:\/\/www.europesays.com\/fr\/wp-json\/wp\/v2\/media\/371133"}],"wp:attachment":[{"href":"https:\/\/www.europesays.com\/fr\/wp-json\/wp\/v2\/media?parent=371132"}],"wp:term":[{"taxonomy":"category","embeddable":true,"href":"https:\/\/www.europesays.com\/fr\/wp-json\/wp\/v2\/categories?post=371132"},{"taxonomy":"post_tag","embeddable":true,"href":"https:\/\/www.europesays.com\/fr\/wp-json\/wp\/v2\/tags?post=371132"}],"curies":[{"name":"wp","href":"https:\/\/api.w.org\/{rel}","templated":true}]}}