{"id":371136,"date":"2025-09-06T17:44:11","date_gmt":"2025-09-06T17:44:11","guid":{"rendered":"https:\/\/www.europesays.com\/fr\/371136\/"},"modified":"2025-09-06T17:44:11","modified_gmt":"2025-09-06T17:44:11","slug":"a-six-fours-jean-sebastien-vialatte-est-candidat-pour-un-plan-climat-local-aux-municipales","status":"publish","type":"post","link":"https:\/\/www.europesays.com\/fr\/371136\/","title":{"rendered":"A Six-Fours, Jean-S\u00e9bastien Vialatte est candidat pour un \u00ab\u00a0Plan climat local\u00a0\u00bb aux municipales"},"content":{"rendered":"<p>C\u2019\u00e9tait un secret de polichinelle. Mais, en inaugurant sa permanence de campagne ce samedi matin au 90, rue de la R\u00e9publique, Jean-S\u00e9bastien Vialatte ne laisse plus aucun doute sur sa candidature aux \u00e9lections municipales de Six-Fours, les 15 et 22 mars prochains.<\/p>\n<p>\u00c0 75 ans, le maire sortant, qui avait pourtant d\u00e9clar\u00e9 il y a quelques ann\u00e9es que, pass\u00e9 cet \u00e2ge, il \u00e9tait sage de laisser la main, se sent finalement suffisamment d\u2019attaque pour briguer un 6e mandat.<\/p>\n<p>Certains observateurs disent que sa d\u00e9cision est en partie dict\u00e9e par \u00ab\u00a0la crainte de voir la ville qu\u2019il dirige depuis 1995 basculer au Rassemblement national\u00a0\u00bb. Que, face \u00e0 ce \u00ab\u00a0risque\u00a0\u00bb, scrutin apr\u00e8s scrutin croissant, un successeur d\u00e9sign\u00e9 n\u2019aurait sans doute pas autant de poids que cette \u00ab\u00a0figure locale bien connue et rassurante\u00a0\u00bb.<\/p>\n<p>\u00ab\u00a0Venez nous rencontrer, \u00e9changer, analyser\u00a0\u00bb<\/p>\n<p>Ce samedi matin donc, en plein centre-ville, devant quelque 200 sympathisants et sous le slogan \u00ab\u00a0La Ville qui gagne\u00a0\u00bb accroch\u00e9 au-dessus de la vitrine, il n\u2019a laiss\u00e9 transpara\u00eetre aucun doute, et pr\u00e9f\u00e9rant v\u00e9hiculer de la confiance: \u00ab\u00a0Je ne viens pas vous d\u00e9livrer un programme, on a 6 mois pour \u00e7a\u2026 Mais pour inaugurer ce local, qui est une porte ouverte pour que vous veniez nous voir, qu\u2019on puisse \u00e9changer, analyser le dernier mandat, voir ce qu\u2019on aurait pu faire de mieux\u2026\u00a0\u00bb<\/p>\n<p>Le candidat \u00e0 sa succession a tout de m\u00eame \u00e9voqu\u00e9 rapidement un \u00ab\u00a0beau bilan\u00a0\u00bb: \u00ab\u00a0On a fait beaucoup de choses en termes de s\u00e9curit\u00e9, de sant\u00e9, d\u2019environnement\u2026\u00a0\u00bb<\/p>\n<p>\u00ab\u00a0Mais on n\u2019est pas \u00e9lu sur un bilan\u00a0\u00bb, a-t-il stopp\u00e9. \u00ab\u00a0Ce que je vous propose, c\u2019est construire un mandat pour les 20 ans \u00e0 venir. Un projet qui r\u00e9ponde aux probl\u00e9matiques auxquelles nous sommes confront\u00e9s aujourd\u2019hui, et qui prennent de l\u2019ampleur: je pense \u00e9videmment au d\u00e9r\u00e8glement climatique. Je propose donc de construire un Plan climat local pour lutter contre le r\u00e9chauffement. Il faut prendre des mesures sociales, pour que les personnes les plus d\u00e9favoris\u00e9es n\u2019y soient pas confront\u00e9es dans la solitude; prendre des mesures environnementales, en plantant encore plus d\u2019arbres, cr\u00e9er des parcs et des \u00eelots de fra\u00eecheur avec de la verdure, des brumisateurs\u2026 Continuer de d\u00e9simperm\u00e9abiliser les sols, d\u00e9velopper encore les modes de transport doux, am\u00e9liorer les transports en commun\u2026\u00a0\u00bb, a-t-il d\u00e9voil\u00e9 dans les grandes lignes.<\/p>\n<p>\u00ab\u00a0Pr\u00e9server notre bulle de tranquillit\u00e9\u00a0\u00bb<\/p>\n<p>\u00ab\u00a0Pas [juste] un mandat de plus, a-t-il insist\u00e9, mais un mandat utile, pour mettre la ville en ad\u00e9quation avec les enjeux \u00e0 venir, pour la g\u00e9n\u00e9ration future\u00a0\u00bb.<\/p>\n<p>Apr\u00e8s avoir promis une liste qui int\u00e9grera la jeunesse, il a fait un apart\u00e9 sur la culture. \u00ab\u00a0Dans le monde compliqu\u00e9 qui est le n\u00f4tre, nous tenons \u00e0 continuer \u00e0 vous offrir une grande quantit\u00e9 de divertissements pour \u00e9chapper \u00e0 la morosit\u00e9 ambiante, \u00e0 travers la musique classique, le jazz ou l\u2019\u00e9lectro, \u00e0 travers le th\u00e9\u00e2tre, le cin\u00e9ma, les expos, les associations\u2026\u00a0\u00bb<\/p>\n<p>\u00ab\u00a0Je pense qu\u2019\u00e0 Six-Fours, nous vivons dans une bulle de tranquillit\u00e9\u2026 qu\u2019il faut pr\u00e9server\u00a0\u00bb, a conclu Jean-S\u00e9bastien Vialatte.<\/p>\n","protected":false},"excerpt":{"rendered":"C\u2019\u00e9tait un secret de polichinelle. Mais, en inaugurant sa permanence de campagne ce samedi matin au 90, rue&hellip;\n","protected":false},"author":2,"featured_media":371137,"comment_status":"","ping_status":"","sticky":false,"template":"","format":"standard","meta":{"footnotes":""},"categories":[9619],"tags":[1111,11,1777,674,1011,27,12,316,882,25,2310,3366],"class_list":{"0":"post-371136","1":"post","2":"type-post","3":"status-publish","4":"format-standard","5":"has-post-thumbnail","7":"category-toulon","8":"tag-actu","9":"tag-actualites","10":"tag-eu","11":"tag-europe","12":"tag-fr","13":"tag-france","14":"tag-news","15":"tag-politique","16":"tag-provence-alpes-cote-dazur","17":"tag-republique-francaise","18":"tag-toulon","19":"tag-vie-locale"},"share_on_mastodon":{"url":"https:\/\/pubeurope.com\/@fr\/115158598647740184","error":""},"_links":{"self":[{"href":"https:\/\/www.europesays.com\/fr\/wp-json\/wp\/v2\/posts\/371136","targetHints":{"allow":["GET"]}}],"collection":[{"href":"https:\/\/www.europesays.com\/fr\/wp-json\/wp\/v2\/posts"}],"about":[{"href":"https:\/\/www.europesays.com\/fr\/wp-json\/wp\/v2\/types\/post"}],"author":[{"embeddable":true,"href":"https:\/\/www.europesays.com\/fr\/wp-json\/wp\/v2\/users\/2"}],"replies":[{"embeddable":true,"href":"https:\/\/www.europesays.com\/fr\/wp-json\/wp\/v2\/comments?post=371136"}],"version-history":[{"count":0,"href":"https:\/\/www.europesays.com\/fr\/wp-json\/wp\/v2\/posts\/371136\/revisions"}],"wp:featuredmedia":[{"embeddable":true,"href":"https:\/\/www.europesays.com\/fr\/wp-json\/wp\/v2\/media\/371137"}],"wp:attachment":[{"href":"https:\/\/www.europesays.com\/fr\/wp-json\/wp\/v2\/media?parent=371136"}],"wp:term":[{"taxonomy":"category","embeddable":true,"href":"https:\/\/www.europesays.com\/fr\/wp-json\/wp\/v2\/categories?post=371136"},{"taxonomy":"post_tag","embeddable":true,"href":"https:\/\/www.europesays.com\/fr\/wp-json\/wp\/v2\/tags?post=371136"}],"curies":[{"name":"wp","href":"https:\/\/api.w.org\/{rel}","templated":true}]}}