{"id":371140,"date":"2025-09-06T17:46:12","date_gmt":"2025-09-06T17:46:12","guid":{"rendered":"https:\/\/www.europesays.com\/fr\/371140\/"},"modified":"2025-09-06T17:46:12","modified_gmt":"2025-09-06T17:46:12","slug":"la-cinquieme-essence-au-mo-co-panacee-encore-trois-semaines-pour-profiter-de-cette-expo-hallucinante","status":"publish","type":"post","link":"https:\/\/www.europesays.com\/fr\/371140\/","title":{"rendered":"\u00ab\u00a0La cinqui\u00e8me essence\u00a0\u00bb au MO.CO. Panac\u00e9e\u00a0: encore trois semaines pour profiter de cette expo hallucinante"},"content":{"rendered":"<p>\n                                                                Encore trois semaines pour d\u00e9couvrir l\u2019exposition \u201cLa cinqui\u00e8me essence\u201d, de Jean-Marie Appriou, au MO.CO. Panac\u00e9e, \u00e0 Montpellier. Un \u201ctrip\u201d physique et mental \u00e0 travers les \u00e9l\u00e9ments absolument d\u00e9ment.\n                            <\/p>\n<p>Il est une essence qui se r\u00e9sume \u00e0 rien et pourtant concentre tut, qui inspire et pourtant ne se respire pas, qui est invisible et pourtant se contemple\u00a0: la cinqui\u00e8me essence. De cette quintessence ch\u00e8re \u00e0 l\u2019alchimie depuis la nuit des temps, \u00e0 tout le moins leur petit jour, Jean-Marie Appriou a fait le sujet, et le titre de sa fantastique exposition qui fait sensation depuis fin juin, et m\u00e9rite assur\u00e9ment la revoyure exploratoire <a href=\"https:\/\/www.moco.art\/fr\/exposition\/la-cinquieme-essence-jean-marie-appriou\" target=\"_self\" rel=\"nofollow noopener\">jusqu\u2019au 28\u00a0septembre, au MO.CO. Panac\u00e9e, \u00e0 Montpellier<\/a> (il ne faut pas se priver\u00a0: le lieu est en entr\u00e9e libre\u00a0!).<\/p>\n<p>\u00ab\u00a0J\u2019aime les lieux charg\u00e9s d\u2019histoire et je crois aux forces de l\u2019esprit, confie l\u2019artiste dans un entretien dans le catalogue de l\u2019exposition, \u00e0 propos de la Panac\u00e9e, \u00e9difice qui abrita l\u2019\u00e9cole de m\u00e9decine puis l\u2019\u00e9cole de pharmacie. J\u2019ai voulu travailler sur l\u2019alchimie, sur les \u00e9l\u00e9ments et sur cette cinqui\u00e8me essence, car ce furent des questions \u00e9tudi\u00e9es en ces murs.\u00a0\u00bb<\/p>\n<p>Le sculpteur breton qui travaille l\u2019aluminium, le bronze, le verre et l\u2019argile a cr\u00e9\u00e9 sp\u00e9cifiquement trente-cinq des cinquante-deux pi\u00e8ces pr\u00e9sent\u00e9es \u00e0 Montpelier, et pens\u00e9 l\u2019exposition \u00ab\u00a0tel un fleuve, une d\u00e9ambulation circulaire\u00a0\u00bb\u00a0: le parcours est fluide mais pas filandreuse, la figuration spectaculaire sans \u00eatre autoritaire et, puisque la fin n\u2019y est qu\u2019un commencement, on se pla\u00eet \u00e0 y tourner en boucle, avec l\u2019assurance de s\u2019y trouver, ici ou l\u00e0, \u00e0 un moment, dans son \u00e9l\u00e9ment.<\/p>\n<p>Cinq \u00e9l\u00e9ments, cinq \u00e9tapes<\/p>\n<p>Des cinq, c\u2019est par l\u2019eau que s\u2019ouvre La cinqui\u00e8me essence. Elle est concr\u00e9tis\u00e9e, litt\u00e9ralement, par Ressac, une grande vague hokusa\u00efesque en aluminium saisie dans son bouillonnement mais aussi \u00e9voqu\u00e9e avec The lightouse keeper, un phare de forme humano\u00efde dont la lanterne est un visage de verre \u00e9meraude, mais encore sublim\u00e9 par The vessel of life, une impressionnante barque d\u2019inspiration \u00e9gyptienne dont le batelier est un enfant, et la destination, un myst\u00e8re\u00a0: le large\u00a0? l\u2019ailleurs\u00a0? la mort\u00a0? Une s\u00e9rie de grottes pleines de stalactites et de mains (The cave of time) nous imerge dans l\u2019\u00e9trange mais ce n\u2019est rien en comparaison d\u2019Event horizon primordial vessel), un bas-relief colossal et \u00e9loquent qui semble r\u00e9sumer tout l\u2019univers plastique \u00e0 la fois sensuel et c\u00e9r\u00e9bral de Jean-Marie Appriou qui, lui-m\u00eame, para\u00eet syncr\u00e9tiser r\u00e9cits archa\u00efques, mythes anciens, avanc\u00e9es scientifiques et imaginaires science-fictifs. Bref, gros risque de sid\u00e9ration\u00a0!<\/p>\n<p>Mais il faut avancer, l\u2019\u00e9blouissement \u00e9l\u00e9mentaire est loin d\u2019\u00eatre termin\u00e9. L\u2019\u00e9l\u00e9ment terre, justement, r\u00e9clame notre attention, qui se traduit, notamment, par Crossing the parallel world, comme une concr\u00e9tion grise m\u00e9tallique d\u2019une portion de champ de ma\u00efs au sein duquel se cache, survit, une pr\u00e9sence humaine\u00a0: la terre est nourrici\u00e8re, la culture salutaire mais l\u2019homme locataire. Lui font \u00e9cho The breath of the sun, parterre de ma\u00efs couch\u00e9s d\u2019o\u00f9 surgissent deux figures tourn\u00e9es vers le ciel et les deux Orphans of the sun, visages gigantesques portant lunettes \u00e0 double optique. Que fixent-ils tous\u00a0: une \u00e9clipse, une explosion thermonucl\u00e9aire, une exoplan\u00e8te\u00a0?<\/p>\n<p>Douze signes zodiacaux<\/p>\n<p>Un regard pour le feu \u00e9voqu\u00e9 par Bath of fire, un superbe barbecue de m\u00e9tal en forme de p\u00e9toncle que survolent des lucioles de bronze et verre souffl\u00e9.<\/p>\n<p>L\u2019air nous attire. On y va. On y est. L\u2019air nous manque\u00a0: la plus grande salle de la Panac\u00e9e accueille douze gigantesques t\u00eates d\u2019animaux fantastiques (dragon, lapin, cheval, poisson, serpent\u2026). Physique d\u2019aluminium terrible, d\u00e9tail de bronze d\u00e9cal\u00e9, \u0153il de verre hallucin\u00e9, ces gueules astro-mythiques figurent un ciel symbolique au milieu duquel flotte en apesanteur, Mitosis (cellular being), sublime voyageur stellaire humano\u00efde de bronze patin\u00e9 et de verre souffl\u00e9.<\/p>\n<p>Et la cinqui\u00e8me essence, alors\u00a0? L\u2019\u00e9ther qui n\u2019est pas une abstraction mais une dimension physique, une vibration tellurique, une r\u00e9flexion \u2013 et pourquoi pas\u00a0? \u2013 quantique, se cache dans la contre-salle et prend, notamment, corps dans des pi\u00e8ces o\u00f9 le verre tient le premier r\u00f4le, \u00e0 la fois translucide et opaque. Cristal qui songe. Regard qui d\u00e9colle. Encore et encore\u00a0!<\/p>\n","protected":false},"excerpt":{"rendered":"Encore trois semaines pour d\u00e9couvrir l\u2019exposition \u201cLa cinqui\u00e8me essence\u201d, de Jean-Marie Appriou, au MO.CO. Panac\u00e9e, \u00e0 Montpellier. Un&hellip;\n","protected":false},"author":2,"featured_media":371141,"comment_status":"","ping_status":"","sticky":false,"template":"","format":"standard","meta":{"footnotes":""},"categories":[9599],"tags":[1111,11,1777,674,1011,27,2208,12,2680,25],"class_list":{"0":"post-371140","1":"post","2":"type-post","3":"status-publish","4":"format-standard","5":"has-post-thumbnail","7":"category-montpellier","8":"tag-actu","9":"tag-actualites","10":"tag-eu","11":"tag-europe","12":"tag-fr","13":"tag-france","14":"tag-montpellier","15":"tag-news","16":"tag-occitanie","17":"tag-republique-francaise"},"share_on_mastodon":{"url":"https:\/\/pubeurope.com\/@fr\/115158606422395114","error":""},"_links":{"self":[{"href":"https:\/\/www.europesays.com\/fr\/wp-json\/wp\/v2\/posts\/371140","targetHints":{"allow":["GET"]}}],"collection":[{"href":"https:\/\/www.europesays.com\/fr\/wp-json\/wp\/v2\/posts"}],"about":[{"href":"https:\/\/www.europesays.com\/fr\/wp-json\/wp\/v2\/types\/post"}],"author":[{"embeddable":true,"href":"https:\/\/www.europesays.com\/fr\/wp-json\/wp\/v2\/users\/2"}],"replies":[{"embeddable":true,"href":"https:\/\/www.europesays.com\/fr\/wp-json\/wp\/v2\/comments?post=371140"}],"version-history":[{"count":0,"href":"https:\/\/www.europesays.com\/fr\/wp-json\/wp\/v2\/posts\/371140\/revisions"}],"wp:featuredmedia":[{"embeddable":true,"href":"https:\/\/www.europesays.com\/fr\/wp-json\/wp\/v2\/media\/371141"}],"wp:attachment":[{"href":"https:\/\/www.europesays.com\/fr\/wp-json\/wp\/v2\/media?parent=371140"}],"wp:term":[{"taxonomy":"category","embeddable":true,"href":"https:\/\/www.europesays.com\/fr\/wp-json\/wp\/v2\/categories?post=371140"},{"taxonomy":"post_tag","embeddable":true,"href":"https:\/\/www.europesays.com\/fr\/wp-json\/wp\/v2\/tags?post=371140"}],"curies":[{"name":"wp","href":"https:\/\/api.w.org\/{rel}","templated":true}]}}