{"id":371142,"date":"2025-09-06T17:47:12","date_gmt":"2025-09-06T17:47:12","guid":{"rendered":"https:\/\/www.europesays.com\/fr\/371142\/"},"modified":"2025-09-06T17:47:12","modified_gmt":"2025-09-06T17:47:12","slug":"une-voiture-en-feu-dans-un-sous-sol-cinq-personnes-intoxiquees-dans-un-incendie-pres-de-montpellier","status":"publish","type":"post","link":"https:\/\/www.europesays.com\/fr\/371142\/","title":{"rendered":"Une voiture en feu dans un sous-sol\u00a0: cinq personnes intoxiqu\u00e9es dans un incendie, pr\u00e8s de Montpellier"},"content":{"rendered":"<p>\n                                                                50 pompiers ont \u00e9t\u00e9 d\u00e9p\u00each\u00e9s \u00e0 Castries sur un feu qui a pris dans une voiture stationn\u00e9e dans un parking souterrain.\n                            <\/p>\n<p>Les sapeurs pompiers sont intervenus\u00a0sur un feu de voiture dans un parking souterrain d\u2019un immeuble d\u2019habitation de Castries, vendredi 5\u00a0septembre, en fin d\u2019apr\u00e8s-midi.<\/p>\n<p>Sur place, 50 sapeurs pompiers ont \u00e9t\u00e9 mobilis\u00e9s sur ce sinistre.<\/p>\n<p>Cinq\u00a0personnes ont \u00e9t\u00e9 intoxiqu\u00e9es par les fum\u00e9es et ont \u00e9t\u00e9 \u00e9vacu\u00e9es.<\/p>\n<p>Le feu contenu dans les sous-sols<\/p>\n<p>L\u2019incendie a \u00e9t\u00e9 ma\u00eetris\u00e9 et contenu dans les sous-sols.<\/p>\n<p>Les\u00a0services d\u2019Enedis se sont employ\u00e9s\u00a0\u00e0 remettre en service l\u2019\u00e9lectricit\u00e9 dans l\u2019immeuble et les habitations voisines<\/p>\n","protected":false},"excerpt":{"rendered":"50 pompiers ont \u00e9t\u00e9 d\u00e9p\u00each\u00e9s \u00e0 Castries sur un feu qui a pris dans une voiture stationn\u00e9e dans&hellip;\n","protected":false},"author":2,"featured_media":371143,"comment_status":"","ping_status":"","sticky":false,"template":"","format":"standard","meta":{"footnotes":""},"categories":[9599],"tags":[1111,11,1777,674,1011,27,2208,12,2680,25],"class_list":{"0":"post-371142","1":"post","2":"type-post","3":"status-publish","4":"format-standard","5":"has-post-thumbnail","7":"category-montpellier","8":"tag-actu","9":"tag-actualites","10":"tag-eu","11":"tag-europe","12":"tag-fr","13":"tag-france","14":"tag-montpellier","15":"tag-news","16":"tag-occitanie","17":"tag-republique-francaise"},"share_on_mastodon":{"url":"https:\/\/pubeurope.com\/@fr\/115158610328090883","error":""},"_links":{"self":[{"href":"https:\/\/www.europesays.com\/fr\/wp-json\/wp\/v2\/posts\/371142","targetHints":{"allow":["GET"]}}],"collection":[{"href":"https:\/\/www.europesays.com\/fr\/wp-json\/wp\/v2\/posts"}],"about":[{"href":"https:\/\/www.europesays.com\/fr\/wp-json\/wp\/v2\/types\/post"}],"author":[{"embeddable":true,"href":"https:\/\/www.europesays.com\/fr\/wp-json\/wp\/v2\/users\/2"}],"replies":[{"embeddable":true,"href":"https:\/\/www.europesays.com\/fr\/wp-json\/wp\/v2\/comments?post=371142"}],"version-history":[{"count":0,"href":"https:\/\/www.europesays.com\/fr\/wp-json\/wp\/v2\/posts\/371142\/revisions"}],"wp:featuredmedia":[{"embeddable":true,"href":"https:\/\/www.europesays.com\/fr\/wp-json\/wp\/v2\/media\/371143"}],"wp:attachment":[{"href":"https:\/\/www.europesays.com\/fr\/wp-json\/wp\/v2\/media?parent=371142"}],"wp:term":[{"taxonomy":"category","embeddable":true,"href":"https:\/\/www.europesays.com\/fr\/wp-json\/wp\/v2\/categories?post=371142"},{"taxonomy":"post_tag","embeddable":true,"href":"https:\/\/www.europesays.com\/fr\/wp-json\/wp\/v2\/tags?post=371142"}],"curies":[{"name":"wp","href":"https:\/\/api.w.org\/{rel}","templated":true}]}}