{"id":371146,"date":"2025-09-06T17:49:14","date_gmt":"2025-09-06T17:49:14","guid":{"rendered":"https:\/\/www.europesays.com\/fr\/371146\/"},"modified":"2025-09-06T17:49:14","modified_gmt":"2025-09-06T17:49:14","slug":"retour-sur-une-78e-edition-qui-a-battu-tous-les-records","status":"publish","type":"post","link":"https:\/\/www.europesays.com\/fr\/371146\/","title":{"rendered":"retour sur une 78e \u00e9dition qui a battu tous les records"},"content":{"rendered":"<p>            Par<br \/>\n        <strong><br \/>\n            <a href=\"https:\/\/actu.fr\/auteur\/redaction-impartial\" title=\"Consulter tous les articles de R\u00e9daction L&#039;Impartial\" target=\"_blank\" rel=\"noopener\">R\u00e9daction L&rsquo;Impartial<\/a><br \/>\n        <\/strong><\/p>\n<p>        Publi\u00e9 le<\/p>\n<p>            6 sept. 2025 \u00e0 19h30        <\/p>\n<p>Avec 129 inscrits et 127 partants, la 78e \u00e9dition de la course Rouen-Gisors qui se tenait dimanche 31 ao\u00fbt 2025 confirme sa mont\u00e9e de niveau.<\/p>\n<p class=\" wall-content\">D\u2019abord, l\u2019\u00e9preuve n\u2019avait jamais attir\u00e9 autant de coureurs, en dehors de l\u2019ann\u00e9e exceptionnelle de 2020, qui au sortir des premiers confinements avait attir\u00e9 150 cyclistes.<\/p>\n<p class=\" wall-content\">Ensuite, le palmar\u00e8s de certains participants confirmait l\u2019attraction que repr\u00e9sente la course pour des cyclistes de haut niveau.<\/p>\n<p>Plusieurs champions<\/p>\n<p class=\" wall-content\">Sur la ligne de d\u00e9part de <a href=\"https:\/\/actu.fr\/normandie\/fleury-sur-andelle_27246\" target=\"_blank\" rel=\"noopener\">Fleury-sur-Andelle<\/a> (<a href=\"https:\/\/actu.fr\/l-impartial\/\" target=\"_blank\" rel=\"noopener\">Eure<\/a>), on pouvait notamment apercevoir Nicolas Malle, champion d\u2019Europe junior, Emilien Cl\u00e8re, quatre fois champion de France sur piste, Tristant Desgrouas, champion de France sur piste et plusieurs fois champion de Normandie ou encore Benjamin Guerbette, double champion de France sur route masters.<\/p>\n<p>Vid\u00e9os : en ce moment sur Actu<\/p>\n<p class=\" wall-content\">De quoi engager les coureurs sur un rythme soutenu.<\/p>\n<p class=\" wall-content\">La moyenne observ\u00e9e \u00e9tait ainsi de 44,7\u00a0km\/h cette ann\u00e9e, contre un maximum de 42\u00a0km\/h lors des \u00e9ditions pr\u00e9c\u00e9dentes.<\/p>\n<p>Votre r\u00e9gion, votre actu !<\/p>\n<p>Recevez chaque jour les infos qui comptent pour vous.<\/p>\n<p>\t<a href=\"https:\/\/actu.fr\/newsletter\" class=\"ac-btn ac-btn--corner ac-btn--medium ac-btn--blue800\" target=\"_blank\" rel=\"noopener\">S&rsquo;incrire<\/a><\/p>\n<blockquote class=\"ac-article-quote wall-content\">\n<p>\u00ab Autant dire qu\u2019avec 105 km \u00e0 parcourir et cinq mont\u00e9es sur l\u2019\u00e9preuve, l\u2019allure \u00e9tait tr\u00e8s rapide \u00bb.<\/p>\n<p>Pascal Cambour, pr\u00e9sident de la section cyclisme de l\u2019Entente gisorsienne, organisateur la course<\/p><\/blockquote>\n<p>    <img   decoding=\"async\" loading=\"lazy\" class=\"size-large\" src=\"https:\/\/www.europesays.com\/fr\/wp-content\/uploads\/2025\/09\/df2666e0a4b86d33666e0a4b8a7366v-960x640.jpg\" alt=\"Olgun Serkan, le vainqueur de la course, a confi\u00e9 sa joie apr\u00e8s ce finish tr\u00e8s disput\u00e9\" width=\"960\" height=\"640\"\/><br \/>\n    Serkan Olgun, le vainqueur de la course, a confi\u00e9 sa joie apr\u00e8s ce finish tr\u00e8s disput\u00e9. \u00a9L\u2019ImpartialNombreuses \u00e9chapp\u00e9es<\/p>\n<p class=\" wall-content\">Malgr\u00e9 de nombreuses tentatives d\u2019\u00e9chapp\u00e9es, toutes ont \u00e9t\u00e9 infructueuses et rattrap\u00e9es par le peloton, avec jamais plus de 50 secondes d\u2019avance.<\/p>\n<p class=\" wall-content\">Une chute a \u00e9t\u00e9 observ\u00e9e dans le premier tiers de l\u2019\u00e9preuve, sans gravit\u00e9, avec une remont\u00e9e en scelle du coureur qui finira par subir une crevaison.<\/p>\n<p class=\" wall-content\">Le podium s\u2019est jou\u00e9 dans la derni\u00e8re c\u00f4te de Saint-Pa\u00ebr, les d\u00e9passements se r\u00e9v\u00e9lant trop difficiles dans les rues de Gisors.<\/p>\n<p>    <img   decoding=\"async\" loading=\"lazy\" class=\"size-large\" src=\"https:\/\/www.europesays.com\/fr\/wp-content\/uploads\/2025\/09\/9caa3e54a4b8680ba3e54a4b864ba3v-960x640.jpg\" alt=\"Le podium final avec les trois premiers de la course\" width=\"960\" height=\"640\"\/><br \/>\n    Le podium final de cette 78e \u00e9preuve de Rouen-Gisors. \u00a9L\u2019ImpartialLe m\u00eame vainqueur qu\u2019en 2024<\/p>\n<p class=\" wall-content\">Devant une foule nombreuse, c\u2019est Serkan Olgun qui s\u2019impose pour la deuxi\u00e8me ann\u00e9e cons\u00e9cutive au sommet de la rue de Vienne.<\/p>\n<p>Le classement<\/p>\n<p>1. Serkan Olgun (Cat. 01) Entente Cycliste Aulnay Drancy 93, 2 : 21 : 30.81 ; 2. Louis Leduc (Cat. 01) USSA Pavilly Barentin, 2 : 21 : 31.76 ; 3. Dany Maffeis (Cat. 01) Parisis Ac 95, 2 : 21 : 31.89 ; 4. Julien Dujardin (Cat. 01) EC Quevilly, 2 : 21 : 32.41 ; 5. Valentin Andr\u00e9 (Cat. 01) Paris Cycliste Olympique, 2 : 21 : 44.45 ; 6. Cyrille Saillard (Cat. 01) Guidon Provinois, 2 : 21 : 51.53 ; 7. Rapha\u00ebl Pouillard (Cat. 01) CC Armenti\u00e9rois, 2 : 21 : 51.54 ; 8. Guillaume Durand (Cat. 02) CC Formerie, 2 : 21 : 51 : 88 ; 9. L\u00e9o Legentil (Cat. 01) VC Avranches, 2 : 21 : 52 : 88 ; 10. Steven Cheminant (Cat. 01) Moyon Percy V\u00e9lo Club, 2 : 21 : 52 : 99.<br \/>&#13;<br \/>\nMeilleur grimpeur : Louis Leduc (US Pavilly Barentin).<br \/>&#13;<br \/>\nMeilleure \u00e9quipe : EC Quevilly.<\/p>\n<p class=\" wall-content\">La remise des prix avait lieu en pr\u00e9sence de Jos\u00e9 Cerqueira, maire de Gisors, et d\u2019Alexandre Rassa\u00ebrt, pr\u00e9sident du Conseil d\u00e9partemental de l\u2019Eure.<\/p>\n<p class=\" wall-content\">Ce dernier a qualifi\u00e9 le cyclisme de sport \u00ab le plus populaire et gratuit, \u00bb bien que son organisation soit \u00ab de plus en plus complexe \u00bb.<\/p>\n<p>    <img   decoding=\"async\" loading=\"lazy\" class=\"size-large\" src=\"https:\/\/www.europesays.com\/fr\/wp-content\/uploads\/2025\/09\/200c64f1a4b86340c64f1a4b8280c6v-960x640.jpg\" alt=\"Les spectateurs attendaient l'arriv\u00e9e avec beaucoup d'enthousiasme\" width=\"960\" height=\"640\"\/><br \/>\n    Les spectateurs et amoureux \u00ab\u00a0de la petite reine\u00a0\u00bb attendaient l\u2019arriv\u00e9e avec beaucoup d\u2019enthousiasme. \u00a9L\u2019Impartial130 b\u00e9n\u00e9voles<\/p>\n<p class=\" wall-content\">Le succ\u00e8s de cette 78e \u00e9dition a permis de r\u00e9compenser les 130\u00a0b\u00e9n\u00e9voles investis tout au long de l\u2019\u00e9preuve ainsi que les sponsors, sans qui aucun coureur n\u2019aurait pu franchir la ligne d\u2019arriv\u00e9e, ni monter sur un podium dont l\u2019\u00e9lectricit\u00e9 \u00e9tait assur\u00e9e gr\u00e2ce au raccordement consenti par le bar le Maryland, rue de Vienne.<\/p>\n<p class=\" wall-content\">Tous unis pour faire vivre le sport.<\/p>\n<p class=\" wall-content\">Personnalisez votre actualit\u00e9 en ajoutant vos villes et m\u00e9dias en favori avec <a href=\"https:\/\/moncompte.actu.fr\" title=\"D\u00e9couvez Mon Actu\" rel=\"nofollow noopener\" data-trk=\"{&quot;cta&quot;:{&quot;action&quot;:&quot;https:\\\/\\\/moncompte.actu.fr&quot;,&quot;category&quot;:&quot;mon compte&quot;,&quot;from&quot;:&quot;article footer&quot;,&quot;name&quot;:&quot;Mon actu&quot;,&quot;type&quot;:&quot;cta&quot;}}\" target=\"_blank\">Mon Actu<\/a>.<\/p>\n","protected":false},"excerpt":{"rendered":"Par R\u00e9daction L&rsquo;Impartial Publi\u00e9 le 6 sept. 2025 \u00e0 19h30 Avec 129 inscrits et 127 partants, la 78e&hellip;\n","protected":false},"author":2,"featured_media":371147,"comment_status":"","ping_status":"","sticky":false,"template":"","format":"standard","meta":{"footnotes":""},"categories":[9587],"tags":[1111,11,1777,674,1011,27,36285,12,5161,25,9590,60,208],"class_list":{"0":"post-371146","1":"post","2":"type-post","3":"status-publish","4":"format-standard","5":"has-post-thumbnail","7":"category-rouen","8":"tag-actu","9":"tag-actualites","10":"tag-eu","11":"tag-europe","12":"tag-fr","13":"tag-france","14":"tag-le-vexin-normand","15":"tag-news","16":"tag-normandie","17":"tag-republique-francaise","18":"tag-rouen","19":"tag-sports","20":"tag-velo"},"share_on_mastodon":{"url":"https:\/\/pubeurope.com\/@fr\/115158618343148161","error":""},"_links":{"self":[{"href":"https:\/\/www.europesays.com\/fr\/wp-json\/wp\/v2\/posts\/371146","targetHints":{"allow":["GET"]}}],"collection":[{"href":"https:\/\/www.europesays.com\/fr\/wp-json\/wp\/v2\/posts"}],"about":[{"href":"https:\/\/www.europesays.com\/fr\/wp-json\/wp\/v2\/types\/post"}],"author":[{"embeddable":true,"href":"https:\/\/www.europesays.com\/fr\/wp-json\/wp\/v2\/users\/2"}],"replies":[{"embeddable":true,"href":"https:\/\/www.europesays.com\/fr\/wp-json\/wp\/v2\/comments?post=371146"}],"version-history":[{"count":0,"href":"https:\/\/www.europesays.com\/fr\/wp-json\/wp\/v2\/posts\/371146\/revisions"}],"wp:featuredmedia":[{"embeddable":true,"href":"https:\/\/www.europesays.com\/fr\/wp-json\/wp\/v2\/media\/371147"}],"wp:attachment":[{"href":"https:\/\/www.europesays.com\/fr\/wp-json\/wp\/v2\/media?parent=371146"}],"wp:term":[{"taxonomy":"category","embeddable":true,"href":"https:\/\/www.europesays.com\/fr\/wp-json\/wp\/v2\/categories?post=371146"},{"taxonomy":"post_tag","embeddable":true,"href":"https:\/\/www.europesays.com\/fr\/wp-json\/wp\/v2\/tags?post=371146"}],"curies":[{"name":"wp","href":"https:\/\/api.w.org\/{rel}","templated":true}]}}