{"id":371150,"date":"2025-09-06T17:51:17","date_gmt":"2025-09-06T17:51:17","guid":{"rendered":"https:\/\/www.europesays.com\/fr\/371150\/"},"modified":"2025-09-06T17:51:17","modified_gmt":"2025-09-06T17:51:17","slug":"savoie-une-vetetiste-tombee-a-courchevel-transportee-a-grenoble-par-le-pghm-de-modane","status":"publish","type":"post","link":"https:\/\/www.europesays.com\/fr\/371150\/","title":{"rendered":"Savoie. Une v\u00e9t\u00e9tiste tomb\u00e9e \u00e0 Courchevel transport\u00e9e \u00e0 Grenoble par le PGHM de Modane"},"content":{"rendered":"<p>L\u2019h\u00e9licopt\u00e8re Choucas 73 a r\u00e9alis\u00e9 deux interventions ce samedi 6\u00a0septembre. Avec \u00e0 son bord le peloton de gendarmerie de haute montagne (PGHM) de Modane, il s\u2019est d\u2019abord envol\u00e9 pour le pied du <a href=\"https:\/\/www.ledauphine.com\/environnement\/2022\/11\/30\/le-glacier-de-saint-sorlin-a-perdu-quatre-metres-d-epaisseur\" target=\"_blank\" rel=\"noopener\">glacier de Saint-Sorlin<\/a>, sur la commune du m\u00eame nom.<\/p>\n<p>Les gendarmes y ont secouru un randonneur d\u2019une trentaine d\u2019ann\u00e9es, victime de maux gastriques tout au long de la nuit alors qu\u2019il bivouaquait. Ils l\u2019ont transport\u00e9 au centre hospitalier de Saint-Jean-de-Maurienne.<\/p>\n<p>Ce contenu est bloqu\u00e9 car vous n&rsquo;avez pas accept\u00e9 les cookies et autres traceurs.<\/p>\n<p>En cliquant sur \u00ab J\u2019accepte \u00bb, les cookies et autres traceurs seront d\u00e9pos\u00e9s et vous pourrez visualiser les contenus  (<a href=\"\" class=\"consentModule_policy\" target=\"_blank\" title=\"Consulter la politique de protection des donn\u00e9es du fournisseur\">plus d&rsquo;informations<\/a>).<\/p>\n<p>En cliquant sur \u00ab J\u2019accepte tous les cookies \u00bb, vous autorisez des d\u00e9p\u00f4ts de cookies et autres traceurs pour le stockage de vos donn\u00e9es sur nos sites et applications \u00e0 des fins de personnalisation et de ciblage publicitaire.<\/p>\n<p class=\"consentModule_secondaryText\">Vous gardez la possibilit\u00e9 de retirer votre consentement \u00e0 tout moment en consultant notre <a href=\"https:\/\/www.ledauphine.com\/protection-des-donnees\" target=\"_blank\" title=\"Consulter notre politique de protection des donn\u00e9es\" rel=\"noopener\">politique de protection des donn\u00e9es<\/a>. <br \/>&#13;<br \/>\n            <a href=\"https:\/\/www.ledauphine.com\/faits-divers-justice\/2025\/09\/06\/javascript:Didomi.notice.show()\" class=\"consentModule_cmp\" target=\"_blank\" rel=\"noopener\">G\u00e9rer mes choix<\/a>&#13;\n        <\/p>\n<p>&#13;<br \/>\n                        J&rsquo;accepte&#13;<br \/>\n            J&rsquo;accepte tous les cookies&#13;\n        <\/p>\n<p>Puis en fin d\u2019apr\u00e8s-midi, l\u2019h\u00e9licopt\u00e8re a pris la direction de la Tarentaise et de Courchevel. Les gendarmes sont intervenus pour venir en aide \u00e0 une femme de 65 ans, victime d\u2019une grosse chute \u00e0 VTT au niveau du ruisseau des Avals.<\/p>\n<p>Bless\u00e9e essentiellement au niveau du bassin et \u00e9galement en \u00e9tat d\u2019hypothermie apr\u00e8s \u00eatre rest\u00e9e plus de 30 minutes dans l\u2019eau froide, elle a \u00e9t\u00e9 h\u00e9liport\u00e9e jusqu\u2019au centre hospitalier de Grenoble.<\/p>\n<p>Ce contenu est bloqu\u00e9 car vous n&rsquo;avez pas accept\u00e9 les cookies et autres traceurs.<\/p>\n<p>En cliquant sur \u00ab J\u2019accepte \u00bb, les cookies et autres traceurs seront d\u00e9pos\u00e9s et vous pourrez visualiser les contenus  (<a href=\"\" class=\"consentModule_policy\" target=\"_blank\" title=\"Consulter la politique de protection des donn\u00e9es du fournisseur\">plus d&rsquo;informations<\/a>).<\/p>\n<p>En cliquant sur \u00ab J\u2019accepte tous les cookies \u00bb, vous autorisez des d\u00e9p\u00f4ts de cookies et autres traceurs pour le stockage de vos donn\u00e9es sur nos sites et applications \u00e0 des fins de personnalisation et de ciblage publicitaire.<\/p>\n<p class=\"consentModule_secondaryText\">Vous gardez la possibilit\u00e9 de retirer votre consentement \u00e0 tout moment en consultant notre <a href=\"https:\/\/www.ledauphine.com\/protection-des-donnees\" target=\"_blank\" title=\"Consulter notre politique de protection des donn\u00e9es\" rel=\"noopener\">politique de protection des donn\u00e9es<\/a>. <br \/>&#13;<br \/>\n            <a href=\"https:\/\/www.ledauphine.com\/faits-divers-justice\/2025\/09\/06\/javascript:Didomi.notice.show()\" class=\"consentModule_cmp\" target=\"_blank\" rel=\"noopener\">G\u00e9rer mes choix<\/a>&#13;\n        <\/p>\n<p>&#13;<br \/>\n                        J&rsquo;accepte&#13;<br \/>\n            J&rsquo;accepte tous les cookies&#13;\n        <\/p>\n","protected":false},"excerpt":{"rendered":"L\u2019h\u00e9licopt\u00e8re Choucas 73 a r\u00e9alis\u00e9 deux interventions ce samedi 6\u00a0septembre. Avec \u00e0 son bord le peloton de gendarmerie&hellip;\n","protected":false},"author":2,"featured_media":371151,"comment_status":"","ping_status":"","sticky":false,"template":"","format":"standard","meta":{"footnotes":""},"categories":[9566],"tags":[119,1111,11,2430,27806,7003,1777,674,274,1011,27,2731,12,25,31130,5508],"class_list":{"0":"post-371150","1":"post","2":"type-post","3":"status-publish","4":"format-standard","5":"has-post-thumbnail","7":"category-grenoble","8":"tag-accident","9":"tag-actu","10":"tag-actualites","11":"tag-auvergne-rhone-alpes","12":"tag-courchevel","13":"tag-edition-tarentaise-maurienne","14":"tag-eu","15":"tag-europe","16":"tag-faits-divers-justice","17":"tag-fr","18":"tag-france","19":"tag-grenoble","20":"tag-news","21":"tag-republique-francaise","22":"tag-saint-sorlin-darves","23":"tag-savoie"},"share_on_mastodon":{"url":"https:\/\/pubeurope.com\/@fr\/115158626084591874","error":""},"_links":{"self":[{"href":"https:\/\/www.europesays.com\/fr\/wp-json\/wp\/v2\/posts\/371150","targetHints":{"allow":["GET"]}}],"collection":[{"href":"https:\/\/www.europesays.com\/fr\/wp-json\/wp\/v2\/posts"}],"about":[{"href":"https:\/\/www.europesays.com\/fr\/wp-json\/wp\/v2\/types\/post"}],"author":[{"embeddable":true,"href":"https:\/\/www.europesays.com\/fr\/wp-json\/wp\/v2\/users\/2"}],"replies":[{"embeddable":true,"href":"https:\/\/www.europesays.com\/fr\/wp-json\/wp\/v2\/comments?post=371150"}],"version-history":[{"count":0,"href":"https:\/\/www.europesays.com\/fr\/wp-json\/wp\/v2\/posts\/371150\/revisions"}],"wp:featuredmedia":[{"embeddable":true,"href":"https:\/\/www.europesays.com\/fr\/wp-json\/wp\/v2\/media\/371151"}],"wp:attachment":[{"href":"https:\/\/www.europesays.com\/fr\/wp-json\/wp\/v2\/media?parent=371150"}],"wp:term":[{"taxonomy":"category","embeddable":true,"href":"https:\/\/www.europesays.com\/fr\/wp-json\/wp\/v2\/categories?post=371150"},{"taxonomy":"post_tag","embeddable":true,"href":"https:\/\/www.europesays.com\/fr\/wp-json\/wp\/v2\/tags?post=371150"}],"curies":[{"name":"wp","href":"https:\/\/api.w.org\/{rel}","templated":true}]}}