{"id":371152,"date":"2025-09-06T17:52:14","date_gmt":"2025-09-06T17:52:14","guid":{"rendered":"https:\/\/www.europesays.com\/fr\/371152\/"},"modified":"2025-09-06T17:52:14","modified_gmt":"2025-09-06T17:52:14","slug":"mouvement-bloquons-tout-le-10-septembre-ils-fermeront-boutique-pour-rejoindre-la-manifestation","status":"publish","type":"post","link":"https:\/\/www.europesays.com\/fr\/371152\/","title":{"rendered":"Mouvement \u00ab\u00a0bloquons tout\u00a0\u00bb. Le 10 septembre, ils fermeront boutique &#8230; pour rejoindre la manifestation"},"content":{"rendered":"<p class=\"article__intro\">\u00c0 Rennes, des commer\u00e7ants se sont constitu\u00e9s en collectif pour participer au mouvement \u201cBloquons tout\u201d. Ils d\u00e9plorent notamment une vie qui co\u00fbte de plus en plus cher. Ce mercredi 10 septembre, ils fermeront leurs boutiques pour manifester, un fait plut\u00f4t rare dans le milieu du commerce.<\/p>\n<p>\n      L\u2019actu des r\u00e9gions\n    <\/p>\n<p>\n      Chaque jour, un tour d\u2019horizon des principales infos de toutes les r\u00e9gions.\n    <\/p>\n<p>    France T\u00e9l\u00e9visions utilise votre adresse e-mail afin de vous envoyer la newsletter \u00ab\u00a0L\u2019actu des r\u00e9gions\u00a0\u00bb. Vous pouvez vous d\u00e9sinscrire \u00e0 tout moment via le lien en bas de cette newsletter. <a target=\"_blank\" href=\"https:\/\/www.francetelevisions.fr\/groupe\/confidentialite\/politique-de-confidentialite\/politique-de-confidentialite-de-france-televisions-6503\" rel=\"nofollow noopener\">Notre politique de confidentialit\u00e9<\/a><\/p>\n<p>Ils et elles seront dans la rue avec leurs clients. Au moins une vingtaine de commer\u00e7ants fermeront leur rideau ce mercredi 10 septembre pour se joindre au mouvement social \u00ab\u00a0Bloquons tout\u00a0\u00bb.<\/p>\n<p>\u00ab\u00a0On est des commer\u00e7ants, mais aussi des citoyens concern\u00e9s comme les autres\u00a0\u00bb, appuie Solveig Touz\u00e9, g\u00e9rante de la librairie La Nuit des temps. Et en tant que citoyenne, la Rennaise assure ressentir un \u00ab\u00a0ras-le-bol g\u00e9n\u00e9ral\u00a0\u00bb.<\/p>\n<\/p>\n<p>Solveig Touz\u00e9 fait partie des premi\u00e8res \u00e0 avoir souffl\u00e9 l\u2019id\u00e9e de rester porte close ce mercredi. \u00ab\u00a0On a parl\u00e9 entre commer\u00e7ants et on s\u2019est rendu compte qu\u2019on \u00e9tait solidaires du mouvement et qu\u2019on voulait faire quelque chose.\u00a0\u00bb<\/p>\n<p>Ils ont alors cr\u00e9\u00e9 un collectif pour montrer leur unit\u00e9. \u00ab\u00a0Le gouvernement nous demande en permanence de faire des efforts. On peut en faire, mais si c\u2019est pour tendre vers un meilleur projet de soci\u00e9t\u00e9\u00a0\u00bb, souligne la libraire.<\/p>\n<p>En effet, ne pas ouvrir sa boutique mercredi est aussi synonyme d\u2019une perte de chiffre d\u2019affaires.<\/p>\n<blockquote class=\"ftvi_content_quote\">\n<p class=\"ftvi_citation_quote\">Je remarque de plus en plus de mis\u00e8re dans les rues de Rennes.<\/p>\n<p> Alice Bertrand, <\/p>\n<p class=\"ftvi_citation_source\">barista au Pok Caf\u00e9<\/p>\n<\/blockquote>\n<p>\u00ab\u00a0C\u2019est pourquoi on comprend que tous les commerces ind\u00e9pendants ne ferment pas\u00a0\u00bb, ajoute Alice Bertrand, barista au Pok Caf\u00e9. Elle pr\u00e9cise : \u00ab\u00a0On r\u00e9fl\u00e9chit \u00e0 comment se mobiliser par la suite sans forc\u00e9ment passer par des fermetures.\u00a0\u00bb<\/p>\n<p>De son c\u00f4t\u00e9, Victoire Le Marchand ne fermera que le matin. Coiffeuse au salon Dr\u00f4les de moineaux, elle a des rendez-vous impossibles \u00e0 d\u00e9caler dans l\u2019apr\u00e8s-midi.<\/p>\n<p>Mais avant 14 h 30, elle sera dans la rue : \u00ab\u00a0J\u2019irai au rassemblement pour montrer mon soutien. Je pense que c\u2019est important en tant que commer\u00e7ante de dire qu\u2019on n\u2019est pas d\u2019accord avec la vie qui devient trop ch\u00e8re.\u00a0\u00bb<\/p>\n<p>Ce co\u00fbt de la vie qui augmente, Victoire Le Marchand le ressent surtout dans le moral de sa client\u00e8le, qui se confie r\u00e9guli\u00e8rement aupr\u00e8s d\u2019elle. \u00ab\u00a0Les gens sont stress\u00e9s et fatigu\u00e9s. On ne sait pas o\u00f9 on va\u00a0\u00bb, d\u00e9plore la coiffeuse.<\/p>\n<p>Aliz\u00e9e, une de ses clientes, le confirme et salue l\u2019initiative du collectif de commer\u00e7ants : \u00ab\u00a0Les commerces repr\u00e9sentent aussi ce qui se passe dans la soci\u00e9t\u00e9. Ils sont impact\u00e9s par le pouvoir d\u2019achat, les taxes&#8230; C\u2019est l\u00e9gitime et \u00e0 leur honneur de faire \u00e7a, car on sait que \u00e7a a un impact financier.\u00a0\u00bb<\/p>\n<p>Elle aussi soutient le mouvement du 10 septembre. Pour la Rennaise, ce n\u2019est pas qu\u2019une question de pouvoir d\u2019achat : \u00ab\u00a0Il y a aussi une casse des droits sociaux, une mont\u00e9e du racisme et des discriminations en g\u00e9n\u00e9ral. Tout \u00e7a impacte nos quotidiens\u00a0\u00bb, d\u00e9taille Aliz\u00e9e.<\/p>\n<blockquote class=\"ftvi_content_quote\">\n<p class=\"ftvi_citation_quote\">C&rsquo;est la premi\u00e8re fois qu&rsquo;un mouvement de commer\u00e7ants se manifeste.<\/p>\n<p>Laurence Taillandier,<\/p>\n<p class=\"ftvi_citation_source\">pr\u00e9sidente de l\u2019association de commer\u00e7ants du Carr\u00e9 Rennais<\/p>\n<\/blockquote>\n<p>Laurence Taillandier, pr\u00e9sidente de l\u2019association de commer\u00e7ants du Carr\u00e9 Rennais, loue \u00e9galement le caract\u00e8re \u00ab\u00a0respectable\u00a0\u00bb de la constitution de ce collectif de commer\u00e7ants.<\/p>\n<p>Elle appelle toutefois les manifestants de mercredi prochain \u00e0 rester tout aussi respectueux envers les commer\u00e7ants qui seront ouverts ce jour-l\u00e0.<\/p>\n","protected":false},"excerpt":{"rendered":"\u00c0 Rennes, des commer\u00e7ants se sont constitu\u00e9s en collectif pour participer au mouvement \u201cBloquons tout\u201d. Ils d\u00e9plorent notamment&hellip;\n","protected":false},"author":2,"featured_media":371153,"comment_status":"","ping_status":"","sticky":false,"template":"","format":"standard","meta":{"footnotes":""},"categories":[2821],"tags":[1111,11,829,1777,674,1011,27,12,584,25],"class_list":{"0":"post-371152","1":"post","2":"type-post","3":"status-publish","4":"format-standard","5":"has-post-thumbnail","7":"category-rennes","8":"tag-actu","9":"tag-actualites","10":"tag-bretagne","11":"tag-eu","12":"tag-europe","13":"tag-fr","14":"tag-france","15":"tag-news","16":"tag-rennes","17":"tag-republique-francaise"},"share_on_mastodon":{"url":"https:\/\/pubeurope.com\/@fr\/115158629993512745","error":""},"_links":{"self":[{"href":"https:\/\/www.europesays.com\/fr\/wp-json\/wp\/v2\/posts\/371152","targetHints":{"allow":["GET"]}}],"collection":[{"href":"https:\/\/www.europesays.com\/fr\/wp-json\/wp\/v2\/posts"}],"about":[{"href":"https:\/\/www.europesays.com\/fr\/wp-json\/wp\/v2\/types\/post"}],"author":[{"embeddable":true,"href":"https:\/\/www.europesays.com\/fr\/wp-json\/wp\/v2\/users\/2"}],"replies":[{"embeddable":true,"href":"https:\/\/www.europesays.com\/fr\/wp-json\/wp\/v2\/comments?post=371152"}],"version-history":[{"count":0,"href":"https:\/\/www.europesays.com\/fr\/wp-json\/wp\/v2\/posts\/371152\/revisions"}],"wp:featuredmedia":[{"embeddable":true,"href":"https:\/\/www.europesays.com\/fr\/wp-json\/wp\/v2\/media\/371153"}],"wp:attachment":[{"href":"https:\/\/www.europesays.com\/fr\/wp-json\/wp\/v2\/media?parent=371152"}],"wp:term":[{"taxonomy":"category","embeddable":true,"href":"https:\/\/www.europesays.com\/fr\/wp-json\/wp\/v2\/categories?post=371152"},{"taxonomy":"post_tag","embeddable":true,"href":"https:\/\/www.europesays.com\/fr\/wp-json\/wp\/v2\/tags?post=371152"}],"curies":[{"name":"wp","href":"https:\/\/api.w.org\/{rel}","templated":true}]}}