{"id":371154,"date":"2025-09-06T17:53:15","date_gmt":"2025-09-06T17:53:15","guid":{"rendered":"https:\/\/www.europesays.com\/fr\/371154\/"},"modified":"2025-09-06T17:53:15","modified_gmt":"2025-09-06T17:53:15","slug":"des-pepins-physiques-a-rennes-avant-daffronter-lol","status":"publish","type":"post","link":"https:\/\/www.europesays.com\/fr\/371154\/","title":{"rendered":"des p\u00e9pins physiques \u00e0 Rennes avant d&rsquo;affronter l&rsquo;OL"},"content":{"rendered":"<p>                            <img width=\"770\" height=\"433\" src=\"https:\/\/www.europesays.com\/fr\/wp-content\/uploads\/2025\/09\/Capture-decran-2025-09-06-152938-770x433.jpg\" class=\"attachment-article size-article wp-post-image\" alt=\"J\u00e9r\u00e9my Jacquet, joueur de Rennes\" decoding=\"async\" fetchpriority=\"high\"  \/><\/p>\n<p>J\u00e9r\u00e9my Jacquet, joueur de Rennes (@SRFC)<\/p>\n<p>Rennes a quelques pertes durant la tr\u00eave internationale. Trois joueurs appel\u00e9s avec les Espoirs fran\u00e7ais ont d\u00fb d\u00e9clarer forfait. \u00c0 une semaine du match face \u00e0 l&rsquo;OL.<\/p>\n<p>Il reste encore du temps, donc ces gar\u00e7ons ne seront pas forc\u00e9ment forfaits face \u00e0 l&rsquo;Olympique lyonnais dimanche <a href=\"https:\/\/www.olympique-et-lyonnais.com\/lol-ira-a-rennes-le-dimanche-14-septembre-20h45,378169.html\" rel=\"nofollow noopener\" target=\"_blank\">prochain (14 septembre) pour la 4e journ\u00e9e<\/a> de Ligue 1 (20h45). Cependant, lors de cette tr\u00eave internationale, on remarque un peu de casse du c\u00f4t\u00e9 breton. Notamment en \u00e9quipe de France Espoirs, o\u00f9 les bless\u00e9s se succ\u00e8dent. Surtout chez les Rennais.<\/p>\n<p>Ainsi, depuis le d\u00e9but de la semaine, G\u00e9rald <strong>Baticle<\/strong>, le s\u00e9lectionneur des Bleuets, a enregistr\u00e9 les d\u00e9parts de J\u00e9r\u00e9my <strong>Jacquet <\/strong>(mollet) et Djaoui <strong>Ciss\u00e9 <\/strong>(pied) et Kader <strong>Me\u00eft\u00e9 <\/strong>(cuisse). Pour les Fran\u00e7ais, c&rsquo;est une perte, mais ils n&rsquo;ont finalement qu&rsquo;une rencontre \u00e0 disputer, contre la Serbie, lundi.<\/p>\n<p>Jacquet, l&rsquo;atout d\u00e9fensif<\/p>\n<p>Pour Habib <strong>Beye<\/strong>, ce n&rsquo;est en revanche pas la m\u00eame histoire, puisque que Jacquet est l&rsquo;homme fort de la d\u00e9fense, malgr\u00e9 son jeune \u00e2ge (20 ans). Me\u00eft\u00e9 \u00e9tait titulaire lors des deux premi\u00e8res journ\u00e9es, avant de laisser sa place \u00e0 Est\u00e9ban <strong>Lepaul<\/strong>, mais il reste un \u00e9l\u00e9ment important de la rotation. Pour Ciss\u00e9, qui \u00e9volue au milieu de terrain, le temps de jeu est plus limit\u00e9 (deux entr\u00e9es en jeu). <\/p>\n<p>Rappelons que face \u00e0 l&rsquo;OL, Rennes sera priv\u00e9 de Mahdi <strong>Camara<\/strong>. La recrue en provenance de Brest <a href=\"https:\/\/www.olympique-et-lyonnais.com\/ligue-1-suspendu-deux-matchs-camara-manquera-rennes-ol,377463.html\" rel=\"nofollow noopener\" target=\"_blank\">sera suspendu<\/a>e. \u00c0 voir si d&rsquo;autres \u00e9l\u00e9ments, notamment ceux cit\u00e9s ici, manqueront \u00e0 l&rsquo;appel pour cette affiche.  <\/p>\n","protected":false},"excerpt":{"rendered":"J\u00e9r\u00e9my Jacquet, joueur de Rennes (@SRFC) Rennes a quelques pertes durant la tr\u00eave internationale. Trois joueurs appel\u00e9s avec&hellip;\n","protected":false},"author":2,"featured_media":371155,"comment_status":"","ping_status":"","sticky":false,"template":"","format":"standard","meta":{"footnotes":""},"categories":[2821],"tags":[1111,11,829,1777,674,1011,27,66,12,584,25],"class_list":{"0":"post-371154","1":"post","2":"type-post","3":"status-publish","4":"format-standard","5":"has-post-thumbnail","7":"category-rennes","8":"tag-actu","9":"tag-actualites","10":"tag-bretagne","11":"tag-eu","12":"tag-europe","13":"tag-fr","14":"tag-france","15":"tag-ligue-1","16":"tag-news","17":"tag-rennes","18":"tag-republique-francaise"},"share_on_mastodon":{"url":"https:\/\/pubeurope.com\/@fr\/115158633978856849","error":""},"_links":{"self":[{"href":"https:\/\/www.europesays.com\/fr\/wp-json\/wp\/v2\/posts\/371154","targetHints":{"allow":["GET"]}}],"collection":[{"href":"https:\/\/www.europesays.com\/fr\/wp-json\/wp\/v2\/posts"}],"about":[{"href":"https:\/\/www.europesays.com\/fr\/wp-json\/wp\/v2\/types\/post"}],"author":[{"embeddable":true,"href":"https:\/\/www.europesays.com\/fr\/wp-json\/wp\/v2\/users\/2"}],"replies":[{"embeddable":true,"href":"https:\/\/www.europesays.com\/fr\/wp-json\/wp\/v2\/comments?post=371154"}],"version-history":[{"count":0,"href":"https:\/\/www.europesays.com\/fr\/wp-json\/wp\/v2\/posts\/371154\/revisions"}],"wp:featuredmedia":[{"embeddable":true,"href":"https:\/\/www.europesays.com\/fr\/wp-json\/wp\/v2\/media\/371155"}],"wp:attachment":[{"href":"https:\/\/www.europesays.com\/fr\/wp-json\/wp\/v2\/media?parent=371154"}],"wp:term":[{"taxonomy":"category","embeddable":true,"href":"https:\/\/www.europesays.com\/fr\/wp-json\/wp\/v2\/categories?post=371154"},{"taxonomy":"post_tag","embeddable":true,"href":"https:\/\/www.europesays.com\/fr\/wp-json\/wp\/v2\/tags?post=371154"}],"curies":[{"name":"wp","href":"https:\/\/api.w.org\/{rel}","templated":true}]}}