{"id":371160,"date":"2025-09-06T17:56:14","date_gmt":"2025-09-06T17:56:14","guid":{"rendered":"https:\/\/www.europesays.com\/fr\/371160\/"},"modified":"2025-09-06T17:56:14","modified_gmt":"2025-09-06T17:56:14","slug":"patrimoine-vivant-et-paysages-epoustouflants-ces-villages-perches-autour-de-nice-offrent-des-balades-riches-en-emotions","status":"publish","type":"post","link":"https:\/\/www.europesays.com\/fr\/371160\/","title":{"rendered":"patrimoine vivant et paysages \u00e9poustouflants&#8230; Ces villages perch\u00e9s autour de Nice offrent des balades riches en \u00e9motions !"},"content":{"rendered":"<p><strong>Tout pr\u00e8s de Nice, se cachent des lieux parfois m\u00e9connus mais excep\u00adtionnels. Des sites histo\u00adriques et aux d\u00e9cors \u00e0\u00a0couper le souffle qui m\u00e9ritent le d\u00e9tour. Direction Gourdon, Peillon et Sainte-Agn\u00e8s.<\/strong><\/p>\n<p>On est bien sur la C\u00f4te d\u2019Azur. Ses plages, ses palmiers, sa vue directe sur la M\u00e9diterran\u00e9e, ses belles villas ou encore ses ruelles fleuries et po\u00e9tiques. Un tableau idyllique. Mais il est aussi possible de prendre \u00e9norm\u00e9ment de plaisir, si ce n\u2019est plus, \u00e0\u00a0partir arpenter <a href=\"http:\/\/En Provence-Alpes-C\u00f4te d\u2019Azur, ces 3 villages pittoresques du d\u00e9partement de Nice \u00e0 retrouver dans la prestigieuse liste des plus beaux d\u00e9tours de France\" rel=\"nofollow\">des cit\u00e9s moins connues<\/a>, un peu l\u2019int\u00e9\u00adrieur des terres ou \u00e0\u00a0l\u2019ombre de c\u00e9l\u00e8bres voisines.<\/p>\n<p>Dans les Alpes-\u200bMaritimes, on peut par exemple prendre la liste de quatre communes label\u00adlis\u00e9es parmi les <a href=\"https:\/\/nicepresse.com\/plus-beaux-villages-de-france-une-petite-commune-de-provence-alpes-cote-dazur-au-patrimoine-splendide-rejoint-le-fameux-label\/\" rel=\"nofollow noopener\" target=\"_blank\">\u00ab\u00a0plus beaux villages de France\u00a0\u00bb<\/a> : Coaraze, Saorge, Sainte-\u200bAgn\u00e8s et Gourdon. Ce sont des endroits excep\u00adtionnels \u00e0\u00a0visiter, des lieux \u00e9pous\u00adtou\u00adflants avec de v\u00e9ritables tr\u00e9sors \u00e0\u00a0admirer.<\/p>\n<p>Point de vue vertigineux et sensationnel \u00e0\u00a0Gourdon<\/p>\n<blockquote class=\"instagram-media\" data-instgrm-permalink=\"https:\/\/www.instagram.com\/p\/Cw8D0Gpgiqt\/?utm_source=ig_embed&amp;utm_campaign=loading\" data-instgrm-version=\"14\" style=\" background:#FFF; border:0; border-radius:3px; box-shadow:0 0 1px 0 rgba(0,0,0,0.5),0 1px 10px 0 rgba(0,0,0,0.15); margin: 1px; max-width:540px; min-width:326px; padding:0; width:99.375%; width:-webkit-calc(100% - 2px); width:calc(100% - 2px);\"\/>\n<p>Prenons Gourdon. Surnomm\u00e9e \u00ab\u00a0nid d\u2019aigle\u00a0\u00bb, la munici\u00adpalit\u00e9 est accroch\u00e9e au sommet d\u2019une falaise verti\u00adgi\u00adneuse \u00e0\u00a0760\u00a0m\u00e8tres d\u2019altitude Un v\u00e9ritable balcon sur la Grande Bleue et sur les gorges du Loup. On appr\u00e9cie les maisons anciennes et les ruelles vivantes, mais s\u2019il ne fallait retenir qu\u2019un site, ce serait le belv\u00e9d\u00e8re de la place Victoria.<\/p>\n<p>De cette position, on d\u00e9couvre un panorama grandiose sur toute la Riviera. Impossible de rester de marbre lorsqu\u2019on per\u00e7oit Nice, l\u2019embouchure du Var ainsi que <a href=\"https:\/\/nicepresse.com\/dossier-cagnes-sur-mer\/\" rel=\"nofollow noopener\" target=\"_blank\">Cagnes-\u200bsur-\u200bMer<\/a>, le cap d\u2019Antibes, les <a href=\"https:\/\/nicepresse.com\/cannes-et-cote-dazur-a-la-decouverte-du-sublime-pays-de-lerins-photos\/\" rel=\"nofollow noopener\" target=\"_blank\">Iles de L\u00e9rins<\/a>, voir selon la m\u00e9t\u00e9o le <a href=\"https:\/\/nicepresse.com\/photos-balade-le-massif-de-lesterel-une-terre-volcanique-immanquable-sur-la-cote-dazur\/\" rel=\"nofollow noopener\" target=\"_blank\">massif de l\u2019Est\u00e9rel<\/a>. Somptueux, surtout si l\u2019on ajoute \u00e0\u00a0cette vision l\u2019horizon s\u2019unissant \u00e0\u00a0la mer loin devant nous.<\/p>\n<p>L\u2019esplanade doit son nom \u00e0\u00a0la reine Victoria, venue en excursion en 1891. N\u2019h\u00e9sitez pas d\u2019ailleurs \u00e0\u00a0jeter un coup d\u2019\u0153il en bas, vers le chemin muletier du Paradis, qui pourrait \u00eatre le th\u00e9\u00e2tre d\u2019une agr\u00e9able randonn\u00e9e.<\/p>\n<p>La qui\u00e9tude du jardin m\u00e9di\u00e9val de Sainte-Agn\u00e8s<\/p>\n<blockquote class=\"instagram-media\" data-instgrm-permalink=\"https:\/\/www.instagram.com\/p\/DCi5Y2DMW_-\/?utm_source=ig_embed&amp;utm_campaign=loading\" data-instgrm-version=\"14\" style=\" background:#FFF; border:0; border-radius:3px; box-shadow:0 0 1px 0 rgba(0,0,0,0.5),0 1px 10px 0 rgba(0,0,0,0.15); margin: 1px; max-width:540px; min-width:326px; padding:0; width:99.375%; width:-webkit-calc(100% - 2px); width:calc(100% - 2px);\"\/>\n<p><a href=\"https:\/\/nicepresse.com\/provence-alpes-cote-dazur-sainte-agnes-limmanquable-village-perche\/\" rel=\"nofollow noopener\" target=\"_blank\">Sainte-\u200bAgn\u00e8s<\/a> \u00e9galement, fait partie des laur\u00e9ates. C\u2019est peu dire que le\u00a0<a href=\"https:\/\/nicepresse.com\/balade-le-village-du-littoral-le-plus-haut-deurope-est-a-decouvrir-en-provence-alpes-cote-dazur\/\" rel=\"nofollow noopener\" target=\"_blank\">\u00ab\u00a0village littoral le plus haut d\u2019Europe\u00a0\u00bb<\/a> a\u00a0de quoi s\u00e9duire. Il se d\u00e9marque par\u00a0<a href=\"https:\/\/nicepresse.com\/palmares-des-villes-et-villages-fleuris-voici-les-communes-recompensees-en-provence-alpes-cote-dazur\/\" rel=\"nofollow noopener\" target=\"_blank\">sa majest\u00e9<\/a>, au-\u200bdessus du pourtour m\u00e9diter\u00adran\u00e9en. On le retrouve \u00e0\u00a0800 m\u00e8tres d\u2019altitude\u00a0: la promesse d\u2019un impres\u00adsionnant spectacle visuel.<\/p>\n<p>Lister l\u2019ensemble des merveilles de la localit\u00e9 serait extr\u00ea\u00admement prenant, mais pour en souligner une, concentrons-\u200bnous sur le jardin m\u00e9di\u00e9val au pied du ch\u00e2teau.\u00a0<\/p>\n<p>Un espace arboricole entretenu par l\u2019association des Peintres du Soleil. On se croirait revenu au Moyen \u00c2ge, les plantes et les arbustes c\u00f4toyant le potager, le bl\u00e9 et la vigne. Un coin id\u00e9al, \u00e0\u00a0l\u2019abri des murailles, pour fl\u00e2ner, et s\u2019a\u00e9rer l\u2019esprit.<\/p>\n<p>Les tr\u00e9sors historiques de Peillon<\/p>\n<blockquote class=\"instagram-media\" data-instgrm-permalink=\"https:\/\/www.instagram.com\/p\/C9KtVKvoOfg\/?utm_source=ig_embed&amp;utm_campaign=loading\" data-instgrm-version=\"14\" style=\" background:#FFF; border:0; border-radius:3px; box-shadow:0 0 1px 0 rgba(0,0,0,0.5),0 1px 10px 0 rgba(0,0,0,0.15); margin: 1px; max-width:540px; min-width:326px; padding:0; width:99.375%; width:-webkit-calc(100% - 2px); width:calc(100% - 2px);\"\/>\n<p>Tout pr\u00e8s de l\u00e0, un peu plus \u00e0\u00a0l\u2019Ouest, <a href=\"https:\/\/nicepresse.com\/pres-de-nice-decouverte-peillon-plus-beaux-villages-perches-des-alpes-maritimes\/\" rel=\"nofollow noopener\" target=\"_blank\">se dresse Peillon<\/a>, une autre admirable commune. Ici, place \u00e0\u00a0l\u2019his\u00adtoire, dont on d\u00e9niche des vestiges \u00e0\u00a0tous les coins de rue. Un patri\u00admoine absolument sublime et d\u2019une grande richesse. Fortifications, art\u00e8res tortueuses coup\u00e9es de passages vo\u00fbt\u00e9s, vieilles fontaines ou encore ouvrages religieux s\u2019y \u00e9panouissent.\u00a0<\/p>\n<p>La meilleure illus\u00adtration de cet h\u00e9ritage foisonnant\u00a0: l\u2019\u00e9glise de la Transfiguration. Pour la petite anecdote, elle est b\u00e2tie dans les vestiges d\u2019un ancien ch\u00e2teau. Peut-\u200b\u00eatre remarquerez-\u200bvous le donjon carr\u00e9 devenu clocher \u00e0\u00a0partir du XII si\u00e8cle. \u00c0\u00a0l\u2019int\u00e9\u00adrieur, on tombe sous le charme d\u2019une ornemen\u00adtation \u00e0\u00a0l\u2019influence baroque.\u00a0<\/p>\n<p>Et si vous n\u2019en avez pas assez, la chapelle des P\u00e9nitents Blancs prot\u00e8ge de magni\u00adfiques peintures de Jean Canavesi remontant au XVe si\u00e8cle. Dans la vieille \u00e9cole, vous d\u00e9nicherez la fresque \u00ab\u00a0Lux in tenebris\u00a0\u00bb r\u00e9alis\u00e9e en 1952 par Charles Rocher de G\u00e9rign\u00e9, un artiste local. Tout un symbole.<\/p>\n<p>\t<script async src=\"\/\/www.instagram.com\/embed.js\"><\/script><\/p>\n","protected":false},"excerpt":{"rendered":"Tout pr\u00e8s de Nice, se cachent des lieux parfois m\u00e9connus mais excep\u00adtionnels. Des sites histo\u00adriques et aux d\u00e9cors&hellip;\n","protected":false},"author":2,"featured_media":371161,"comment_status":"","ping_status":"","sticky":false,"template":"","format":"standard","meta":{"footnotes":""},"categories":[2819],"tags":[1111,11,1777,674,1011,27,12,2401,882,25],"class_list":{"0":"post-371160","1":"post","2":"type-post","3":"status-publish","4":"format-standard","5":"has-post-thumbnail","7":"category-nice","8":"tag-actu","9":"tag-actualites","10":"tag-eu","11":"tag-europe","12":"tag-fr","13":"tag-france","14":"tag-news","15":"tag-nice","16":"tag-provence-alpes-cote-dazur","17":"tag-republique-francaise"},"share_on_mastodon":{"url":"https:\/\/pubeurope.com\/@fr\/115158645723444444","error":""},"_links":{"self":[{"href":"https:\/\/www.europesays.com\/fr\/wp-json\/wp\/v2\/posts\/371160","targetHints":{"allow":["GET"]}}],"collection":[{"href":"https:\/\/www.europesays.com\/fr\/wp-json\/wp\/v2\/posts"}],"about":[{"href":"https:\/\/www.europesays.com\/fr\/wp-json\/wp\/v2\/types\/post"}],"author":[{"embeddable":true,"href":"https:\/\/www.europesays.com\/fr\/wp-json\/wp\/v2\/users\/2"}],"replies":[{"embeddable":true,"href":"https:\/\/www.europesays.com\/fr\/wp-json\/wp\/v2\/comments?post=371160"}],"version-history":[{"count":0,"href":"https:\/\/www.europesays.com\/fr\/wp-json\/wp\/v2\/posts\/371160\/revisions"}],"wp:featuredmedia":[{"embeddable":true,"href":"https:\/\/www.europesays.com\/fr\/wp-json\/wp\/v2\/media\/371161"}],"wp:attachment":[{"href":"https:\/\/www.europesays.com\/fr\/wp-json\/wp\/v2\/media?parent=371160"}],"wp:term":[{"taxonomy":"category","embeddable":true,"href":"https:\/\/www.europesays.com\/fr\/wp-json\/wp\/v2\/categories?post=371160"},{"taxonomy":"post_tag","embeddable":true,"href":"https:\/\/www.europesays.com\/fr\/wp-json\/wp\/v2\/tags?post=371160"}],"curies":[{"name":"wp","href":"https:\/\/api.w.org\/{rel}","templated":true}]}}