{"id":371162,"date":"2025-09-06T17:57:11","date_gmt":"2025-09-06T17:57:11","guid":{"rendered":"https:\/\/www.europesays.com\/fr\/371162\/"},"modified":"2025-09-06T17:57:11","modified_gmt":"2025-09-06T17:57:11","slug":"en-direct-rugby-nationale-le-csbj-se-reveille-juste-avant-la-pause-face-a-nice","status":"publish","type":"post","link":"https:\/\/www.europesays.com\/fr\/371162\/","title":{"rendered":"En direct Rugby &#8211; Nationale. Le CSBJ se r\u00e9veille juste avant la pause face \u00e0 Nice"},"content":{"rendered":"<p>Bourgoin esp\u00e8re aller chercher son deuxi\u00e8me succ\u00e8s de la saison apr\u00e8s avoir victorieusement son championnat en s\u2019imposant face \u00e0 Albi (24-17). D\u00e9faits \u00e0 Rennes (22-18), les Ciel et Grenat sont tout de m\u00eame revenus de Bretagne avec le point du bonus d\u00e9fensif. Les Azur\u00e9ens, eux, encha\u00eenent leur troisi\u00e8me rencontre de rang \u00e0 l\u2019ext\u00e9rieur. Apr\u00e8s avoir \u00e9cras\u00e9 Tarbes (6-42), ils ont chut\u00e9 sur le terrain de P\u00e9rigueux (19-15), la semaine pass\u00e9e.<\/p>\n","protected":false},"excerpt":{"rendered":"Bourgoin esp\u00e8re aller chercher son deuxi\u00e8me succ\u00e8s de la saison apr\u00e8s avoir victorieusement son championnat en s\u2019imposant face&hellip;\n","protected":false},"author":2,"featured_media":371163,"comment_status":"","ping_status":"","sticky":false,"template":"","format":"standard","meta":{"footnotes":""},"categories":[2819],"tags":[1111,11,12919,13047,17598,46363,3545,115,1777,674,107,1701,1011,27,108,12,2401,882,25,479,517,1947],"class_list":{"0":"post-371162","1":"post","2":"type-post","3":"status-publish","4":"format-standard","5":"has-post-thumbnail","7":"category-nice","8":"tag-actu","9":"tag-actualites","10":"tag-bourgoin-jallieu","11":"tag-bourgoin-jallieu-bassin","12":"tag-csbj-cs-bourgoin-jallieu","13":"tag-csbj-rugby","14":"tag-direct-sport","15":"tag-edition-bourgoin-jallieu-nord-dauphine","16":"tag-eu","17":"tag-europe","18":"tag-fil-info","19":"tag-fil-info-sport","20":"tag-fr","21":"tag-france","22":"tag-isere","23":"tag-news","24":"tag-nice","25":"tag-provence-alpes-cote-dazur","26":"tag-republique-francaise","27":"tag-rugby","28":"tag-sport","29":"tag-sport-national"},"share_on_mastodon":{"url":"https:\/\/pubeurope.com\/@fr\/115158649563720929","error":""},"_links":{"self":[{"href":"https:\/\/www.europesays.com\/fr\/wp-json\/wp\/v2\/posts\/371162","targetHints":{"allow":["GET"]}}],"collection":[{"href":"https:\/\/www.europesays.com\/fr\/wp-json\/wp\/v2\/posts"}],"about":[{"href":"https:\/\/www.europesays.com\/fr\/wp-json\/wp\/v2\/types\/post"}],"author":[{"embeddable":true,"href":"https:\/\/www.europesays.com\/fr\/wp-json\/wp\/v2\/users\/2"}],"replies":[{"embeddable":true,"href":"https:\/\/www.europesays.com\/fr\/wp-json\/wp\/v2\/comments?post=371162"}],"version-history":[{"count":0,"href":"https:\/\/www.europesays.com\/fr\/wp-json\/wp\/v2\/posts\/371162\/revisions"}],"wp:featuredmedia":[{"embeddable":true,"href":"https:\/\/www.europesays.com\/fr\/wp-json\/wp\/v2\/media\/371163"}],"wp:attachment":[{"href":"https:\/\/www.europesays.com\/fr\/wp-json\/wp\/v2\/media?parent=371162"}],"wp:term":[{"taxonomy":"category","embeddable":true,"href":"https:\/\/www.europesays.com\/fr\/wp-json\/wp\/v2\/categories?post=371162"},{"taxonomy":"post_tag","embeddable":true,"href":"https:\/\/www.europesays.com\/fr\/wp-json\/wp\/v2\/tags?post=371162"}],"curies":[{"name":"wp","href":"https:\/\/api.w.org\/{rel}","templated":true}]}}