{"id":371164,"date":"2025-09-06T17:58:50","date_gmt":"2025-09-06T17:58:50","guid":{"rendered":"https:\/\/www.europesays.com\/fr\/371164\/"},"modified":"2025-09-06T17:58:50","modified_gmt":"2025-09-06T17:58:50","slug":"abus-sexuels-ils-revelent-les-choses-degueulasses-endurees-dans-des-ecoles-privees","status":"publish","type":"post","link":"https:\/\/www.europesays.com\/fr\/371164\/","title":{"rendered":"Abus sexuels\u00a0: ils r\u00e9v\u00e8lent les \u00ab\u00a0choses d\u00e9gueulasses\u00a0\u00bb endur\u00e9es dans des \u00e9coles priv\u00e9es"},"content":{"rendered":"<p>Il s\u2019est tu, tr\u00e8s longtemps. Trop longtemps. Ce lundi matin, quarante-huit heures apr\u00e8s les r\u00e9v\u00e9lations sur les abus sexuels au sein de l\u2019Institution Saint-Stanislas, \u00e0 Nantes, il a rassembl\u00e9 son courage. Et pris son t\u00e9l\u00e9phone pour raconter, enfin, le calvaire et <strong>\u00ab\u00a0les choses d\u00e9gueulasses\u00a0\u00bb<\/strong> qu\u2019il a v\u00e9cues, alors qu\u2019il \u00e9tait en primaire (1). Au bout du fil, d\u00e9bit mitraillette, &#8230;<\/p>\n<p>\u00a0<\/p>\n","protected":false},"excerpt":{"rendered":"Il s\u2019est tu, tr\u00e8s longtemps. Trop longtemps. Ce lundi matin, quarante-huit heures apr\u00e8s les r\u00e9v\u00e9lations sur les abus&hellip;\n","protected":false},"author":2,"featured_media":371036,"comment_status":"","ping_status":"","sticky":false,"template":"","format":"standard","meta":{"footnotes":""},"categories":[2818],"tags":[48978,1111,11,5492,19938,50526,4019,50527,1777,674,1011,27,766,12,2636,50528,25,15844,48979],"class_list":{"0":"post-371164","1":"post","2":"type-post","3":"status-publish","4":"format-standard","5":"has-post-thumbnail","7":"category-nantes","8":"tag-abus","9":"tag-actu","10":"tag-actualites","11":"tag-caen","12":"tag-choses","13":"tag-degueulasses","14":"tag-ecoles","15":"tag-endurees","16":"tag-eu","17":"tag-europe","18":"tag-fr","19":"tag-france","20":"tag-nantes","21":"tag-news","22":"tag-pays-de-la-loire","23":"tag-privees","24":"tag-republique-francaise","25":"tag-revelent","26":"tag-sexuels"},"share_on_mastodon":{"url":"https:\/\/pubeurope.com\/@fr\/115158657529939059","error":""},"_links":{"self":[{"href":"https:\/\/www.europesays.com\/fr\/wp-json\/wp\/v2\/posts\/371164","targetHints":{"allow":["GET"]}}],"collection":[{"href":"https:\/\/www.europesays.com\/fr\/wp-json\/wp\/v2\/posts"}],"about":[{"href":"https:\/\/www.europesays.com\/fr\/wp-json\/wp\/v2\/types\/post"}],"author":[{"embeddable":true,"href":"https:\/\/www.europesays.com\/fr\/wp-json\/wp\/v2\/users\/2"}],"replies":[{"embeddable":true,"href":"https:\/\/www.europesays.com\/fr\/wp-json\/wp\/v2\/comments?post=371164"}],"version-history":[{"count":0,"href":"https:\/\/www.europesays.com\/fr\/wp-json\/wp\/v2\/posts\/371164\/revisions"}],"wp:featuredmedia":[{"embeddable":true,"href":"https:\/\/www.europesays.com\/fr\/wp-json\/wp\/v2\/media\/371036"}],"wp:attachment":[{"href":"https:\/\/www.europesays.com\/fr\/wp-json\/wp\/v2\/media?parent=371164"}],"wp:term":[{"taxonomy":"category","embeddable":true,"href":"https:\/\/www.europesays.com\/fr\/wp-json\/wp\/v2\/categories?post=371164"},{"taxonomy":"post_tag","embeddable":true,"href":"https:\/\/www.europesays.com\/fr\/wp-json\/wp\/v2\/tags?post=371164"}],"curies":[{"name":"wp","href":"https:\/\/api.w.org\/{rel}","templated":true}]}}