{"id":371165,"date":"2025-09-06T17:59:23","date_gmt":"2025-09-06T17:59:23","guid":{"rendered":"https:\/\/www.europesays.com\/fr\/371165\/"},"modified":"2025-09-06T17:59:23","modified_gmt":"2025-09-06T17:59:23","slug":"en-images-a-la-folie-des-plantes-de-nantes-des-especes-rares-face-au-changement-climatique","status":"publish","type":"post","link":"https:\/\/www.europesays.com\/fr\/371165\/","title":{"rendered":"EN IMAGES\u00a0: \u00e0 la Folie des Plantes de Nantes, \u00ab\u00a0des esp\u00e8ces rares\u00a0\u00bb face au changement climatique"},"content":{"rendered":"<p>La 38e \u00e9dition de La Folie des Plantes a d\u00e9but\u00e9 ce samedi 6 septembre \u00e0 Nantes, dans le parc du Grand-Blottereau. Pr\u00e8s de 40.000 visiteurs y sont attendus tout le week-end. Parmi eux, beaucoup cherchent de nouvelles vari\u00e9t\u00e9s pour faire face au changement climatique.<\/p>\n<p>C&rsquo;est l&rsquo;une des plus grandes expositions de v\u00e9g\u00e9taux du Grand-Ouest. Comme chaque ann\u00e9e, le premier week-end de septembre est consacr\u00e9 \u00e0 La Folie des Plantes, dans le parc du Grand-Blottereau \u00e0 Nantes. Samedi et dimanche, pr\u00e8s de 40.000 visiteurs sont attendus. <strong>Plus de 170 exposants sont sur place<\/strong>. Parmi les jardiniers en herbe ou confirm\u00e9s, beaucoup cherchent \u00e0 modifier leurs habitudes et sont en qu\u00eate de nouvelles esp\u00e8ces, pour faire face au r\u00e9chauffement climatique.<\/p>\n<p>\u00ab\u00a0On peut avoir des plantes que l&rsquo;on n&rsquo;avait pas il y a 20 ans\u00a0\u00bb<\/p>\n<p>Dans les all\u00e9es du parc, entre les diff\u00e9rents stands, Maryse d\u00e9ambule. Un sac de course rempli de plantes sur les \u00e9paules, <strong>elle tire, avec son autre bras, un charriot, lui aussi plein<\/strong>. \u00ab\u00a0Et j&rsquo;ai aussi un autre sac qui m&rsquo;attend dans la voiture\u00a0\u00bb, s&rsquo;amuse la Rennaise. V\u00e9ritable passionn\u00e9e de jardinage, la presque-retrait\u00e9e est venue \u00e0 l&rsquo;exposition en qu\u00eate de nouvelles esp\u00e8ces. Elle pointe un Vanillier de Cayenne dans ses emplettes.<\/p>\n<p><img loading=\"lazy\" decoding=\"async\" class=\"VisualPreview svelte-1rldrkz\" src=\"data:image\/jpeg;base64,\/9j\/2wBDACgcHiMeGSgjISMtKygwPGRBPDc3PHtYXUlkkYCZlo+AjIqgtObDoKrarYqMyP\/L2u71\/\/\/\/m8H\/\/\/\/6\/+b9\/\/j\/2wBDASstLTw1PHZBQXb4pYyl+Pj4+Pj4+Pj4+Pj4+Pj4+Pj4+Pj4+Pj4+Pj4+Pj4+Pj4+Pj4+Pj4+Pj4+Pj4+Pj4+Pj\/wAARCAAfACoDASIAAhEBAxEB\/8QAGAABAQEBAQAAAAAAAAAAAAAAAwEAAgT\/xAAYEAEAAwEAAAAAAAAAAAAAAAAAARESAv\/EABYBAQEBAAAAAAAAAAAAAAAAAAECAP\/EABYRAQEBAAAAAAAAAAAAAAAAAAAREv\/aAAwDAQACEQMRAD8AXaT0HbbFYuk0LTaVUw1rYo6dWdCPNptDtrQt3pY6HaxLMbnolg5koL\/\/2Q==\" alt=\"Une collection de bonza\u00efs \u00e0 la Folie des Plantes \u00e0 Nantes\" width=\"600\" height=\"450\"\/>  Une collection de bonza\u00efs \u00e0 la Folie des Plantes \u00e0 Nantes \u00a9 Radio France &#8211; Hugo Deschamps<\/p>\n<p>Avec le r\u00e9chauffement climatique et des \u00e9t\u00e9s de plus en plus chauds, elle a dit adieu \u00e0 certaines esp\u00e8ces dans son jardin. Aujourd&rsquo;hui, elle se rend compte qu&rsquo;\u00a0\u00ab\u00a0on peut avoir des plantes que l&rsquo;on n&rsquo;avait pas forc\u00e9ment avant. On peut avoir des plantes que l&rsquo;on n&rsquo;avait pas il y a 20 ans\u00a0\u00bb, dit-elle. <strong>Par exemple, l\u00e0 o\u00f9 elle habite en Bretagne, pr\u00e8s de Renne, elle cultive des agrumes.<\/strong><\/p>\n<p><img loading=\"lazy\" decoding=\"async\" class=\"VisualPreview svelte-1rldrkz\" src=\"data:image\/jpeg;base64,\/9j\/2wBDACgcHiMeGSgjISMtKygwPGRBPDc3PHtYXUlkkYCZlo+AjIqgtObDoKrarYqMyP\/L2u71\/\/\/\/m8H\/\/\/\/6\/+b9\/\/j\/2wBDASstLTw1PHZBQXb4pYyl+Pj4+Pj4+Pj4+Pj4+Pj4+Pj4+Pj4+Pj4+Pj4+Pj4+Pj4+Pj4+Pj4+Pj4+Pj4+Pj4+Pj\/wAARCAAfACoDASIAAhEBAxEB\/8QAFwABAQEBAAAAAAAAAAAAAAAAAQIDAP\/EABgQAQEBAQEAAAAAAAAAAAAAAAABEhEC\/8QAFwEBAQEBAAAAAAAAAAAAAAAAAAIBA\/\/EABYRAQEBAAAAAAAAAAAAAAAAAAAREv\/aAAwDAQACEQMRAD8Ahwd1ekRcVKz6dGiNZT1jo7NEZu6A5VcPRoWptKRV9DbO1Omj\/9k=\" alt=\"Des esp\u00e8ces de palmiers ou encore de cactus expos\u00e9s \u00e0 la Folie des Plantes \u00e0 Nantes\" width=\"600\" height=\"450\"\/>  Des esp\u00e8ces de palmiers ou encore de cactus expos\u00e9s \u00e0 la Folie des Plantes \u00e0 Nantes \u00a9 Radio France &#8211; Hugo Deschamps<\/p>\n<p>C&rsquo;est aussi le cas de Corinne, venue d&rsquo;Angers. Cela fait maintenant 10 ans qu&rsquo;elle vient \u00e0 la Folie des Plantes de Nantes. <strong>Et en 10 ans, elle aussi constate qu&rsquo;elle a chang\u00e9 ses habitudes dans son jardin.<\/strong> \u00ab\u00a0Je cherche maintenant des plantes plus originales\u00a0\u00bb, dit-elle, en pointant deux esp\u00e8ces qu&rsquo;elle vient d&rsquo;acheter\u00a0: une vient d&rsquo;Australie, l&rsquo;autre de M\u00e9diterran\u00e9e.<\/p>\n<p><img loading=\"lazy\" decoding=\"async\" class=\"VisualPreview svelte-1rldrkz\" src=\"data:image\/jpeg;base64,\/9j\/2wBDACgcHiMeGSgjISMtKygwPGRBPDc3PHtYXUlkkYCZlo+AjIqgtObDoKrarYqMyP\/L2u71\/\/\/\/m8H\/\/\/\/6\/+b9\/\/j\/2wBDASstLTw1PHZBQXb4pYyl+Pj4+Pj4+Pj4+Pj4+Pj4+Pj4+Pj4+Pj4+Pj4+Pj4+Pj4+Pj4+Pj4+Pj4+Pj4+Pj4+Pj\/wAARCAAfACoDASIAAhEBAxEB\/8QAGAAAAwEBAAAAAAAAAAAAAAAAAAIDAQT\/xAAXEAEBAQEAAAAAAAAAAAAAAAAAERIB\/8QAFgEBAQEAAAAAAAAAAAAAAAAAAAEC\/8QAFBEBAAAAAAAAAAAAAAAAAAAAAP\/aAAwDAQACEQMRAD8A5OlikGWBOG5w2W5AsEPkQD5bk8bEaTyMqwQE8syrGRR\/\/9k=\" alt=\"Pr\u00e8s de 40.000 visiteurs sont attendus au parc du Grand-Blottereau \u00e0 Nantes pour la Folie des Plantes\" width=\"600\" height=\"450\"\/>  Pr\u00e8s de 40.000 visiteurs sont attendus au parc du Grand-Blottereau \u00e0 Nantes pour la Folie des Plantes \u00a9 Radio France &#8211; Hugo Deschamps\u00a0\u00bbBeaucoup de questions l\u00e0-dessus\u00a0\u00bb<\/p>\n<p>Parmi les 170 exposants pr\u00e9sents au parc du Grand-Blottereau, il y a Laurent Trouillard, p\u00e9pini\u00e9riste aux Moutiers-en-Retz d&rsquo;Atlantic Jardin. Entre 60 et 70 esp\u00e8ces diff\u00e9rentes sont \u00e0 la vente sur l&rsquo;espace qui lui est r\u00e9serv\u00e9. Et beaucoup de visiteurs viennent lui poser des questions sur \u00ab\u00a0l&rsquo;arrosage, surtout avec le changement climatique, on demande et propose plus de plantes qui n\u00e9cessitent moins d&rsquo;arrosage\u00a0\u00bb. <strong>Il cite par exemple des plantes grasses \u00e0 fleurs\u00a0: les bulbines, les alo\u00e8s, ou encore les mangaves.<\/strong><\/p>\n<p><img loading=\"lazy\" decoding=\"async\" class=\"VisualPreview svelte-1rldrkz\" src=\"data:image\/jpeg;base64,\/9j\/2wBDACgcHiMeGSgjISMtKygwPGRBPDc3PHtYXUlkkYCZlo+AjIqgtObDoKrarYqMyP\/L2u71\/\/\/\/m8H\/\/\/\/6\/+b9\/\/j\/2wBDASstLTw1PHZBQXb4pYyl+Pj4+Pj4+Pj4+Pj4+Pj4+Pj4+Pj4+Pj4+Pj4+Pj4+Pj4+Pj4+Pj4+Pj4+Pj4+Pj4+Pj\/wAARCAAfACoDASIAAhEBAxEB\/8QAGAABAQEBAQAAAAAAAAAAAAAAAQIDAAT\/xAAZEAEBAQEBAQAAAAAAAAAAAAAAARECEhP\/xAAXAQEBAQEAAAAAAAAAAAAAAAAAAQID\/8QAFREBAQAAAAAAAAAAAAAAAAAAABH\/2gAMAwEAAhEDEQA\/AAyp12ulYjSdH2x9C9JVjb6D6PPex7SkaaNcGK1HWotVU2FE2p1dgwo\/\/9k=\" alt=\"Un stand de vente de plantes \u00e0 la Folie des Plantes \u00e0 Nantes\" width=\"600\" height=\"450\"\/>  Un stand de vente de plantes \u00e0 la Folie des Plantes \u00e0 Nantes \u00a9 Radio France &#8211; Hugo Deschamps<\/p>\n","protected":false},"excerpt":{"rendered":"La 38e \u00e9dition de La Folie des Plantes a d\u00e9but\u00e9 ce samedi 6 septembre \u00e0 Nantes, dans le&hellip;\n","protected":false},"author":2,"featured_media":371166,"comment_status":"","ping_status":"","sticky":false,"template":"","format":"standard","meta":{"footnotes":""},"categories":[2818],"tags":[1111,11,1777,674,1011,27,766,12,2636,25],"class_list":{"0":"post-371165","1":"post","2":"type-post","3":"status-publish","4":"format-standard","5":"has-post-thumbnail","7":"category-nantes","8":"tag-actu","9":"tag-actualites","10":"tag-eu","11":"tag-europe","12":"tag-fr","13":"tag-france","14":"tag-nantes","15":"tag-news","16":"tag-pays-de-la-loire","17":"tag-republique-francaise"},"share_on_mastodon":{"url":"https:\/\/pubeurope.com\/@fr\/115158657588668937","error":""},"_links":{"self":[{"href":"https:\/\/www.europesays.com\/fr\/wp-json\/wp\/v2\/posts\/371165","targetHints":{"allow":["GET"]}}],"collection":[{"href":"https:\/\/www.europesays.com\/fr\/wp-json\/wp\/v2\/posts"}],"about":[{"href":"https:\/\/www.europesays.com\/fr\/wp-json\/wp\/v2\/types\/post"}],"author":[{"embeddable":true,"href":"https:\/\/www.europesays.com\/fr\/wp-json\/wp\/v2\/users\/2"}],"replies":[{"embeddable":true,"href":"https:\/\/www.europesays.com\/fr\/wp-json\/wp\/v2\/comments?post=371165"}],"version-history":[{"count":0,"href":"https:\/\/www.europesays.com\/fr\/wp-json\/wp\/v2\/posts\/371165\/revisions"}],"wp:featuredmedia":[{"embeddable":true,"href":"https:\/\/www.europesays.com\/fr\/wp-json\/wp\/v2\/media\/371166"}],"wp:attachment":[{"href":"https:\/\/www.europesays.com\/fr\/wp-json\/wp\/v2\/media?parent=371165"}],"wp:term":[{"taxonomy":"category","embeddable":true,"href":"https:\/\/www.europesays.com\/fr\/wp-json\/wp\/v2\/categories?post=371165"},{"taxonomy":"post_tag","embeddable":true,"href":"https:\/\/www.europesays.com\/fr\/wp-json\/wp\/v2\/tags?post=371165"}],"curies":[{"name":"wp","href":"https:\/\/api.w.org\/{rel}","templated":true}]}}