{"id":371167,"date":"2025-09-06T18:00:36","date_gmt":"2025-09-06T18:00:36","guid":{"rendered":"https:\/\/www.europesays.com\/fr\/371167\/"},"modified":"2025-09-06T18:00:36","modified_gmt":"2025-09-06T18:00:36","slug":"cette-marque-culte-de-figurines-asiatiques-ouvre-sa-premiere-boutique-a-bordeaux","status":"publish","type":"post","link":"https:\/\/www.europesays.com\/fr\/371167\/","title":{"rendered":"Cette marque culte de figurines asiatiques ouvre sa premi\u00e8re boutique \u00e0 Bordeaux"},"content":{"rendered":"<p>Pop Mart pose ses jouets \u00e0 Bordeaux&#13;<\/p>\n<p data-start=\"475\" data-end=\"883\">Pour le plus grand bonheur des fans, la <strong>marque culte Pop Mart<\/strong> qui rayonne \u00e0 l&rsquo;internationnal s&rsquo;invite dans la capitale girondine. Install\u00e9e rue Sainte-Catherine, la boutique promet un acc\u00e8s direct aux collections embl\u00e9matiques. L\u2019annonce officielle mentionne une ouverture d\u00e8s 10h, avec un cadeau exclusif\u00a0: un jouet <strong data-start=\"766\" data-end=\"805\">DIMOO Animal Kingdom Series (Woven)<\/strong> <strong>offert<\/strong> pour tout achat de 50\u20ac ou plus.<\/p>\n<p>&#13;<\/p>\n<blockquote class=\"instagram-media\" data-instgrm-captioned=\"\" data-instgrm-permalink=\"https:\/\/www.instagram.com\/p\/DOI6yZEiJWW\/?utm_source=ig_embed&amp;utm_campaign=loading\" data-instgrm-version=\"14\" style=\"background: #FFF; border: 0; border-radius: 3px; box-shadow: 0 0 1px 0 rgba(0,0,0,0.5),0 1px 10px 0 rgba(0,0,0,0.15); margin: 1px; max-width: 540px; min-width: 326px; padding: 0; width: calc(100% - 2px);\"><p>&#13;<br \/>\n&#13;\n<\/p><\/blockquote>\n<p>&#13;<br \/>\n&#13;<br \/>\nLe ph\u00e9nom\u00e8ne des blind boxes&#13;<\/p>\n<p data-start=\"931\" data-end=\"1375\">Depuis sa fondation en 2010 en Chine, Pop Mart a popularis\u00e9 le concept de <strong data-start=\"1005\" data-end=\"1018\">blind box<\/strong> \u2014 ces figurines myst\u00e8res que l\u2019on collectionne. Avec des personnages stars tels que <strong data-start=\"1103\" data-end=\"1113\">Labubu<\/strong>, <strong data-start=\"1115\" data-end=\"1129\">Skullpanda<\/strong>, <strong data-start=\"1131\" data-end=\"1140\">Pucky<\/strong> ou <strong data-start=\"1144\" data-end=\"1153\">Dimoo<\/strong>, la marque a su cr\u00e9er un v\u00e9ritable engouement aupr\u00e8s des jeunes g\u00e9n\u00e9rations gr\u00e2ce \u00e0 un design kawaii et une strat\u00e9gie de marketing viral, entre collaborations pop et ph\u00e9nom\u00e8ne social.<\/p>\n<p>&#13;<\/p>\n<p data-start=\"1409\" data-end=\"1733\">La boutique ouvrira ses portes au <strong data-start=\"1443\" data-end=\"1486\">8, rue Sainte-Catherine<\/strong>\u00a0\u00e0 compter du <strong data-start=\"1501\" data-end=\"1538\">mercredi 10 septembre 2025 \u00e0 10h.<\/strong>\u00a0Attention, les <strong data-start=\"1593\" data-end=\"1622\">quantit\u00e9s seront limit\u00e9es<\/strong> et la r\u00e8gle du <strong data-start=\"1638\" data-end=\"1679\">\u00ab\u00a0premiers arriv\u00e9s, premiers servis\u00a0\u00bb<\/strong> sera appliqu\u00e9e.<\/p>\n<p>&#13;<\/p>\n<blockquote class=\"instagram-media\" data-instgrm-captioned=\"\" data-instgrm-permalink=\"https:\/\/www.instagram.com\/p\/DODVsuUiTgX\/?utm_source=ig_embed&amp;utm_campaign=loading\" data-instgrm-version=\"14\" style=\"background: #FFF; border: 0; border-radius: 3px; box-shadow: 0 0 1px 0 rgba(0,0,0,0.5),0 1px 10px 0 rgba(0,0,0,0.15); margin: 1px; max-width: 540px; min-width: 326px; padding: 0; width: calc(100% - 2px);\"><p>&#13;<br \/>\n&#13;\n<\/p><\/blockquote>\n<p>&#13;<br \/>\n<script async src=\"\/\/www.instagram.com\/embed.js\"><\/script><\/p>\n","protected":false},"excerpt":{"rendered":"Pop Mart pose ses jouets \u00e0 Bordeaux&#13; Pour le plus grand bonheur des fans, la marque culte Pop&hellip;\n","protected":false},"author":2,"featured_media":371168,"comment_status":"","ping_status":"","sticky":false,"template":"","format":"standard","meta":{"footnotes":""},"categories":[2817],"tags":[1111,11,1997,1777,674,1011,27,12,2219,25],"class_list":{"0":"post-371167","1":"post","2":"type-post","3":"status-publish","4":"format-standard","5":"has-post-thumbnail","7":"category-bordeaux","8":"tag-actu","9":"tag-actualites","10":"tag-bordeaux","11":"tag-eu","12":"tag-europe","13":"tag-fr","14":"tag-france","15":"tag-news","16":"tag-nouvelle-aquitaine","17":"tag-republique-francaise"},"share_on_mastodon":{"url":"https:\/\/pubeurope.com\/@fr\/115158661513955918","error":""},"_links":{"self":[{"href":"https:\/\/www.europesays.com\/fr\/wp-json\/wp\/v2\/posts\/371167","targetHints":{"allow":["GET"]}}],"collection":[{"href":"https:\/\/www.europesays.com\/fr\/wp-json\/wp\/v2\/posts"}],"about":[{"href":"https:\/\/www.europesays.com\/fr\/wp-json\/wp\/v2\/types\/post"}],"author":[{"embeddable":true,"href":"https:\/\/www.europesays.com\/fr\/wp-json\/wp\/v2\/users\/2"}],"replies":[{"embeddable":true,"href":"https:\/\/www.europesays.com\/fr\/wp-json\/wp\/v2\/comments?post=371167"}],"version-history":[{"count":0,"href":"https:\/\/www.europesays.com\/fr\/wp-json\/wp\/v2\/posts\/371167\/revisions"}],"wp:featuredmedia":[{"embeddable":true,"href":"https:\/\/www.europesays.com\/fr\/wp-json\/wp\/v2\/media\/371168"}],"wp:attachment":[{"href":"https:\/\/www.europesays.com\/fr\/wp-json\/wp\/v2\/media?parent=371167"}],"wp:term":[{"taxonomy":"category","embeddable":true,"href":"https:\/\/www.europesays.com\/fr\/wp-json\/wp\/v2\/categories?post=371167"},{"taxonomy":"post_tag","embeddable":true,"href":"https:\/\/www.europesays.com\/fr\/wp-json\/wp\/v2\/tags?post=371167"}],"curies":[{"name":"wp","href":"https:\/\/api.w.org\/{rel}","templated":true}]}}