{"id":371169,"date":"2025-09-06T18:01:27","date_gmt":"2025-09-06T18:01:27","guid":{"rendered":"https:\/\/www.europesays.com\/fr\/371169\/"},"modified":"2025-09-06T18:01:27","modified_gmt":"2025-09-06T18:01:27","slug":"ouali-el-hajjam-ex-le-havre-vers-les-girondins-de-bordeaux","status":"publish","type":"post","link":"https:\/\/www.europesays.com\/fr\/371169\/","title":{"rendered":"Ouali El Hajjam (ex Le Havre) vers les Girondins de Bordeaux"},"content":{"rendered":"<p><strong>Selon Sud Ouest, l\u2019ancien Havrais Ouali El Hajjam (il vient de r\u00e9silier son contrat), va rejoindre les Girondins de Bordeaux.\u00a0 <\/strong><\/p>\n<p>Actuellement en National 2, l\u2019ancien glorieux club de Ligue 1 s\u2019est mis d\u2019accord avec le d\u00e9fenseur de 34 ans, qui retrouvera deux anciennes connaissances en Gironde. Bruno Irles, qui a \u00e9t\u00e9 son entra\u00eeneur \u00e0 Troyes, et John Williams (directeur sportif de Bordeaux), pass\u00e9 par Amiens, comme lui.<\/p>\n<p>Le rempla\u00e7ant de Nadjib Ciss\u00e9<\/p>\n<p>Pour les Girondins, le recrutement de ce joueur exp\u00e9riment\u00e9\u00a0 (64 matchs de Ligue 1 et 114 de Ligue 2 \u00e0 son actif) peut \u00eatre un atout de taille dans la lutte pour la mont\u00e9e. Ouali El Hajjam, qui n\u2019a pas jou\u00e9 avec Le HAC la saison derni\u00e8re, devra toutefois retrouver le chemin de la forme pour apporter \u00e0 son \u00e9quipe. L\u2019objectif est qu\u2019il puisse remplacer Nadjib Ciss\u00e9, arriv\u00e9 cet \u00e9t\u00e9 en provenance de QRM et gravement bless\u00e9 au genou lors de la pr\u00e9paration et absent plusieurs mois.\u00a0<\/p>\n","protected":false},"excerpt":{"rendered":"Selon Sud Ouest, l\u2019ancien Havrais Ouali El Hajjam (il vient de r\u00e9silier son contrat), va rejoindre les Girondins&hellip;\n","protected":false},"author":2,"featured_media":371170,"comment_status":"","ping_status":"","sticky":false,"template":"","format":"standard","meta":{"footnotes":""},"categories":[2817],"tags":[1111,11,1997,1777,674,1011,27,12,2219,25],"class_list":{"0":"post-371169","1":"post","2":"type-post","3":"status-publish","4":"format-standard","5":"has-post-thumbnail","7":"category-bordeaux","8":"tag-actu","9":"tag-actualites","10":"tag-bordeaux","11":"tag-eu","12":"tag-europe","13":"tag-fr","14":"tag-france","15":"tag-news","16":"tag-nouvelle-aquitaine","17":"tag-republique-francaise"},"share_on_mastodon":{"url":"https:\/\/pubeurope.com\/@fr\/115158665456305414","error":""},"_links":{"self":[{"href":"https:\/\/www.europesays.com\/fr\/wp-json\/wp\/v2\/posts\/371169","targetHints":{"allow":["GET"]}}],"collection":[{"href":"https:\/\/www.europesays.com\/fr\/wp-json\/wp\/v2\/posts"}],"about":[{"href":"https:\/\/www.europesays.com\/fr\/wp-json\/wp\/v2\/types\/post"}],"author":[{"embeddable":true,"href":"https:\/\/www.europesays.com\/fr\/wp-json\/wp\/v2\/users\/2"}],"replies":[{"embeddable":true,"href":"https:\/\/www.europesays.com\/fr\/wp-json\/wp\/v2\/comments?post=371169"}],"version-history":[{"count":0,"href":"https:\/\/www.europesays.com\/fr\/wp-json\/wp\/v2\/posts\/371169\/revisions"}],"wp:featuredmedia":[{"embeddable":true,"href":"https:\/\/www.europesays.com\/fr\/wp-json\/wp\/v2\/media\/371170"}],"wp:attachment":[{"href":"https:\/\/www.europesays.com\/fr\/wp-json\/wp\/v2\/media?parent=371169"}],"wp:term":[{"taxonomy":"category","embeddable":true,"href":"https:\/\/www.europesays.com\/fr\/wp-json\/wp\/v2\/categories?post=371169"},{"taxonomy":"post_tag","embeddable":true,"href":"https:\/\/www.europesays.com\/fr\/wp-json\/wp\/v2\/tags?post=371169"}],"curies":[{"name":"wp","href":"https:\/\/api.w.org\/{rel}","templated":true}]}}