{"id":371171,"date":"2025-09-06T18:02:11","date_gmt":"2025-09-06T18:02:11","guid":{"rendered":"https:\/\/www.europesays.com\/fr\/371171\/"},"modified":"2025-09-06T18:02:11","modified_gmt":"2025-09-06T18:02:11","slug":"le-feu-setait-declare-dans-un-commerce","status":"publish","type":"post","link":"https:\/\/www.europesays.com\/fr\/371171\/","title":{"rendered":"le feu s&rsquo;\u00e9tait d\u00e9clar\u00e9 dans un commerce"},"content":{"rendered":"<p>            Par<br \/>\n        <strong><br \/>\n            <a href=\"https:\/\/actu.fr\/auteur\/david-saint-sernin\" title=\"Consulter tous les articles de David Saint-Sernin\" rel=\"nofollow noopener\" target=\"_blank\">David Saint-Sernin<\/a><br \/>\n        <\/strong><\/p>\n<p>        Publi\u00e9 le<\/p>\n<p>            6 sept. 2025 \u00e0 18h52        <\/p>\n<p>Samedi 6\u00a0septembre 2025, il \u00e9tait 8h12 quand les pompiers ont \u00e9t\u00e9 alert\u00e9s par des riverains en train d\u2019observer de la fum\u00e9e s\u2019\u00e9chapper d\u2019un immeuble de deux \u00e9tages situ\u00e9 quartier Roseraie, \u00e0 l\u2019est de Toulouse.<\/p>\n<p class=\" wall-content\">Arriv\u00e9s sur place, et apr\u00e8s les premi\u00e8res constatations, ils ont lanc\u00e9 une op\u00e9ration pour \u00e9teindre un feu en cours <strong>dans un institut de beaut\u00e9<\/strong> situ\u00e9 au rez-de-chauss\u00e9e d\u2019un b\u00e2timent dont les \u00e9tages, con\u00e7us pour accueillir des bureaux, \u00e9taient inoccup\u00e9s.<\/p>\n<p>Le b\u00e2timent pr\u00e9serv\u00e9, une personne prise en charge<\/p>\n<p class=\" wall-content\">Les pompiers de Haute-Garonne d\u00e9taillent\u2009:<\/p>\n<blockquote class=\"ac-article-quote wall-content\">\n<p>La mise en oeuvre rapide d&rsquo;un moyen d&rsquo;extinction a permis de ma\u00eetriser l&rsquo;incendie et de le cantonner \u00e0 un volume de 20m2 environ sur une surface totale de 80m2 qui a \u00e9t\u00e9 n\u00e9anmoins impact\u00e9e par les fum\u00e9es tout comme les deux \u00e9tages sup\u00e9rieurs.<\/p>\n<p>    <strong>Les pompiers de Haute-Garonne<\/strong>\n            <\/p><\/blockquote>\n<p class=\" wall-content\">Le bilan du SDIS 31 fait \u00e9tat d\u2019une personne prise en charge apr\u00e8s avoir inhal\u00e9 des fum\u00e9es. Elle a \u00e9t\u00e9 laiss\u00e9e sur place apr\u00e8s prise en charge m\u00e9dicale. \u00ab\u2009Il est pr\u00e9vu du ch\u00f4mage technique pour les employ\u00e9s du commerce\u2009\u00bb, pr\u00e9cisent les pompiers.<\/p>\n<p class=\" wall-content\">Six engins de secours ont \u00e9t\u00e9 mobilis\u00e9s ainsi que 20 sapeurs-pompiers.<\/p>\n<p class=\" wall-content\">Personnalisez votre actualit\u00e9 en ajoutant vos villes et m\u00e9dias en favori avec <a href=\"https:\/\/moncompte.actu.fr\" title=\"D\u00e9couvez Mon Actu\" rel=\"nofollow noopener\" data-trk=\"{&quot;cta&quot;:{&quot;action&quot;:&quot;https:\\\/\\\/moncompte.actu.fr&quot;,&quot;category&quot;:&quot;mon compte&quot;,&quot;from&quot;:&quot;article footer&quot;,&quot;name&quot;:&quot;Mon actu&quot;,&quot;type&quot;:&quot;cta&quot;}}\" target=\"_blank\">Mon Actu<\/a>.<\/p>\n","protected":false},"excerpt":{"rendered":"Par David Saint-Sernin Publi\u00e9 le 6 sept. 2025 \u00e0 18h52 Samedi 6\u00a0septembre 2025, il \u00e9tait 8h12 quand les&hellip;\n","protected":false},"author":2,"featured_media":371172,"comment_status":"","ping_status":"","sticky":false,"template":"","format":"standard","meta":{"footnotes":""},"categories":[2816],"tags":[1111,11,215,1777,674,118,1011,27,12,2680,1311,25,2312],"class_list":{"0":"post-371171","1":"post","2":"type-post","3":"status-publish","4":"format-standard","5":"has-post-thumbnail","7":"category-toulouse","8":"tag-actu","9":"tag-actualites","10":"tag-commerce","11":"tag-eu","12":"tag-europe","13":"tag-faits-divers","14":"tag-fr","15":"tag-france","16":"tag-news","17":"tag-occitanie","18":"tag-pompiers","19":"tag-republique-francaise","20":"tag-toulouse"},"share_on_mastodon":{"url":"https:\/\/pubeurope.com\/@fr\/115158669420919185","error":""},"_links":{"self":[{"href":"https:\/\/www.europesays.com\/fr\/wp-json\/wp\/v2\/posts\/371171","targetHints":{"allow":["GET"]}}],"collection":[{"href":"https:\/\/www.europesays.com\/fr\/wp-json\/wp\/v2\/posts"}],"about":[{"href":"https:\/\/www.europesays.com\/fr\/wp-json\/wp\/v2\/types\/post"}],"author":[{"embeddable":true,"href":"https:\/\/www.europesays.com\/fr\/wp-json\/wp\/v2\/users\/2"}],"replies":[{"embeddable":true,"href":"https:\/\/www.europesays.com\/fr\/wp-json\/wp\/v2\/comments?post=371171"}],"version-history":[{"count":0,"href":"https:\/\/www.europesays.com\/fr\/wp-json\/wp\/v2\/posts\/371171\/revisions"}],"wp:featuredmedia":[{"embeddable":true,"href":"https:\/\/www.europesays.com\/fr\/wp-json\/wp\/v2\/media\/371172"}],"wp:attachment":[{"href":"https:\/\/www.europesays.com\/fr\/wp-json\/wp\/v2\/media?parent=371171"}],"wp:term":[{"taxonomy":"category","embeddable":true,"href":"https:\/\/www.europesays.com\/fr\/wp-json\/wp\/v2\/categories?post=371171"},{"taxonomy":"post_tag","embeddable":true,"href":"https:\/\/www.europesays.com\/fr\/wp-json\/wp\/v2\/tags?post=371171"}],"curies":[{"name":"wp","href":"https:\/\/api.w.org\/{rel}","templated":true}]}}