{"id":371175,"date":"2025-09-06T18:04:30","date_gmt":"2025-09-06T18:04:30","guid":{"rendered":"https:\/\/www.europesays.com\/fr\/371175\/"},"modified":"2025-09-06T18:04:30","modified_gmt":"2025-09-06T18:04:30","slug":"a-villeneuve-dascq-un-nouveau-batiment-technique-transforme-lincontournable-musee-de-plein-air","status":"publish","type":"post","link":"https:\/\/www.europesays.com\/fr\/371175\/","title":{"rendered":"\u00c0 Villeneuve-d\u2019Ascq, un nouveau b\u00e2timent technique transforme l\u2019incontournable Mus\u00e9e de Plein Air"},"content":{"rendered":"<p><img fetchpriority=\"high\" decoding=\"async\" width=\"1024\" height=\"768\" src=\"https:\/\/www.europesays.com\/fr\/wp-content\/uploads\/2025\/09\/IMG_0408-1024x768.jpeg\" alt=\"\" class=\"wp-image-203419\"  \/><\/p>\n<p>\u00c0 Villeneuve-d\u2019Ascq, le Mus\u00e9e de Plein Air s\u2019appr\u00eate \u00e0 franchir un nouveau cap. La M\u00e9tropole Europ\u00e9enne de Lille finance cette ann\u00e9e la construction d\u2019un b\u00e2timent technique moderne qui conjugue respect du patrimoine et transition \u00e9cologique. Cet investissement d\u2019environ 3,5 millions d\u2019euros, dont la livraison est pr\u00e9vue pour l\u2019automne 2025, a un objectif clair. Il s\u2019agit de mieux accueillir le public, d\u2019am\u00e9liorer les conditions de travail des \u00e9quipes et de r\u00e9duire l\u2019empreinte environnementale du site, devenu au fil du temps un lieu incontournable du d\u00e9partement.<\/p>\n<p>Avant d\u2019entrer dans le d\u00e9tail du chantier, il est utile de rappeler ce qui fait la singularit\u00e9 de ce mus\u00e9e \u00e0 ciel ouvert. Sur une quinzaine d\u2019hectares, une vingtaine de b\u00e2timents ruraux sauv\u00e9s puis remont\u00e9s, parmi lesquels des fermes au carr\u00e9, des granges ou encore des maisons d\u2019artisans, retracent les architectures et les modes de vie des XVII\u1d49 au XIX\u1d49 si\u00e8cles. Le lieu se veut vivant et p\u00e9dagogique, avec des ateliers, des d\u00e9monstrations, la pr\u00e9sence d\u2019artisans et d\u2019animaux de races r\u00e9gionales, mais aussi un cadre paysager qui \u00e9voque les bocages traditionnels des Hauts-de-France. Chaque ann\u00e9e, pr\u00e8s de 70 000 visiteurs viennent s\u2019y promener et d\u00e9couvrir ces patrimoines, et de nombreuses classes en font une destination privil\u00e9gi\u00e9e pour leurs sorties scolaires.<\/p>\n<p>Sur cette base, le nouveau b\u00e2timent pr\u00e9vu viendra r\u00e9pondre \u00e0 un enjeu tr\u00e8s concret, celui de rassembler les fonctions techniques aujourd\u2019hui dispers\u00e9es afin de lib\u00e9rer des espaces historiques au profit du public. En regroupant ateliers, stockages et zones logistiques dans un seul b\u00e2timent, il offrira la possibilit\u00e9 d\u2019ouvrir davantage de salles accessibles \u00e0 la visite tout en am\u00e9liorant les conditions de travail des \u00e9quipes. Le parcours de visite gagnera ainsi en lisibilit\u00e9 et en confort, avec des d\u00e9placements plus fluides entre d\u00e9monstrations, expositions et moments familiaux.<\/p>\n<p>C\u00f4t\u00e9 conception, l\u2019\u00e9difice s\u2019inspirera des fermes au carr\u00e9 et fera appel \u00e0 des mat\u00e9riaux biosourc\u00e9s. Sa structure en bois, son isolation en paille, sa toiture v\u00e9g\u00e9talis\u00e9e et ses panneaux photovolta\u00efques composeront une architecture sobre et performante. La r\u00e9cup\u00e9ration des eaux pluviales et le retour \u00e0 la pleine terre pour favoriser l\u2019infiltration permettront une meilleure gestion des \u00e9pisodes de pluie intense. L\u2019ensemble respectera les exigences de la r\u00e9glementation environnementale 2020 et fera de ce chantier une vitrine locale de la construction bas carbone.<\/p>\n<p>Au-del\u00e0 de l\u2019aspect architectural, le projet accorde une attention particuli\u00e8re aux conditions de travail des \u00e9quipes. Les agents disposeront d\u2019ateliers mieux adapt\u00e9s, d\u2019espaces de stockage optimis\u00e9s et de circulations s\u00e9curis\u00e9es, ce qui facilitera l\u2019entretien des collections, des b\u00e2timents et des espaces ext\u00e9rieurs. Le nouveau b\u00e2timent renforcera aussi le suivi et le soin apport\u00e9s aux animaux du site, en offrant un espace pleinement utile en p\u00e9riode d\u2019hivernage, tout en pr\u00e9servant la coh\u00e9rence entre patrimoine et vivant.<\/p>\n<p>Enfin, ce nouveau b\u00e2timent d\u00e9passera sa seule fonction technique. Il incarne la volont\u00e9 de la MEL de conjuguer patrimoine et transition \u00e9cologique, en faisant du Mus\u00e9e de Plein Air un d\u00e9monstrateur concret de sobri\u00e9t\u00e9 et de respect du vivant. En alliant m\u00e9moire et innovation, il ouvrira la voie \u00e0 un mod\u00e8le qui pourra inspirer d\u2019autres projets publics, tout en affirmant que ce lieu embl\u00e9matique a encore beaucoup \u00e0 transmettre.<\/p>\n","protected":false},"excerpt":{"rendered":"\u00c0 Villeneuve-d\u2019Ascq, le Mus\u00e9e de Plein Air s\u2019appr\u00eate \u00e0 franchir un nouveau cap. La M\u00e9tropole Europ\u00e9enne de Lille&hellip;\n","protected":false},"author":2,"featured_media":371176,"comment_status":"","ping_status":"","sticky":false,"template":"","format":"standard","meta":{"footnotes":""},"categories":[2815],"tags":[1111,11,1777,674,1011,27,811,1307,12,25],"class_list":{"0":"post-371175","1":"post","2":"type-post","3":"status-publish","4":"format-standard","5":"has-post-thumbnail","7":"category-lille","8":"tag-actu","9":"tag-actualites","10":"tag-eu","11":"tag-europe","12":"tag-fr","13":"tag-france","14":"tag-hauts-de-france","15":"tag-lille","16":"tag-news","17":"tag-republique-francaise"},"share_on_mastodon":{"url":"https:\/\/pubeurope.com\/@fr\/115158677942600641","error":""},"_links":{"self":[{"href":"https:\/\/www.europesays.com\/fr\/wp-json\/wp\/v2\/posts\/371175","targetHints":{"allow":["GET"]}}],"collection":[{"href":"https:\/\/www.europesays.com\/fr\/wp-json\/wp\/v2\/posts"}],"about":[{"href":"https:\/\/www.europesays.com\/fr\/wp-json\/wp\/v2\/types\/post"}],"author":[{"embeddable":true,"href":"https:\/\/www.europesays.com\/fr\/wp-json\/wp\/v2\/users\/2"}],"replies":[{"embeddable":true,"href":"https:\/\/www.europesays.com\/fr\/wp-json\/wp\/v2\/comments?post=371175"}],"version-history":[{"count":0,"href":"https:\/\/www.europesays.com\/fr\/wp-json\/wp\/v2\/posts\/371175\/revisions"}],"wp:featuredmedia":[{"embeddable":true,"href":"https:\/\/www.europesays.com\/fr\/wp-json\/wp\/v2\/media\/371176"}],"wp:attachment":[{"href":"https:\/\/www.europesays.com\/fr\/wp-json\/wp\/v2\/media?parent=371175"}],"wp:term":[{"taxonomy":"category","embeddable":true,"href":"https:\/\/www.europesays.com\/fr\/wp-json\/wp\/v2\/categories?post=371175"},{"taxonomy":"post_tag","embeddable":true,"href":"https:\/\/www.europesays.com\/fr\/wp-json\/wp\/v2\/tags?post=371175"}],"curies":[{"name":"wp","href":"https:\/\/api.w.org\/{rel}","templated":true}]}}