{"id":371177,"date":"2025-09-06T18:05:15","date_gmt":"2025-09-06T18:05:15","guid":{"rendered":"https:\/\/www.europesays.com\/fr\/371177\/"},"modified":"2025-09-06T18:05:15","modified_gmt":"2025-09-06T18:05:15","slug":"negociations-stand-hpi-devalise-touristes-pepites-revivez-le-samedi-de-la-braderie-de-lille-2025","status":"publish","type":"post","link":"https:\/\/www.europesays.com\/fr\/371177\/","title":{"rendered":"N\u00e9gociations, stand HPI d\u00e9valis\u00e9, touristes, p\u00e9pites\u2026 Revivez le samedi de la Braderie de Lille 2025"},"content":{"rendered":"<p>            Par<br \/>\n        <strong><br \/>\n            <a href=\"https:\/\/actu.fr\/auteur\/amandine-vachez\" title=\"Consulter tous les articles de Amandine Vachez\" target=\"_blank\" rel=\"noopener\">Amandine Vachez<\/a><br \/>\n        <\/strong><\/p>\n<p>        Publi\u00e9 le<\/p>\n<p>            6 sept. 2025 \u00e0 19h07        <\/p>\n<p>L\u2019heure est d\u00e9sormais \u00e0 la f\u00eate\u2009: \u00e0 l\u2019ap\u00e9ro et aux DJ sets dans les rues. Mais aussi et encore aux <b>bonnes affaires<\/b>. Alors que les <b>festivit\u00e9s <\/b>de la <a href=\"https:\/\/actu.fr\/tag\/braderie-de-lille\" target=\"_blank\" rel=\"noopener\">Braderie de Lille<\/a> (Nord) se poursuivent, on vous fait revivre la journ\u00e9e du <b>samedi 6\u00a0septembre 2025<\/b> en quelques images et faits marquants.<\/p>\n<p>Ce samedi \u00e0 Lille, en quelques faits marquants de la journ\u00e9e<\/p>\n<p class=\" wall-content\">\u00c0 9\u2009h ce matin, il y avait foule \u00e0 la <b>gare Lille Flandres.<\/b> Familles, amis, Nordistes, touristes\u2009: <a href=\"https:\/\/actu.fr\/hauts-de-france\/lille_59350\/braderie-de-lille-touristes-familles-amis-beaucoup-de-monde-des-ce-samedi-matin-a-la-gare-lille-flandres_63125291.html\" target=\"_blank\" rel=\"noopener\">tous sont venus pour la m\u00eame raison\u2009: la Braderie de Lille<\/a>, bien s\u00fbr. L\u2019envie \u00e9tait d\u2019aller \u00e0 la chasse aux bonnes affaires, mais aussi et surtout de profiter de l\u2019ambiance, ensemble.<\/p>\n<p class=\" wall-content\">\n<p class=\" wall-content\">La \u00ab\u2009chine\u2009\u00bb avait d\u00e9j\u00e0 bien commenc\u00e9 \u00e0 ce moment dans la ville. Au d\u00e9tour d\u2019une rue dans le Vieux-Lille il y avait Dominique, lillois de 68\u00a0ans, qui avait \u00e0 ce moment d\u00e9j\u00e0 vendu un v\u00e9lo \u00e0 95\u00a0euros\u2009! Ayant dormi sur place, il avait \u00e9t\u00e9 r\u00e9veill\u00e9 par les f\u00eatards.<\/p>\n<p class=\" wall-content\">\n<p class=\" wall-content\">\n<p class=\" wall-content\">S\u2019il n\u2019y avait pas foule dans toutes les rues \u00e0 cette m\u00eame heure, certaines files \u00e9taient d\u00e9j\u00e0 bien pleines, comme au stand du Furet du Nord, place Rihour. Mais la vente qui a cartonn\u00e9 sans grande surprise, c\u2019est celle des <a href=\"https:\/\/actu.fr\/hauts-de-france\/lille_59350\/vente-exceptionnelle-a-la-braderie-de-lille-pour-ses-adieux-la-serie-hpi-vide-son-dressing_63109996.html\" target=\"_blank\" rel=\"noopener\">v\u00eatements de la s\u00e9rie \u00e0 succ\u00e8s HPI<\/a>, dans laquelle Audrey Fleurot incarne la p\u00e9tillante Morgane Alvaro. Comme la r\u00e9dac\u2019 a pu le constater sur le terrain, <a href=\"https:\/\/actu.fr\/hauts-de-france\/lille_59350\/braderie-de-lille-les-fans-sarrachent-les-vetements-du-vide-dressing-de-la-serie-hpi_63125154.html\" target=\"_blank\" rel=\"noopener\">les fans \u00e9taient pr\u00e9sents au rendez-vous<\/a>\u2009!<\/p>\n<p class=\" wall-content\"><a href=\"https:\/\/www.instagram.com\/p\/DOQjVzmCPgN\/embed\" title=\"Ouvrir le lien sur Instagram\" target=\"_blank\" rel=\"noopener\">Visualiser le contenu sur Instagram<\/a><\/p>\n<p class=\" wall-content\">\n<p class=\" wall-content\">\n<p>\u00ab\u2009Une Braderie de tous les records\u2009\u00bb<\/p>\n<p class=\" wall-content\">\n<p class=\" wall-content\">Cette Braderie \u00e9tait marquante aussi politiquement. Le maire de la ville Arnaud Deslandes, qui remplace Martine Aubry pour la fin de mandat, a fait le traditionnel tour de la Braderie, aux c\u00f4t\u00e9s de son \u00e9quipe. Martine Aubry \u00e9tait d\u2019ailleurs pr\u00e9sente \u00e0 ses c\u00f4t\u00e9s pour l\u2019\u00e9v\u00e9nement. Le maire actuel est arriv\u00e9 tout sourire \u00e0 cette \u00e9dition ensoleill\u00e9e peu apr\u00e8s 14\u2009h\u200930. \u00ab\u2009On sait que c\u2019est une Braderie de tous les records, avec 5\u2009300\u00a0exposants, on a aujourd\u2019hui sans doute 2\u00a0millions de visiteurs. C\u2019est une tr\u00e8s bonne nouvelle\u2009\u00bb, a-t-il d\u00e9clar\u00e9.<\/p>\n<blockquote class=\"tiktok-embed\" cite=\"https:\/\/www.tiktok.com\/@lilleactu\/video\/7546965745918414102\" data-video-id=\"7546965745918414102\" data-embed-from=\"oembed\" style=\"max-width:605px; min-width:325px;\"><p>\n<a target=\"_blank\" title=\"@lilleactu\" href=\"https:\/\/www.tiktok.com\/@lilleactu?refer=embed\" rel=\"noopener\">@lilleactu<\/a> <\/p>\n<p>Braderie de Lille : le maire Arnaud Deslandes a entam\u00e9 son tour officiel des stands d\u2019associations, aux c\u00f4t\u00e9s de Martine Aubry, dont il a pris la suite <a title=\"braderiedelille\" target=\"_blank\" href=\"https:\/\/www.tiktok.com\/tag\/braderiedelille?refer=embed\" rel=\"noopener\">#braderiedelille<\/a> <a title=\"lille\" target=\"_blank\" href=\"https:\/\/www.tiktok.com\/tag\/lille?refer=embed\" rel=\"noopener\">#lille<\/a> <\/p>\n<p> <a target=\"_blank\" title=\"\u266c son original - LilleActu\" href=\"https:\/\/www.tiktok.com\/music\/son-original-7546965739602397974?refer=embed\" rel=\"noopener\">\u266c son original \u2013 LilleActu<\/a> <\/p>\n<\/blockquote>\n<p class=\" wall-content\">Au village associatif situ\u00e9 Porte de Paris, o\u00f9 toutes les couleurs politiques sont repr\u00e9sent\u00e9es, un autre \u00e9v\u00e9nement s\u2019est produit ce samedi. En pr\u00e9sence de Manuel Bompard, LFI a annonc\u00e9 qui serait sa candidate aux Municipales de 2026\u2009: <a href=\"https:\/\/actu.fr\/hauts-de-france\/lille_59350\/lfi-profite-de-la-braderie-de-lille-pour-annoncer-sa-candidate-aux-municipales-2026-lahouaria-addouche_63125687.html\" target=\"_blank\" rel=\"noopener\">Lahouria Addouche<\/a>.<\/p>\n<p>Votre r\u00e9gion, votre actu !<\/p>\n<p>Recevez chaque jour les infos qui comptent pour vous.<\/p>\n<p>\t<a href=\"https:\/\/actu.fr\/newsletter\" class=\"ac-btn ac-btn--corner ac-btn--medium ac-btn--blue800\" target=\"_blank\" rel=\"noopener\">S&rsquo;incrire<\/a><\/p>\n<p class=\" wall-content\">\n<p>Lunettes moumoute, poup\u00e9es originales et autres curiosit\u00e9s<\/p>\n<p class=\" wall-content\">Vous le savez, \u00e0 la Braderie, on trouve bon nombre d\u2019objets insolites. De nombreuses poup\u00e9es aux tailles et styles vari\u00e9s, une moto en osier, un grand pr\u00e9sentoir \u00e0 bonbons et autres \u00e9tranges statues composent les trouvailles du jour de notre \u00e9quipe. On vous a concoct\u00e9 <a href=\"https:\/\/actu.fr\/hauts-de-france\/lille_59350\/braderie-de-lille-2025-voici-les-objets-insolites-quon-a-reperes-sur-les-stands_63125713.html\" target=\"_blank\" rel=\"noopener\">un floril\u00e8ge par ici<\/a>.<\/p>\n<p class=\" wall-content\">Parmi ces p\u00e9pites, les lunettes moumoute sont un vrai coup de c\u0153ur. Et elles ont leur petit effet\u2009: \u00ab\u2009Ouah, j\u2019adore vos lunettes\u2009\u00bb, a-t-on pu entendre \u00e0 un stand ou, \u00ab\u2009mais la dame a de la moumoute sur ses lunettes\u2009\u00bb. Vous voulez savoir o\u00f9 les trouver\u2009? On vous r\u00e9pond dans la vid\u00e9o ci-dessous.<\/p>\n<p class=\" wall-content\"><a href=\"https:\/\/www.instagram.com\/p\/DORDmXUiHut\/embed\" title=\"Ouvrir le lien sur Instagram\" target=\"_blank\" rel=\"noopener\">Visualiser le contenu sur Instagram<\/a><\/p>\n<p>L\u2019art de n\u00e9gocier\u2026 ou non\u2009!<\/p>\n<p class=\" wall-content\">Les p\u00e9pites trouv\u00e9es, une chose reste \u00e0 faire au stand\u2009: n\u00e9gocier. Quels sont les tips des vendeurs et des acheteurs\u2009? Un de nos journalistes s\u2019est charg\u00e9 de faire le tour de table pour percer une partie du myst\u00e8re de l\u2019art de la n\u00e9gociation.<\/p>\n<p class=\" wall-content\"><a href=\"https:\/\/www.instagram.com\/p\/DOQcFXGCKrf\/embed\" title=\"Ouvrir le lien sur Instagram\" target=\"_blank\" rel=\"noopener\">Visualiser le contenu sur Instagram<\/a><\/p>\n<p class=\" wall-content\">Pour Jacky en tout cas, qui en est \u00e0 sa 76e \u00e9dition, ce n\u2019est plus un secret. \u00ab\u2009\u00c7a n\u2019a plus rien \u00e0 voir\u2009\u00bb, a-t-il confi\u00e9 \u00e0 propos de la Braderie au micro d\u2019Actu.fr.\u00a0D\u00e9couvrez son portrait <a href=\"https:\/\/actu.fr\/hauts-de-france\/lille_59350\/ca-n-a-plus-rien-a-voir-dans-les-souvenirs-de-jacky-76-ans-de-braderie-de-lille-au-compteur_63109562.html\" target=\"_blank\" rel=\"noopener\">par ici<\/a>.<\/p>\n<p class=\" wall-content\"><a href=\"https:\/\/www.instagram.com\/p\/DOQIqI_CC3G\/embed\" title=\"Ouvrir le lien sur Instagram\" target=\"_blank\" rel=\"noopener\">Visualiser le contenu sur Instagram<\/a><\/p>\n<p class=\" wall-content\">L\u00e0 o\u00f9 la n\u00e9gociation n\u2019a pas \u00e9t\u00e9 possible, c\u2019est pour les automobilistes. Aux abords de la ville, c\u00f4t\u00e9 La Madeleine, <a href=\"https:\/\/actu.fr\/hauts-de-france\/lille_59350\/braderie-de-lille-pas-de-negociation-sur-le-stationnement-les-automobilistes-verbalises-a-la-pelle_63125833.html\" target=\"_blank\" rel=\"noopener\">de nombreuses contraventions ornent les voitures stationn\u00e9es<\/a>. Ouille, ouille\u2009!<\/p>\n<p class=\" wall-content\">Au fil des heures qui avan\u00e7aient ce samedi, la chine a laiss\u00e9 place \u00e0 la f\u00eate, avec la musique, de plus en plus forte dans les rues, et les pintes de bi\u00e8re qui coloraient les all\u00e9es. Le temps pour notre \u00e9quipe de raccrocher, et de vous souhaiter une belle soir\u00e9e\u2009!<\/p>\n<p class=\" wall-content\">Si vous comptez vous rendre le dimanche \u00e0 l\u2019\u00e9v\u00e9nement, voici <a href=\"https:\/\/actu.fr\/hauts-de-france\/lille_59350\/plan-transport-moules-frites-tout-ce-quil-faut-savoir-pour-profiter-de-la-braderie-de-lille-2025_63122934.html\" target=\"_blank\" rel=\"noopener\">notre r\u00e9cap\u2019 des infos pratiques \u00e0 avoir en t\u00eate<\/a>.<\/p>\n<p class=\" wall-content\">Personnalisez votre actualit\u00e9 en ajoutant vos villes et m\u00e9dias en favori avec <a href=\"https:\/\/moncompte.actu.fr\" title=\"D\u00e9couvez Mon Actu\" rel=\"nofollow noopener\" data-trk=\"{&quot;cta&quot;:{&quot;action&quot;:&quot;https:\\\/\\\/moncompte.actu.fr&quot;,&quot;category&quot;:&quot;mon compte&quot;,&quot;from&quot;:&quot;article footer&quot;,&quot;name&quot;:&quot;Mon actu&quot;,&quot;type&quot;:&quot;cta&quot;}}\" target=\"_blank\">Mon Actu<\/a>.<\/p>\n<p>                    <script async src=\"\/\/www.instagram.com\/embed.js\"><\/script><script async src=\"\/\/www.tiktok.com\/embed.js\"><\/script><\/p>\n","protected":false},"excerpt":{"rendered":"Par Amandine Vachez Publi\u00e9 le 6 sept. 2025 \u00e0 19h07 L\u2019heure est d\u00e9sormais \u00e0 la f\u00eate\u2009: \u00e0 l\u2019ap\u00e9ro&hellip;\n","protected":false},"author":2,"featured_media":371178,"comment_status":"","ping_status":"","sticky":false,"template":"","format":"standard","meta":{"footnotes":""},"categories":[2815],"tags":[1111,11,18703,1777,674,1011,27,811,1307,12,25,104],"class_list":{"0":"post-371177","1":"post","2":"type-post","3":"status-publish","4":"format-standard","5":"has-post-thumbnail","7":"category-lille","8":"tag-actu","9":"tag-actualites","10":"tag-braderie-de-lille","11":"tag-eu","12":"tag-europe","13":"tag-fr","14":"tag-france","15":"tag-hauts-de-france","16":"tag-lille","17":"tag-news","18":"tag-republique-francaise","19":"tag-societe"},"share_on_mastodon":{"url":"https:\/\/pubeurope.com\/@fr\/115158681209954408","error":""},"_links":{"self":[{"href":"https:\/\/www.europesays.com\/fr\/wp-json\/wp\/v2\/posts\/371177","targetHints":{"allow":["GET"]}}],"collection":[{"href":"https:\/\/www.europesays.com\/fr\/wp-json\/wp\/v2\/posts"}],"about":[{"href":"https:\/\/www.europesays.com\/fr\/wp-json\/wp\/v2\/types\/post"}],"author":[{"embeddable":true,"href":"https:\/\/www.europesays.com\/fr\/wp-json\/wp\/v2\/users\/2"}],"replies":[{"embeddable":true,"href":"https:\/\/www.europesays.com\/fr\/wp-json\/wp\/v2\/comments?post=371177"}],"version-history":[{"count":0,"href":"https:\/\/www.europesays.com\/fr\/wp-json\/wp\/v2\/posts\/371177\/revisions"}],"wp:featuredmedia":[{"embeddable":true,"href":"https:\/\/www.europesays.com\/fr\/wp-json\/wp\/v2\/media\/371178"}],"wp:attachment":[{"href":"https:\/\/www.europesays.com\/fr\/wp-json\/wp\/v2\/media?parent=371177"}],"wp:term":[{"taxonomy":"category","embeddable":true,"href":"https:\/\/www.europesays.com\/fr\/wp-json\/wp\/v2\/categories?post=371177"},{"taxonomy":"post_tag","embeddable":true,"href":"https:\/\/www.europesays.com\/fr\/wp-json\/wp\/v2\/tags?post=371177"}],"curies":[{"name":"wp","href":"https:\/\/api.w.org\/{rel}","templated":true}]}}