{"id":371179,"date":"2025-09-06T18:06:12","date_gmt":"2025-09-06T18:06:12","guid":{"rendered":"https:\/\/www.europesays.com\/fr\/371179\/"},"modified":"2025-09-06T18:06:12","modified_gmt":"2025-09-06T18:06:12","slug":"aux-origines-du-comite-dinterets-de-quartier-de-morgiou-la-silencieuse","status":"publish","type":"post","link":"https:\/\/www.europesays.com\/fr\/371179\/","title":{"rendered":"aux origines du comit\u00e9 d&rsquo;int\u00e9r\u00eats de quartier de Morgiou-la-silencieuse"},"content":{"rendered":"<p>Dans ce petit village de p\u00eacheurs, une population stable s\u2019est \u00e9tablie et y demeure toute l\u2019ann\u00e9e. Gr\u00e2ce \u00e0 l\u2019archipel de Riou, ils trouvent dans ces parages des fonds poissonneux et <a href=\"https:\/\/www.laprovence.com\/article\/region\/59123006321008\/mediterranee-le-mistral-meilleur-allie-du-milieu-marin-marseillais\" target=\"_blank\" rel=\"nofollow noopener\">le mistral n\u2019interrompt gu\u00e8re leurs sorties<\/a>.<\/p>\n<p>Mais si les p\u00e9cheurs de Morgiou sont relativement favoris\u00e9s par l\u2019abri naturel de la c\u00f4te, ils ne le sont pas du point de vue urbain. Ils appartiennent alors au canton <a href=\"https:\/\/www.laprovence.com\/article\/region\/5298665180610714\/connaissez-vous-les-secrets-de-lobelisque-de-mazargues-a-marseille\" target=\"_blank\" rel=\"nofollow noopener\">de Mazargues<\/a> et doivent payer les m\u00eames imp\u00f4ts et redevances que les autres. Un petit p\u00eacheur vivant dans un cabanon d\u00e9labr\u00e9 doit payer 1\u00a0300\u00a0francs pour l\u2019enl\u00e8vement des ordures m\u00e9nag\u00e8res\u00a0!<\/p>\n<p>Morgiou &#8211; Mazargues \u00e0 dos d\u2019\u00e2ne<\/p>\n<p>Ces in\u00e9galit\u00e9s ont pouss\u00e9 alors la constitution officielle d\u2019un comit\u00e9 d\u2019int\u00e9r\u00eat de quartier. Ils demanderont d\u2019\u00e9quiper les lieux des installations d\u2019hygi\u00e8nes indispensables\u00a0: d\u00e9potoir pour les ordures, W-C, eau capt\u00e9e aux sources naturelles\u2026<\/p>\n<p>Mais <a href=\"https:\/\/www.laprovence.com\/article\/region\/5226214303509114\/cet-arrete-est-impossible-a-mettre-en-oeuvre-a-marseille-les-pecheurs-hostiles-a-la-nouvelle-reglementation\" target=\"_blank\" rel=\"nofollow noopener\">pour les p\u00eacheurs<\/a>, le plus important est de doter la pittoresque calanque d\u2019un am\u00e9nagement du chemin qui la relie aux Beaumettes. Car chaque matin, les p\u00eacheurs doivent ravitailler Mazargues en poisson\u2026 \u00e0 dos d\u2019\u00e2ne\u00a0!<\/p>\n","protected":false},"excerpt":{"rendered":"Dans ce petit village de p\u00eacheurs, une population stable s\u2019est \u00e9tablie et y demeure toute l\u2019ann\u00e9e. Gr\u00e2ce \u00e0&hellip;\n","protected":false},"author":2,"featured_media":371180,"comment_status":"","ping_status":"","sticky":false,"template":"","format":"standard","meta":{"footnotes":""},"categories":[2814],"tags":[17,1111,11,1007,9639,50535,1777,674,1011,27,884,50536,12,50534,882,5775,16,25],"class_list":{"0":"post-371179","1":"post","2":"type-post","3":"status-publish","4":"format-standard","5":"has-post-thumbnail","7":"category-marseille","8":"tag-17","9":"tag-actu","10":"tag-actualites","11":"tag-aux","12":"tag-comite","13":"tag-dinterets","14":"tag-eu","15":"tag-europe","16":"tag-fr","17":"tag-france","18":"tag-marseille","19":"tag-morgiou-la-silencieuse","20":"tag-news","21":"tag-origines","22":"tag-provence-alpes-cote-dazur","23":"tag-quartier","24":"tag-region","25":"tag-republique-francaise"},"share_on_mastodon":{"url":"https:\/\/pubeurope.com\/@fr\/115158685116316292","error":""},"_links":{"self":[{"href":"https:\/\/www.europesays.com\/fr\/wp-json\/wp\/v2\/posts\/371179","targetHints":{"allow":["GET"]}}],"collection":[{"href":"https:\/\/www.europesays.com\/fr\/wp-json\/wp\/v2\/posts"}],"about":[{"href":"https:\/\/www.europesays.com\/fr\/wp-json\/wp\/v2\/types\/post"}],"author":[{"embeddable":true,"href":"https:\/\/www.europesays.com\/fr\/wp-json\/wp\/v2\/users\/2"}],"replies":[{"embeddable":true,"href":"https:\/\/www.europesays.com\/fr\/wp-json\/wp\/v2\/comments?post=371179"}],"version-history":[{"count":0,"href":"https:\/\/www.europesays.com\/fr\/wp-json\/wp\/v2\/posts\/371179\/revisions"}],"wp:featuredmedia":[{"embeddable":true,"href":"https:\/\/www.europesays.com\/fr\/wp-json\/wp\/v2\/media\/371180"}],"wp:attachment":[{"href":"https:\/\/www.europesays.com\/fr\/wp-json\/wp\/v2\/media?parent=371179"}],"wp:term":[{"taxonomy":"category","embeddable":true,"href":"https:\/\/www.europesays.com\/fr\/wp-json\/wp\/v2\/categories?post=371179"},{"taxonomy":"post_tag","embeddable":true,"href":"https:\/\/www.europesays.com\/fr\/wp-json\/wp\/v2\/tags?post=371179"}],"curies":[{"name":"wp","href":"https:\/\/api.w.org\/{rel}","templated":true}]}}