{"id":37118,"date":"2025-04-19T18:38:26","date_gmt":"2025-04-19T18:38:26","guid":{"rendered":"https:\/\/www.europesays.com\/fr\/37118\/"},"modified":"2025-04-19T18:38:26","modified_gmt":"2025-04-19T18:38:26","slug":"en-haut-leon-qui-veut-participer-au-challenge-mai-a-velo","status":"publish","type":"post","link":"https:\/\/www.europesays.com\/fr\/37118\/","title":{"rendered":"En Haut-L\u00e9on, qui veut participer au challenge \u00ab\u00a0Mai \u00e0 v\u00e9lo\u00a0\u00bb\u00a0?"},"content":{"rendered":"<p>Faire adopter le v\u00e9lo partout en France et toute l\u2019ann\u00e9e, telle est l\u2019ambition du challenge \u00ab\u00a0Mai \u00e0 v\u00e9lo\u00a0\u00bb. <a href=\"https:\/\/www.letelegramme.fr\/finistere\/saint-pol-de-leon-29250\/dans-le-haut-leon-mai-a-velo-est-l-occasion-de-se-challenger-s-amuser-et-se-balader-4087785.php\" title=\"www.letelegramme.fr\" target=\"_blank\" rel=\"noopener\">Haut-L\u00e9on Communaut\u00e9 participera \u00e0 cette op\u00e9ration pour la troisi\u00e8me ann\u00e9e cons\u00e9cutive<\/a>. Elle lance un challenge local regroupant l\u2019ensemble des entit\u00e9s du territoire\u00a0: associations, employeurs, structures publiques et structures \u00e9ducatives. Il est \u00e9galement ouvert aux particuliers. Tous sont invit\u00e9s \u00e0 parcourir le plus de kilom\u00e8tres \u00e0 v\u00e9lo au cours du mois de mai. Une remise de prix sera organis\u00e9e en septembre pour f\u00e9liciter les laur\u00e9ats ayant fait le plus de kilom\u00e8tres \u00e0 v\u00e9lo, mais aussi l\u2019ensemble des participants.<\/p>\n<p>Que retenir de l\u2019\u00e9dition pr\u00e9c\u00e9dente\u00a0?<\/p>\n<p><a href=\"https:\/\/www.letelegramme.fr\/finistere\/saint-pol-de-leon-29250\/sur-le-territoire-de-haut-leon-communaute-une-belle-participation-pour-le-defi-mai-a-velo-6661584.php\" title=\"www.letelegramme.fr\" target=\"_blank\" rel=\"noopener\">En 2024 sur le territoire de Haut-L\u00e9on Communaut\u00e9 (HLC)<\/a>, 18\u00a0900 km ont \u00e9t\u00e9 parcourus par 311 participants regroup\u00e9s, notamment au sein de cinq \u00e9coles, deux Ehpad, une association et trois entreprises. Ce sont 4\u00a0116 kg en \u00e9quivalent de CO2 qui ont \u00e9t\u00e9 \u00e9conomis\u00e9s. HLC s\u2019est plac\u00e9 \u00e0 la 14e position r\u00e9gionale et \u00e0 la 170e position nationale.<\/p>\n<p>Jeudi 17 avril, Goulven Malfroy, charg\u00e9 des mobilit\u00e9s chez HLC, a invit\u00e9 une centaine de structures du territoire \u00e0 la Maison des services pour leur pr\u00e9senter le challenge et les inviter \u00e0 le rejoindre. Pour rejoindre le challenge, rien de plus simple\u00a0: cr\u00e9er un compte <a href=\"https:\/\/geovelo.app\/fr\/\" title=\"geovelo.app\" target=\"_blank\" rel=\"noopener\">Geovelo<\/a> sur le site ou via l\u2019application mobile gratuite et en cliquant sur \u00ab\u00a0Rejoindre\u00a0\u00bb. Il est possible de rejoindre \u00e9galement d\u2019autres communaut\u00e9s.<\/p>\n<p><b>Pratique<\/b><\/p>\n","protected":false},"excerpt":{"rendered":"Faire adopter le v\u00e9lo partout en France et toute l\u2019ann\u00e9e, telle est l\u2019ambition du challenge \u00ab\u00a0Mai \u00e0 v\u00e9lo\u00a0\u00bb.&hellip;\n","protected":false},"author":2,"featured_media":37119,"comment_status":"","ping_status":"","sticky":false,"template":"","format":"standard","meta":{"footnotes":""},"categories":[1411],"tags":[5866,11830,1154,207,1011,27,11831,11832,11833,11834,2301,11835,11836,11837,4607,11838,11839,60,11840,11841,208],"class_list":{"0":"post-37118","1":"post","2":"type-post","3":"status-publish","4":"format-standard","5":"has-post-thumbnail","7":"category-cyclisme","8":"tag-a-velo-tous-les-jours","9":"tag-cleder","10":"tag-cycling","11":"tag-cyclisme","12":"tag-fr","13":"tag-france","14":"tag-ile-de-batz","15":"tag-lanhouarneau","16":"tag-mespaul","17":"tag-plouenan","18":"tag-plouescat","19":"tag-plougoulm","20":"tag-plounevez-lochrist","21":"tag-roscoff","22":"tag-saint-pol-de-leon","23":"tag-santec","24":"tag-sibiril","25":"tag-sports","26":"tag-treflaouenan","27":"tag-treflez","28":"tag-velo"},"share_on_mastodon":{"url":"https:\/\/pubeurope.com\/@fr\/114366087399508844","error":""},"_links":{"self":[{"href":"https:\/\/www.europesays.com\/fr\/wp-json\/wp\/v2\/posts\/37118","targetHints":{"allow":["GET"]}}],"collection":[{"href":"https:\/\/www.europesays.com\/fr\/wp-json\/wp\/v2\/posts"}],"about":[{"href":"https:\/\/www.europesays.com\/fr\/wp-json\/wp\/v2\/types\/post"}],"author":[{"embeddable":true,"href":"https:\/\/www.europesays.com\/fr\/wp-json\/wp\/v2\/users\/2"}],"replies":[{"embeddable":true,"href":"https:\/\/www.europesays.com\/fr\/wp-json\/wp\/v2\/comments?post=37118"}],"version-history":[{"count":0,"href":"https:\/\/www.europesays.com\/fr\/wp-json\/wp\/v2\/posts\/37118\/revisions"}],"wp:featuredmedia":[{"embeddable":true,"href":"https:\/\/www.europesays.com\/fr\/wp-json\/wp\/v2\/media\/37119"}],"wp:attachment":[{"href":"https:\/\/www.europesays.com\/fr\/wp-json\/wp\/v2\/media?parent=37118"}],"wp:term":[{"taxonomy":"category","embeddable":true,"href":"https:\/\/www.europesays.com\/fr\/wp-json\/wp\/v2\/categories?post=37118"},{"taxonomy":"post_tag","embeddable":true,"href":"https:\/\/www.europesays.com\/fr\/wp-json\/wp\/v2\/tags?post=37118"}],"curies":[{"name":"wp","href":"https:\/\/api.w.org\/{rel}","templated":true}]}}