{"id":371181,"date":"2025-09-06T18:07:14","date_gmt":"2025-09-06T18:07:14","guid":{"rendered":"https:\/\/www.europesays.com\/fr\/371181\/"},"modified":"2025-09-06T18:07:14","modified_gmt":"2025-09-06T18:07:14","slug":"marseille-appel-a-projets-2026-restauration-et-valorisation-du-patrimoine-rural-non-protege","status":"publish","type":"post","link":"https:\/\/www.europesays.com\/fr\/371181\/","title":{"rendered":"MARSEILLE : Appel \u00e0 projets 2026 &#8211; Restauration et valorisation du patrimoine rural non prot\u00e9g\u00e9"},"content":{"rendered":"<p>\tMARSEILLE : Appel \u00e0 projets 2026 &#8211; Restauration et valorisation du patrimoine rural non prot\u00e9g\u00e9 &#8211; Presse Agence<\/p>\n<p>                    <a href=\"#\" rel=\"nofollow\" onclick=\"window.print(); return false;\" title=\"Printer Friendly, PDF &amp; Email\"><br \/>\n                    <img decoding=\"async\" class=\"pf-button-img\" src=\"https:\/\/www.europesays.com\/fr\/wp-content\/uploads\/2025\/05\/printfriendly-pdf-email-button-notext.png\" alt=\"Print Friendly, PDF &amp; Email\" style=\"width: 110px;height: 30px;\"\/><br \/>\n                    <\/a><\/p>\n<p>                <img decoding=\"async\" src=\"https:\/\/www.europesays.com\/fr\/wp-content\/uploads\/2025\/09\/a45fb14c08523cbc7ae3de9d9d02317420e0e8abd2f49445365404024bfd3669\" width=\"20\" height=\"20\" alt=\"\" loading=\"lazy\" class=\"el-image uk-border-circle uk-object-cover\" style=\"aspect-ratio: 20 \/ 20;\"\/>        <\/p>\n<p><img decoding=\"async\" src=\"https:\/\/www.europesays.com\/fr\/wp-content\/uploads\/2025\/07\/image-3324-7e53ae48.jpeg\" width=\"950\" height=\"633\" class=\"el-image\" alt=\"\" loading=\"lazy\"\/><\/p>\n<p style=\"text-align: left;\"><strong>La R\u00e9gion Provence-Alpes-C\u00f4te d\u2019Azur, forte de sa comp\u00e9tence en mati\u00e8re d\u2019am\u00e9nagement du territoire, et par ailleurs seule collectivit\u00e9 territoriale comp\u00e9tente en mati\u00e8re d\u2019expertise patrimoniale via sa mission d\u2019Inventaire du Patrimoine culturel, lance ainsi chaque ann\u00e9e depuis 2017 cet appel \u00e0 projets en faveur de la restauration et de la valorisation du patrimoine rural non prot\u00e9g\u00e9 en partenariat avec la Fondation du Patrimoine, et le CICRP \u2013 Centre Interdisciplinaire de Conservation et de Restauration du Patrimoine.<\/strong><\/p>\n<p style=\"text-align: left;\">Sont \u00e9ligibles :<\/p>\n<ul style=\"text-align: left;\">\n<li>Communes, intercommunalit\u00e9s et D\u00e9partements<\/li>\n<li>Organismes publics<\/li>\n<li>Fondations ou associations patrimoniales propri\u00e9taires ou b\u00e9n\u00e9ficiant d\u2019une d\u00e9l\u00e9gation de ma\u00eetrise d\u2019ouvrage du propri\u00e9taire<\/li>\n<li>Particuliers<\/li>\n<\/ul>\n<p style=\"text-align: left;\"><a href=\"https:\/\/se.info.maregionsud.fr\/t.htm?u=\/e\/3\/59743\/1925\/105969\/r16vbyfouuhmybygzsugzffaupmmghbmhpo\/r.aspx\" rel=\"nofollow noopener\" target=\"_blank\">En savoir + sur cette aide<\/a><\/p>\n<p style=\"text-align: left;\"><strong>SOURCE : R\u00e9gion Sud.\u200b<\/strong><\/p>\n<p>        <a class=\"el-link\" href=\"https:\/\/presseagence.fr\/index.php\" rel=\"nofollow noopener\" target=\"_blank\"><img decoding=\"async\" src=\"https:\/\/presseagence.fr\/wp-content\/uploads\/2022\/05\/logo-presse-agence.svg\" width=\"180\" height=\"80\" class=\"el-image\" alt=\"Fuse\" loading=\"lazy\"\/><\/a>    <\/p>\n<p>\u00a9  Presse agence. Tout droits r\u00e9serv\u00e9s<\/p>\n<p>Pour offrir les meilleures exp\u00e9riences, nous utilisons des technologies telles que les cookies pour stocker et\/ou acc\u00e9der aux informations des appareils. Le fait de consentir \u00e0 ces technologies nous permettra de traiter des donn\u00e9es telles que le comportement de navigation ou les ID uniques sur ce site. Le fait de ne pas consentir ou de retirer son consentement peut avoir un effet n\u00e9gatif sur certaines caract\u00e9ristiques et fonctions.<\/p>\n<p>\n\t\t\t\t\tLe stockage ou l\u2019acc\u00e8s technique est strictement n\u00e9cessaire dans la finalit\u00e9 d\u2019int\u00e9r\u00eat l\u00e9gitime de permettre l\u2019utilisation d\u2019un service sp\u00e9cifique explicitement demand\u00e9 par l\u2019abonn\u00e9 ou l\u2019utilisateur, ou dans le seul but d\u2019effectuer la transmission d\u2019une communication sur un r\u00e9seau de communications \u00e9lectroniques.\n\t\t\t\t<\/p>\n<p>\n\t\t\t\t\tL\u2019acc\u00e8s ou le stockage technique est n\u00e9cessaire dans la finalit\u00e9 d\u2019int\u00e9r\u00eat l\u00e9gitime de stocker des pr\u00e9f\u00e9rences qui ne sont pas demand\u00e9es par l\u2019abonn\u00e9 ou l\u2019internaute.\n\t\t\t\t<\/p>\n<p>\n\t\t\t\t\tLe stockage ou l\u2019acc\u00e8s technique qui est utilis\u00e9 exclusivement \u00e0 des fins statistiques.<br \/>\n\t\t\t\t\tLe stockage ou l\u2019acc\u00e8s technique qui est utilis\u00e9 exclusivement dans des finalit\u00e9s statistiques anonymes. En l\u2019absence d\u2019une assignation \u00e0 compara\u00eetre, d\u2019une conformit\u00e9 volontaire de la part de votre fournisseur d\u2019acc\u00e8s \u00e0 internet ou d\u2019enregistrements suppl\u00e9mentaires provenant d\u2019une tierce partie, les informations stock\u00e9es ou extraites \u00e0 cette seule fin ne peuvent g\u00e9n\u00e9ralement pas \u00eatre utilis\u00e9es pour vous identifier.\n\t\t\t\t<\/p>\n<p>\n\t\t\t\t\tLe stockage ou l\u2019acc\u00e8s technique est n\u00e9cessaire pour cr\u00e9er des profils d\u2019utilisateurs afin d\u2019envoyer des publicit\u00e9s, ou pour suivre l\u2019utilisateur sur un site web ou sur plusieurs sites web ayant des finalit\u00e9s marketing similaires.\n\t\t\t\t<\/p>\n<p>G\u00e9rer le consentement aux cookies<\/p>\n","protected":false},"excerpt":{"rendered":"MARSEILLE : Appel \u00e0 projets 2026 &#8211; Restauration et valorisation du patrimoine rural non prot\u00e9g\u00e9 &#8211; Presse Agence&hellip;\n","protected":false},"author":2,"featured_media":214167,"comment_status":"","ping_status":"","sticky":false,"template":"","format":"standard","meta":{"footnotes":""},"categories":[2814],"tags":[1111,11,1777,674,1011,27,884,12,882,25],"class_list":{"0":"post-371181","1":"post","2":"type-post","3":"status-publish","4":"format-standard","5":"has-post-thumbnail","7":"category-marseille","8":"tag-actu","9":"tag-actualites","10":"tag-eu","11":"tag-europe","12":"tag-fr","13":"tag-france","14":"tag-marseille","15":"tag-news","16":"tag-provence-alpes-cote-dazur","17":"tag-republique-francaise"},"share_on_mastodon":{"url":"https:\/\/pubeurope.com\/@fr\/115158689095274280","error":""},"_links":{"self":[{"href":"https:\/\/www.europesays.com\/fr\/wp-json\/wp\/v2\/posts\/371181","targetHints":{"allow":["GET"]}}],"collection":[{"href":"https:\/\/www.europesays.com\/fr\/wp-json\/wp\/v2\/posts"}],"about":[{"href":"https:\/\/www.europesays.com\/fr\/wp-json\/wp\/v2\/types\/post"}],"author":[{"embeddable":true,"href":"https:\/\/www.europesays.com\/fr\/wp-json\/wp\/v2\/users\/2"}],"replies":[{"embeddable":true,"href":"https:\/\/www.europesays.com\/fr\/wp-json\/wp\/v2\/comments?post=371181"}],"version-history":[{"count":0,"href":"https:\/\/www.europesays.com\/fr\/wp-json\/wp\/v2\/posts\/371181\/revisions"}],"wp:featuredmedia":[{"embeddable":true,"href":"https:\/\/www.europesays.com\/fr\/wp-json\/wp\/v2\/media\/214167"}],"wp:attachment":[{"href":"https:\/\/www.europesays.com\/fr\/wp-json\/wp\/v2\/media?parent=371181"}],"wp:term":[{"taxonomy":"category","embeddable":true,"href":"https:\/\/www.europesays.com\/fr\/wp-json\/wp\/v2\/categories?post=371181"},{"taxonomy":"post_tag","embeddable":true,"href":"https:\/\/www.europesays.com\/fr\/wp-json\/wp\/v2\/tags?post=371181"}],"curies":[{"name":"wp","href":"https:\/\/api.w.org\/{rel}","templated":true}]}}