{"id":371184,"date":"2025-09-06T18:09:11","date_gmt":"2025-09-06T18:09:11","guid":{"rendered":"https:\/\/www.europesays.com\/fr\/371184\/"},"modified":"2025-09-06T18:09:11","modified_gmt":"2025-09-06T18:09:11","slug":"metropole-de-lyon-les-cambrioleurs-devalisent-par-hasard-lex-joueuse-de-lol","status":"publish","type":"post","link":"https:\/\/www.europesays.com\/fr\/371184\/","title":{"rendered":"M\u00e9tropole de Lyon. Les cambrioleurs d\u00e9valisent \u00abpar hasard\u00bb l\u2019ex-joueuse de l\u2019OL"},"content":{"rendered":"<p>La maison \u00e9tait somptueuse, sa propri\u00e9taire renomm\u00e9e mais \u00ab\u00a0rien n\u2019\u00e9tait pr\u00e9par\u00e9\u00a0\u00bb. C\u2019est le discours qu\u2019a soutenu vendredi \u00e0 l\u2019audience des comparutions imm\u00e9diates, Salah Zemma, 38 ans et 15 condamnations au compteur.<\/p>\n<p>Le\u00a016\u00a0ao\u00fbt peu avant 22 heures, l\u2019alarme retentit \u00e0 Meyzieu, dans la villa d\u2019<a href=\"https:\/\/www.leprogres.fr\/p\/eugenie-le-sommer\" target=\"_blank\" rel=\"noopener\">Eug\u00e9nie Le Sommer<\/a>, l\u2019ex attaquante de l\u2019OL. Deux cambrioleurs viennent d\u2019escalader le portail, de forcer un volet et de fouiller la chambre. Ils ont le temps de rafler des bijoux, une montre et une ceinture\u00a0Louis Vuitton pour un pr\u00e9judice&#8230;<\/p>\n","protected":false},"excerpt":{"rendered":"La maison \u00e9tait somptueuse, sa propri\u00e9taire renomm\u00e9e mais \u00ab\u00a0rien n\u2019\u00e9tait pr\u00e9par\u00e9\u00a0\u00bb. C\u2019est le discours qu\u2019a soutenu vendredi \u00e0&hellip;\n","protected":false},"author":2,"featured_media":371185,"comment_status":"","ping_status":"","sticky":false,"template":"","format":"standard","meta":{"footnotes":""},"categories":[1889],"tags":[1111,11,2430,271,272,3152,2757,1777,674,274,107,1011,27,2428,2756,12497,12,23153,25,2429],"class_list":{"0":"post-371184","1":"post","2":"type-post","3":"status-publish","4":"format-standard","5":"has-post-thumbnail","7":"category-lyon","8":"tag-actu","9":"tag-actualites","10":"tag-auvergne-rhone-alpes","11":"tag-crime","12":"tag-delit-et-contravention","13":"tag-edition-est-lyonnais","14":"tag-edition-lyon-villeurbanne","15":"tag-eu","16":"tag-europe","17":"tag-faits-divers-justice","18":"tag-fil-info","19":"tag-fr","20":"tag-france","21":"tag-lyon","22":"tag-lyon-bassin","23":"tag-meyzieu","24":"tag-news","25":"tag-ol-lyonnes-olympique-lyonnais-feminin","26":"tag-republique-francaise","27":"tag-rhone"},"share_on_mastodon":{"url":"https:\/\/pubeurope.com\/@fr\/115158696765820086","error":""},"_links":{"self":[{"href":"https:\/\/www.europesays.com\/fr\/wp-json\/wp\/v2\/posts\/371184","targetHints":{"allow":["GET"]}}],"collection":[{"href":"https:\/\/www.europesays.com\/fr\/wp-json\/wp\/v2\/posts"}],"about":[{"href":"https:\/\/www.europesays.com\/fr\/wp-json\/wp\/v2\/types\/post"}],"author":[{"embeddable":true,"href":"https:\/\/www.europesays.com\/fr\/wp-json\/wp\/v2\/users\/2"}],"replies":[{"embeddable":true,"href":"https:\/\/www.europesays.com\/fr\/wp-json\/wp\/v2\/comments?post=371184"}],"version-history":[{"count":0,"href":"https:\/\/www.europesays.com\/fr\/wp-json\/wp\/v2\/posts\/371184\/revisions"}],"wp:featuredmedia":[{"embeddable":true,"href":"https:\/\/www.europesays.com\/fr\/wp-json\/wp\/v2\/media\/371185"}],"wp:attachment":[{"href":"https:\/\/www.europesays.com\/fr\/wp-json\/wp\/v2\/media?parent=371184"}],"wp:term":[{"taxonomy":"category","embeddable":true,"href":"https:\/\/www.europesays.com\/fr\/wp-json\/wp\/v2\/categories?post=371184"},{"taxonomy":"post_tag","embeddable":true,"href":"https:\/\/www.europesays.com\/fr\/wp-json\/wp\/v2\/tags?post=371184"}],"curies":[{"name":"wp","href":"https:\/\/api.w.org\/{rel}","templated":true}]}}