{"id":371186,"date":"2025-09-06T18:11:15","date_gmt":"2025-09-06T18:11:15","guid":{"rendered":"https:\/\/www.europesays.com\/fr\/371186\/"},"modified":"2025-09-06T18:11:15","modified_gmt":"2025-09-06T18:11:15","slug":"blocages-pots-de-depart-de-francois-bayrou-les-actions-prevues-en-france-les-8-et-10-septembre","status":"publish","type":"post","link":"https:\/\/www.europesays.com\/fr\/371186\/","title":{"rendered":"Blocages, pots de d\u00e9part de Fran\u00e7ois Bayrou&#8230; Les actions pr\u00e9vues en France les 8 et 10 septembre"},"content":{"rendered":"<p>Des actions et rendez-vous sont pr\u00e9vus les 8 et 10 septembre dans plusieurs villes en France, \u00e0 l&rsquo;occasion du vote de confiance au gouvernement de Fran\u00e7ois Bayrou et du mouvement populaire \u00ab\u00a0Bloquons tout\u00a0\u00bb.<\/p>\n<p>Une mobilisation sur l&rsquo;ensemble du territoire m\u00e9tropolitain. En lien avec le vote de confiance et le mouvement du <a href=\"https:\/\/www.bfmtv.com\/societe\/greves\/video-10-septembre-des-syndicats-appellent-au-boycott-de-la-carte-bancaire_VN-202509060163.html\" title=\"10-Septembre: des syndicats appellent au boycott de la carte bancaire\" class=\"internal_link\" rel=\"nofollow noopener\" target=\"_blank\">10 septembre<\/a> parti des r\u00e9seaux sociaux, <a href=\"https:\/\/www.bfmtv.com\/societe\/10-septembre-pourquoi-le-mouvement-bloquons-tout-ressemble-plus-a-nuit-debout-qu-aux-gilets-jaunes_AV-202509050609.html\" title=\"10 septembre: pourquoi le mouvement &quot;Bloquons tout&quot; ressemble plus \u00e0 &quot;Nuit debout&quot; qu&#039;aux &quot;Gilets jaunes&quot;\" class=\"internal_link\" rel=\"nofollow noopener\" target=\"_blank\">deux journ\u00e9es d&rsquo;actions<\/a> d&rsquo;envergure sont pr\u00e9vues les lundi 8 et mercredi 10 septembre avant une journ\u00e9e de gr\u00e8ve le 18 septembre.<\/p>\n<p>Lors d&rsquo;un d\u00e9placement \u00e0 Clermont-Ferrand ce vendredi 5 septembre, le ministre de l&rsquo;Int\u00e9rieur, Bruno Retailleau, a affirm\u00e9 ne pas croire \u00e0 \u00ab\u00a0des mouvements d&rsquo;ampleur\u00a0\u00bb mais estim\u00e9 qu&rsquo;il pourrait y avoir \u00ab\u00a0des actions spectaculaires\u00a0\u00bb.<\/p>\n<p>Pour autant, des assembl\u00e9es g\u00e9n\u00e9rales massives se sont tenues en amont de cette journ\u00e9e d&rsquo;actions du 10 septembre, laissant pr\u00e9sager une mobilisation importante. Plusieurs syndicats dont Sud-Solidaires ou la CGT appellent \u00e0 une journ\u00e9e de gr\u00e8ve \u00ab\u00a0pour tout bloquer\u00a0\u00bb d\u00e8s le 10 septembre.<\/p>\n<p>Cet appel enjoint \u00e9galement des actions peu visibles dans l&rsquo;espace commun comme l&rsquo;arr\u00eat de l&rsquo;utilisation des cartes bancaires, afin de cibler le secteur des banques, ou des op\u00e9rations \u00ab\u00a0p\u00e9ages gratuits\u00a0\u00bb.<\/p>\n<p>\u2022 Un trafic perturb\u00e9 en \u00cele-de-France<\/p>\n<p>Pour la journ\u00e9e du 10 septembre, le trafic sur les transports en commun parisiens devrait \u00eatre fortement perturb\u00e9. \u00ab\u00a0Le 10 septembre on bloque tout et on s&rsquo;organise pour d\u00e9cider ensemble des suites \u00e0 donner si la situation ne bouge pas\u00a0\u00bb, annonce le syndicat La Base du groupe RATP.<\/p>\n<p>Plusieurs pr\u00e9avis de gr\u00e8ve ont \u00e9galement \u00e9t\u00e9 d\u00e9pos\u00e9s dans le secteur hospitalier, \u00e0 l&rsquo;AP-HP notamment, des pharmacies, \u00e9boueurs mais aussi dans la fonction publique. De multiples actions de blocages et des rassemblements sont pr\u00e9vues tout au long de la journ\u00e9e dans la capitale.<\/p>\n<p>\u2022 Des mobilisations \u00e0 Marseille<\/p>\n<p>Deux mobilisations citoyennes sont annonc\u00e9es \u00e0 Marseille durant la matin\u00e9e du 10 septembre. Un rassemblement doit avoir lieu \u00e0 8 heures devant le Centre des Finances Publiques Marseille Prado \u00e0 l&rsquo;appel de Solidaires Finances Publiques, suivi d&rsquo;une manifestation dans le quartier des R\u00e9form\u00e9s organis\u00e9e par l\u2019intersyndicale CGT, FSU, FO, Solidaires.<\/p>\n<p>Des actions ind\u00e9pendantes sont \u00e9galement pr\u00e9vues au niveau des terrasses du port et de la tour CGA-CGM tandis qu&rsquo;une menace de blocage du fabricant Eurolinks, qui produit notamment des <a href=\"https:\/\/www.bfmtv.com\/economie\/entreprises\/defense\/des-dockers-de-marseille-bloquent-dans-le-port-14-tonnes-de-pieces-de-mitrailleuses-qui-devaient-partir-en-israel_AD-202506040675.html\" title=\"Des dockers de Marseille bloquent dans le port 14 tonnes de pi\u00e8ces de mitrailleuses qui devaient partir en Isra\u00ebl\" class=\"internal_link\" rel=\"nofollow noopener\" target=\"_blank\">pi\u00e8ces pour des armes \u00e0 feu de l&rsquo;arm\u00e9e isra\u00e9lienne<\/a>, ainsi que de la rue de la R\u00e9publique ou du tunnel Prado Car\u00e9nage est pr\u00e9sente, a appris BFM Marseille Provence, de source s\u00e9curitaire.<\/p>\n<p>\u2022 Plusieurs manifestations \u00e0 Lyon<\/p>\n<p>\u00c0 Lyon, un pr\u00e9avis de gr\u00e8ve a \u00e9t\u00e9 d\u00e9pos\u00e9 pour les agents du r\u00e9seau TCL, des lignes de bus et m\u00e9tros devraient \u00eatre touch\u00e9es, a appris <a href=\"https:\/\/www.bfmtv.com\/lyon\/\" target=\"_blank\" class=\"external_link\" rel=\"nofollow noopener\">BFM Lyon<\/a>. Une casserolade \u00ab\u00a0Bye Bye Bayrou\u00a0\u00bb est \u00e9galement pr\u00e9vue \u00e0 20 heures aux Terreaux, \u00e0 l&rsquo;appel de Lyon Insurrection.<\/p>\n<p>Une manifestation doit se tenir le mercredi sur la place Guichard, dans le 3e arrondissement, une autre mobilisation sur la place Bellecour, devant la clinique Saint-Jean-de-Dieu et route de Vienne.<\/p>\n<p>\u2022 Des blocages routiers \u00e0 Nantes&#8230;<\/p>\n<p>La branche locale du syndicat Solidaires a annonc\u00e9 trois points de blocages de trafic routier \u00e0 Nantes pour la journ\u00e9e du 10 septembre. D\u00e8s 6 heures, les manifestants sont appel\u00e9s sur le rond-point du Cardo, la rue Rosa Parks et sur le rond-point de la Janvraie, en amont du pont de Chevir\u00e9.<\/p>\n<p>Durant cette m\u00eame journ\u00e9e, des blocages et gr\u00e8ves sont annonc\u00e9s par le syndicat Force ouvri\u00e8re du CHU de Nantes qui appelle \u00ab\u00a0l&rsquo;ensemble des hospitaliers du CHU \u00e0 se mobiliser le 10 septembre et \u00e0 rejoindre les points de blocage\u00a0\u00bb. Le syndicat invite \u00e9galement \u00e0 se r\u00e9unir devant les mairies du d\u00e9partement le 8 septembre pour \u00ab\u00a0f\u00eater la chute prochaine du gouvernement Bayrou\u00a0\u00bb.<\/p>\n<p>Des blocages sont \u00e9galement annonc\u00e9s \u00e0 Saint-Nazaire, sur le rond-point de Trignac, \u00e0 Ancenis au rond-point Terrena ou \u00e0 Blain sur le rond-point de l&rsquo;\u00e9cluse, poursuit Solidaires.<\/p>\n<p>\u2022 &#8230; comme \u00e0 Rennes<\/p>\n<p>\u00c0 Rennes, \u00e0 l&rsquo;issue d&rsquo;assembl\u00e9es g\u00e9n\u00e9rales, des blocages routiers ont \u00e9galement \u00e9t\u00e9 d\u00e9cid\u00e9s sur les art\u00e8res majeures du p\u00e9riph\u00e9rique, que ce soit \u00e0 Via Silva ou Fr\u00e9ville. Une r\u00e9union de l&rsquo;intersyndicale s&rsquo;est tenue le 3 septembre pour pr\u00e9parer la journ\u00e9e d&rsquo;actions, rapporte <a href=\"https:\/\/www.ouest-france.fr\/bretagne\/rennes-35000\/bloquons-tout-le-10-septembre-et-mobilisation-du-18-septembre-a-quoi-sattendre-a-rennes-0f7574c8-896d-11f0-86eb-dac26b435301\" target=\"_blank\" class=\"external_link\" rel=\"nofollow noopener\">Ouest-France<\/a>.<\/p>\n<p>Comme \u00e0 Nantes, des rassemblements devant les mairies le 8 septembre apr\u00e8s le vote de confiance sont organis\u00e9s. Pour la journ\u00e9e du 10, des appels \u00e0 la gr\u00e8ve ont \u00e9t\u00e9 lanc\u00e9s dans le secteur des transports, que ce soit sur le r\u00e9seau Star pour les transports en commun, o\u00f9 un pr\u00e9avis de gr\u00e8ve a \u00e9t\u00e9 d\u00e9pos\u00e9, ou sur le trafic ferroviaire. Selon le m\u00e9dia <a href=\"https:\/\/www.nhu.bzh\/bloquons-tout-en-bretagne\/?fbclid=IwY2xjawMnzRpleHRuA2FlbQIxMABicmlkETBaU0FUUGFDUUMyQ2hFS1lyAR7mi0c5C14lHBcpcsmMJiNmgRYmFYOQl9skG7_RrLzOT0nEt29PVShEi7lqpw_aem_pqInrZ1n9znv2ucwGSjy5Q\" target=\"_blank\" class=\"external_link\" rel=\"nofollow noopener\">NHU Bretagne<\/a>, une manifestation pourrait \u00e9galement se lancer aux alentours de 11h30.<\/p>\n<p>\u2022 Un \u00ab\u00a0barbecue revendicatif\u00a0\u00bb \u00e0 Lille<\/p>\n<p>Dans le Nord et le Pas-de-Calais, le probable d\u00e9part de Fran\u00e7ois Bayrou va \u00e9galement \u00eatre f\u00eat\u00e9. Un \u00ab\u00a0pot de d\u00e9part\u00a0\u00bb est annonc\u00e9 <a href=\"https:\/\/www.bfmtv.com\/grand-lille\/braderie-de-lille-2025-horaires-programme-circulation-tout-ce-qu-il-faut-savoir_AV-202509060033.html\" title=\"Braderie de Lille 2025: horaires, programme, circulation... Tout ce qu&#039;il faut savoir\" class=\"internal_link\" rel=\"nofollow noopener\" target=\"_blank\">\u00e0 Lille<\/a>, devant la mairie, et \u00e0 Dunkerque, \u00e9galement sur le parvis de la mairie, tandis qu&rsquo;\u00e0 Douai une assembl\u00e9e populaire se tient au parc Bertin.<\/p>\n<p>Deux jours plus tard, la journ\u00e9e de mobilisation va d\u00e9buter par un \u00ab\u00a0barbecue revendicatif\u00a0\u00bb devant le Centre financier de Lille \u00e0 midi, il sera suivi par une manifestation au d\u00e9part de la porte de Paris \u00e0 14h30.<\/p>\n<p>Trois autres rassemblements sont \u00e9galement annonc\u00e9s \u00e0 Dunkerque, place de la Gare \u00e0 14 heures, \u00e0 B\u00e9thune sur le rond-point Saint-Pry \u00e0 8 heures, et sur la place d&rsquo;Armes \u00e0 Valenciennes \u00e0 10 heures.<\/p>\n<p>Pour la journ\u00e9e du 8 septembre, un autre pot de d\u00e9part prendra place devant la mairie de Vire (Calvados), \u00e0 20 heures. Deux rassemblements sont ensuite organis\u00e9s le 10 septembre sur le rond-point de l&rsquo;usine Renault Amp\u00e8re \u00e0 Cl\u00e9on (Seine-Maritime) et \u00e0 Vire, \u00e0 l&rsquo;initiative du collectif Indignons nous, bloquons tout du Bocage Virois.<\/p>\n<p>\u2022 Les Alpes-de-Haute-Provence mobilis\u00e9es<\/p>\n<p>Un rendez-vous est pris ce samedi 6 septembre au plan d&rsquo;eau de Sisteron pour parler de l&rsquo;organisation.\u00a0Lundi, des manifestants vont se r\u00e9unir devant les mairies \u00e0 19h pour \u00ab\u00a0f\u00eater le pot de d\u00e9part\u00a0\u00bb de Fran\u00e7ois Bayrou. Une action pr\u00e9vue \u00e0 Forcalquier, mais aussi \u00e0 Digne, Manosque, Thoard et Sisteron, selon les informations de <a href=\"https:\/\/www.bfmtv.com\/bfm-dici\/\" target=\"_blank\" class=\"external_link\" rel=\"nofollow noopener\">BFM DICI<\/a>.<\/p>\n<p>Pour la premi\u00e8re journ\u00e9e de mobilisation de septembre, le rendez-vous est donn\u00e9 place du G\u00e9n\u00e9ral-de-Gaulle \u00e0 partir de 12 heures \u00e0 Digne-les-Bains pour un repas suivi de d\u00e9bats et concerts. Un banquet populaire et un atelier de cr\u00e9ation de pancartes vont pr\u00e9c\u00e9der une manifestation \u00e0 Barcelonnette. Pour la commune de Ch\u00e2teau-Arnoux-Saint-Auban, le rassemblement va avoir lieu \u00e0 8h30 sur le parking Saint-Jean.<\/p>\n<p><img decoding=\"async\" src=\"https:\/\/www.europesays.com\/fr\/wp-content\/uploads\/2025\/04\/principale-24_1.png\"  alt=\"10 septembre: \u00e0 quoi s'attendent les renseignements territoriaux?\" title=\"10 septembre: \u00e0 quoi s'attendent les renseignements territoriaux?\"\/>10 septembre: \u00e0 quoi s&rsquo;attendent les renseignements territoriaux?<\/p>\n<p>\u00c0 Manosque, une action durant la matin\u00e9e se tient sur le rond-point de l&rsquo;autoroute tandis que des discussions sont en cours pour la mise en place de rassemblements \u00e0 Forcalquier.<\/p>\n<p>Le mouvement semble \u00eatre moins organis\u00e9 dans les Hautes-Alpes. Un ap\u00e9ro pour \u00ab\u00a0f\u00eater le pot de d\u00e9part\u00a0\u00bb de Bayrou est pr\u00e9vu devant la mairie de Gap, \u00e0 18h, ce lundi. Dans le brian\u00e7onnais, un regroupement \u00e0 l&rsquo;Argenti\u00e8re \u00e0 9 heures doit se transformer en convoi escargot jusqu&rsquo;\u00e0 Brian\u00e7on, avec des interventions dans les supermarch\u00e9s et blocages de ronds-points. \u00c0 La Fare-en-Champsaur, une action de blocage de rond-point, sur la RN85, doit \u00e9galement voir le jour.<\/p>\n<p>\u2022 Des actions dans le Var et en Alsace<\/p>\n<p>Dans le Var, trois actions sont recens\u00e9es pour la journ\u00e9e du 10 septembre. La CGT appelle \u00e0 un blocage sur le parking du Leroy Merlin \u00e0 La Valette, des membres revendiqu\u00e9s du mouvement des Gilets jaunes vont se r\u00e9unir \u00e0 10 heures au niveau du p\u00e9age de Bandol tandis qu&rsquo;une mobilisation a lieu au lyc\u00e9e Dumont-D&rsquo;Urville \u00e0 Toulon durant la matin\u00e9e, selon les informations de <a href=\"https:\/\/www.bfmtv.com\/var\/\" target=\"_blank\" class=\"external_link\" rel=\"nofollow noopener\">BFM Toulon Var<\/a>.<\/p>\n<p>Deux manifestations ont \u00e9t\u00e9 annonc\u00e9es dans le Bas-Rhin et Haut-Rhin pour la journ\u00e9e de mobilisation du 10 septembre, a recens\u00e9 <a href=\"https:\/\/www.bfmtv.com\/alsace\/\" target=\"_blank\" class=\"external_link\" rel=\"nofollow noopener\">BFM Alsace<\/a>. \u00c0 Strasbourg, le rendez-vous est donn\u00e9 place Kl\u00e9ber \u00e0 14 heures tandis que la manifestation se tient place de la Bourse, au m\u00eame horaire.<\/p>\n","protected":false},"excerpt":{"rendered":"Des actions et rendez-vous sont pr\u00e9vus les 8 et 10 septembre dans plusieurs villes en France, \u00e0 l&rsquo;occasion&hellip;\n","protected":false},"author":2,"featured_media":371187,"comment_status":"","ping_status":"","sticky":false,"template":"","format":"standard","meta":{"footnotes":""},"categories":[1592],"tags":[1111,11,1777,674,1011,27,662,12,626,25],"class_list":{"0":"post-371186","1":"post","2":"type-post","3":"status-publish","4":"format-standard","5":"has-post-thumbnail","7":"category-ile-de-france","8":"tag-actu","9":"tag-actualites","10":"tag-eu","11":"tag-europe","12":"tag-fr","13":"tag-france","14":"tag-ile-de-france","15":"tag-news","16":"tag-paris","17":"tag-republique-francaise"},"share_on_mastodon":{"url":"https:\/\/pubeurope.com\/@fr\/115158704756832280","error":""},"_links":{"self":[{"href":"https:\/\/www.europesays.com\/fr\/wp-json\/wp\/v2\/posts\/371186","targetHints":{"allow":["GET"]}}],"collection":[{"href":"https:\/\/www.europesays.com\/fr\/wp-json\/wp\/v2\/posts"}],"about":[{"href":"https:\/\/www.europesays.com\/fr\/wp-json\/wp\/v2\/types\/post"}],"author":[{"embeddable":true,"href":"https:\/\/www.europesays.com\/fr\/wp-json\/wp\/v2\/users\/2"}],"replies":[{"embeddable":true,"href":"https:\/\/www.europesays.com\/fr\/wp-json\/wp\/v2\/comments?post=371186"}],"version-history":[{"count":0,"href":"https:\/\/www.europesays.com\/fr\/wp-json\/wp\/v2\/posts\/371186\/revisions"}],"wp:featuredmedia":[{"embeddable":true,"href":"https:\/\/www.europesays.com\/fr\/wp-json\/wp\/v2\/media\/371187"}],"wp:attachment":[{"href":"https:\/\/www.europesays.com\/fr\/wp-json\/wp\/v2\/media?parent=371186"}],"wp:term":[{"taxonomy":"category","embeddable":true,"href":"https:\/\/www.europesays.com\/fr\/wp-json\/wp\/v2\/categories?post=371186"},{"taxonomy":"post_tag","embeddable":true,"href":"https:\/\/www.europesays.com\/fr\/wp-json\/wp\/v2\/tags?post=371186"}],"curies":[{"name":"wp","href":"https:\/\/api.w.org\/{rel}","templated":true}]}}