{"id":371188,"date":"2025-09-06T18:12:12","date_gmt":"2025-09-06T18:12:12","guid":{"rendered":"https:\/\/www.europesays.com\/fr\/371188\/"},"modified":"2025-09-06T18:12:12","modified_gmt":"2025-09-06T18:12:12","slug":"jean-luc-melenchon-appelle-a-tout-bloquer-le-10-septembre-pour-faire-partir-emmanuel-macron","status":"publish","type":"post","link":"https:\/\/www.europesays.com\/fr\/371188\/","title":{"rendered":"Jean-Luc M\u00e9lenchon appelle \u00e0 \u00ab\u00a0tout\u00a0\u00bb bloquer le 10 septembre \u00ab\u00a0pour faire partir\u00a0\u00bb Emmanuel Macron"},"content":{"rendered":"\n<p class=\"c-chapo \">\n  A deux jours du vote de confiance qui pourrait entra\u00eener la chute du gouvernement Bayrou, le leader de La France insoumise a aussi dit souhaiter \u00ab\u00a0une issue pacifique, d\u00e9mocratique\u00a0\u00bb \u00e0 la situation politique, lors d&rsquo;un discours \u00e0 la braderie de Lille.\n<\/p>\n<p>            lire plus tard<\/p>\n<p id=\"dialog__title\" class=\"dialog__title\">Pour sauvegarder cet article, connectez-vous ou cr\u00e9ez un compte franceinfo<\/p>\n<p class=\"dialog__description\">Sans paiement. Sans abonnement.<\/p>\n<p>        Fermer la fen\u00eatre d\u2019activation des notifications France Info<\/p>\n<p>            cr\u00e9er votre compte<\/p>\n<p>            se connecter<\/p>\n<p>        Fermer la fen\u00eatre de pr\u00e9sentation<\/p>\n<p>    <img loading=\"lazy\" decoding=\"async\" class=\"signature__image lazyload\" width=\"100\" height=\"100\" data- alt=\"\" src=\"https:\/\/www.europesays.com\/fr\/wp-content\/uploads\/2025\/06\/64a55fd777de4_placeholder-36b69ec8.png\"\/><\/p>\n<p>    Publi\u00e9 le 06\/09\/2025 19:24<\/p>\n<p>        Temps de lecture : 1min<\/p>\n<p>    <img decoding=\"async\"  alt=\"Le leader insoumis Jean-Luc M\u00e9lenchon, le 14 juin 2025 \u00e0 Paris lors d'une manifestation en soutien \u00e0 la Palestine. (MARTIN NODA \/ HANS LUCAS \/ AFP)\" width=\"432\" height=\"243\" src=\"https:\/\/www.europesays.com\/fr\/wp-content\/uploads\/2025\/09\/080-hl-mnoda-2800685-68bc68b952318899213198.jpg\" fetchpriority=\"high\"\/><\/p>\n<p>      Le leader insoumis Jean-Luc M\u00e9lenchon, le 14 juin 2025 \u00e0 Paris lors d&rsquo;une manifestation en soutien \u00e0 la Palestine. (MARTIN NODA \/ HANS LUCAS \/ AFP)<\/p>\n<p>A l&rsquo;aube d&rsquo;une semaine explosive<a href=\"https:\/\/www.franceinfo.fr\/politique\/francois-bayrou\/il-a-5-de-chances-de-s-en-sortir-comment-francois-bayrou-tente-de-dejouer-les-pronostics-sur-le-vote-de-confiance-du-8-septembre_7459408.html\" rel=\"nofollow noopener\" target=\"_blank\"> sur le volet politique<\/a> et <a href=\"https:\/\/www.franceinfo.fr\/societe\/bloquons-tout-mouvement-du-10-septembre\/10-septembre-greves-blocages-boycott-que-prevoir_7476937.html\" rel=\"nofollow noopener\" target=\"_blank\">social<\/a>, Jean-Luc M\u00e9lenchon a pr\u00e9dit, samedi 6 septembre lors d&rsquo;un discours \u00e0 la braderie de Lille, que le \u00ab\u00a0gouvernement tombera\u00a0\u00bb le 8 septembre, jour o\u00f9 Fran\u00e7ois Bayrou engagera la responsabilit\u00e9 de son gouvernement, et appel\u00e9 \u00e0 \u00ab\u00a0tout\u00a0\u00bb bloquer le 10 septembre \u00ab\u00a0pour faire partir\u00a0\u00bb Emmanuel Macron.<\/p>\n<p>\u00ab\u00a0Le 8 sera pos\u00e9e la question de confiance, mais on pense que la r\u00e9ponse sera que l&rsquo;Assembl\u00e9e ne fait pas confiance\u00a0\u00bb, a affirm\u00e9 le leader de La France insoumise, qui a aussi dit souhaiter \u00ab\u00a0une issue pacifique, d\u00e9mocratique\u00a0\u00bb \u00e0 la situation politique. \u00ab\u00a0Seule la pr\u00e9sidentielle peut clarifier\u00a0\u00bb la situation, a aussi estim\u00e9 Jean-Luc M\u00e9lenchon, dont le parti lancera <a href=\"https:\/\/www.franceinfo.fr\/politique\/melenchon\/la-france-insoumise-lancera-une-procedure-de-destitution-d-emmanuel-macron-le-23-septembre-annonce-jean-luc-melenchon_7455418.html\" rel=\"nofollow noopener\" target=\"_blank\">une proc\u00e9dure de destitution du chef de l&rsquo;Etat<\/a>\u00a0le 23 septembre.<\/p>\n<p>Le leader insoumis s&rsquo;est aussi projet\u00e9 sur le 10 septembre, o\u00f9 des blocages partout en France sont attendus.\u00a0\u00ab\u00a0Le 10, nous bloquerons tout pour faire partir Monsieur\u00a0Macron lui-m\u00eame car c&rsquo;est lui qui est responsable de la crise\u00a0\u00bb, a affirm\u00e9 Jean-Luc M\u00e9lenchon. \u00ab\u00a0La col\u00e8re est l\u00e9gitime et elle est profonde. Ce n&rsquo;est pas par caprice que des gens vont faire le sacrifice de leur paye quotidienne (&#8230;) car la vie quotidienne est devenue insupportable dans ce pays. (&#8230;) Il faut que les puissants le voient, l&rsquo;entendent\u00a0\u00bb, a-t-il aussi dit.<\/p>\n","protected":false},"excerpt":{"rendered":"A deux jours du vote de confiance qui pourrait entra\u00eener la chute du gouvernement Bayrou, le leader de&hellip;\n","protected":false},"author":2,"featured_media":371189,"comment_status":"","ping_status":"","sticky":false,"template":"","format":"standard","meta":{"footnotes":""},"categories":[1888],"tags":[1111,1928,11,1927,1777,674,1011,27,12,1926,626,1925,25],"class_list":{"0":"post-371188","1":"post","2":"type-post","3":"status-publish","4":"format-standard","5":"has-post-thumbnail","7":"category-paris","8":"tag-actu","9":"tag-actu-paris","10":"tag-actualites","11":"tag-actualites-paris","12":"tag-eu","13":"tag-europe","14":"tag-fr","15":"tag-france","16":"tag-news","17":"tag-news-paris","18":"tag-paris","19":"tag-paris-news","20":"tag-republique-francaise"},"share_on_mastodon":{"url":"https:\/\/pubeurope.com\/@fr\/115158709072585904","error":""},"_links":{"self":[{"href":"https:\/\/www.europesays.com\/fr\/wp-json\/wp\/v2\/posts\/371188","targetHints":{"allow":["GET"]}}],"collection":[{"href":"https:\/\/www.europesays.com\/fr\/wp-json\/wp\/v2\/posts"}],"about":[{"href":"https:\/\/www.europesays.com\/fr\/wp-json\/wp\/v2\/types\/post"}],"author":[{"embeddable":true,"href":"https:\/\/www.europesays.com\/fr\/wp-json\/wp\/v2\/users\/2"}],"replies":[{"embeddable":true,"href":"https:\/\/www.europesays.com\/fr\/wp-json\/wp\/v2\/comments?post=371188"}],"version-history":[{"count":0,"href":"https:\/\/www.europesays.com\/fr\/wp-json\/wp\/v2\/posts\/371188\/revisions"}],"wp:featuredmedia":[{"embeddable":true,"href":"https:\/\/www.europesays.com\/fr\/wp-json\/wp\/v2\/media\/371189"}],"wp:attachment":[{"href":"https:\/\/www.europesays.com\/fr\/wp-json\/wp\/v2\/media?parent=371188"}],"wp:term":[{"taxonomy":"category","embeddable":true,"href":"https:\/\/www.europesays.com\/fr\/wp-json\/wp\/v2\/categories?post=371188"},{"taxonomy":"post_tag","embeddable":true,"href":"https:\/\/www.europesays.com\/fr\/wp-json\/wp\/v2\/tags?post=371188"}],"curies":[{"name":"wp","href":"https:\/\/api.w.org\/{rel}","templated":true}]}}