{"id":371190,"date":"2025-09-06T18:13:13","date_gmt":"2025-09-06T18:13:13","guid":{"rendered":"https:\/\/www.europesays.com\/fr\/371190\/"},"modified":"2025-09-06T18:13:13","modified_gmt":"2025-09-06T18:13:13","slug":"a-paris-greenpeace-et-des-militants-autochtones-alertent-sur-la-deforestation-en-amazonie","status":"publish","type":"post","link":"https:\/\/www.europesays.com\/fr\/371190\/","title":{"rendered":"\u00c0 Paris, Greenpeace et des militants autochtones alertent sur la d\u00e9forestation en Amazonie"},"content":{"rendered":"<p class=\"mb-4 text-lg md:leading-8 break-words\">Huit grandes lettres formant le mot \u00ab Amazonia \u00bb tr\u00f4nent depuis vendredi 5 septembre sur le parvis de l\u2019H\u00f4tel de Ville de Paris. \u00c0 deux mois du sommet pour le climat, la COP30, pr\u00e9vue du 10 au 21 novembre en Amazonie br\u00e9silienne, l\u2019ONG Greenpeace a organis\u00e9 une mobilisation dans la capitale fran\u00e7aise. Cela pour rappeler que la plus grande for\u00eat tropicale du monde reste gravement menac\u00e9e\u00a0: d\u00e9forestation, pollution, violations des droits des populations autochtones.<\/p>\n<p class=\"mb-4 text-lg md:leading-8 break-words\">Deux repr\u00e9sentants autochtones venus du Br\u00e9sil, Otacir Terena et Luana Kaingangui, ont port\u00e9 leur message \u00e0 Paris. \u00ab\u00a0On esp\u00e8re que la <strong><a href=\"https:\/\/www.rfi.fr\/fr\/tag\/cop30\/\" rel=\"nofollow noopener\" target=\"_blank\" data-ylk=\"slk:COP30;elm:context_link;itc:0;sec:content-canvas\" class=\"link \">COP30<\/a><\/strong> ne sera pas qu\u2019une op\u00e9ration de publicit\u00e9 \u00bb, d\u00e9clare Otacir Terena. Face \u00e0 l\u2019avidit\u00e9 des producteurs de soja, des \u00e9leveurs de b\u0153ufs, des chercheurs d\u2019or et des exploitants de bois, les militants rappellent que leurs territoires restent une barri\u00e8re essentielle contre la destruction de l\u2019<strong><a href=\"https:\/\/www.rfi.fr\/fr\/tag\/amazonie\/\" rel=\"nofollow noopener\" target=\"_blank\" data-ylk=\"slk:Amazonie;elm:context_link;itc:0;sec:content-canvas\" class=\"link \">Amazonie<\/a><\/strong>.<\/p>\n<p class=\"mb-4 text-lg md:leading-8 break-words\">\u00ab Nous n\u2019avons pas beaucoup d&rsquo;espoir, mais nous esp\u00e9rons avoir un impact avec le plan climat autochtone que nous avons pr\u00e9sent\u00e9. Nous voulons que le Br\u00e9sil int\u00e8gre, dans son plan climat national, la d\u00e9marcation de nos terres \u00bb, ajoute Luana Kaingangui.<\/p>\n<p class=\"mb-4 text-lg md:leading-8 break-words\">\u00c0 lire aussi<a href=\"https:\/\/www.rfi.fr\/fr\/europe\/20250702-l-union-europ\u00e9enne-propose-des-assouplissements-autour-de-ses-objectifs-climatiques-pour-2040\" class=\"link \" rel=\"nofollow noopener\" target=\"_blank\" data-ylk=\"slk:L&#039;Union europ\u00e9enne propose des assouplissements autour de ses objectifs climatiques pour 2040;elm:context_link;itc:0;sec:content-canvas\">L&rsquo;Union europ\u00e9enne propose des assouplissements autour de ses objectifs climatiques pour 2040<\/a><\/p>\n<p>L\u2019accord UE-Mercosur dans le viseur<\/p>\n<p class=\"mb-4 text-lg md:leading-8 break-words\">Devant la mairie de Paris, ces repr\u00e9sentants autochtones et ONG ont aussi d\u00e9nonc\u00e9 <a href=\"https:\/\/fr.news.yahoo.com\/accord-ue-mercosur-pays-dam%C3%A9rique-013337591.html\" data-ylk=\"slk:l\u2019accord de libre-\u00e9change entre l\u2019Union europ\u00e9enne et les pays du Mercosur;elm:context_link;itc:0;sec:content-canvas;outcm:mb_qualified_link;_E:mb_qualified_link;ct:story;\" class=\"link  yahoo-link\" target=\"_blank\" rel=\"noopener\"><strong>l\u2019accord de libre-\u00e9change entre l\u2019Union europ\u00e9enne et les pays du Mercosur<\/strong><\/a>, dont le Br\u00e9sil, que Bruxelles souhaite ratifier.<\/p>\n<p class=\"mb-4 text-lg md:leading-8 break-words\">Selon Cl\u00e9ment H\u00e9lary, de Greenpeace <strong><a href=\"https:\/\/www.rfi.fr\/fr\/tag\/france\/\" class=\"link \" rel=\"nofollow noopener\" target=\"_blank\" data-ylk=\"slk:France;elm:context_link;itc:0;sec:content-canvas\">France<\/a><\/strong>, \u00ab cet accord est non seulement d\u00e9l\u00e9t\u00e8re pour la culture paysanne en Europe et en Am\u00e9rique du Sud, mais il l\u2019est aussi pour les \u00e9cosyst\u00e8mes. Il risque de renforcer les pressions qu&rsquo;exercent une agro-industrie destructrice dans les pays du <strong><a href=\"https:\/\/www.rfi.fr\/fr\/tag\/mercosur\/\" class=\"link \" rel=\"nofollow noopener\" target=\"_blank\" data-ylk=\"slk:Mercosur;elm:context_link;itc:0;sec:content-canvas\">Mercosur<\/a><\/strong> sur les \u00e9cosyst\u00e8mes et les territoires des militants autochtones \u00bb.<\/p>\n<p class=\"mb-4 text-lg md:leading-8 break-words\">Enfin, ONG et repr\u00e9sentants autochtones se disent inquiets face aux attaques contre la loi europ\u00e9enne sur la <strong><a href=\"https:\/\/www.rfi.fr\/fr\/environnement\/20240404-d\u00e9forestation-un-bilan-mondial-tr\u00e8s-mitig\u00e9\" rel=\"nofollow noopener\" target=\"_blank\" data-ylk=\"slk:d\u00e9forestation;elm:context_link;itc:0;sec:content-canvas\" class=\"link \">d\u00e9forestation<\/a><\/strong> import\u00e9e, qui doit entrer en vigueur fin 2024. Plusieurs \u00c9tats et entreprises essayent, une nouvelle fois, de la reporter ou de d\u00e9vitaliser.<\/p>\n<p class=\"mb-4 text-lg md:leading-8 break-words\">\u00c0 lire aussi<a href=\"https:\/\/fr.news.yahoo.com\/environnement-haut-conseil-climat-accuse-081330207.html\" class=\"link  yahoo-link\" data-ylk=\"slk:Environnement: le Haut Conseil pour le climat accuse la France de \u00abmenacer\u00bb l&#039;accord de Paris;elm:context_link;itc:0;sec:content-canvas;outcm:mb_qualified_link;_E:mb_qualified_link;ct:story;\" target=\"_blank\" rel=\"noopener\">Environnement: le Haut Conseil pour le climat accuse la France de \u00abmenacer\u00bb l&rsquo;accord de Paris<\/a><\/p>\n","protected":false},"excerpt":{"rendered":"Huit grandes lettres formant le mot \u00ab Amazonia \u00bb tr\u00f4nent depuis vendredi 5 septembre sur le parvis de&hellip;\n","protected":false},"author":2,"featured_media":5539,"comment_status":"","ping_status":"","sticky":false,"template":"","format":"standard","meta":{"footnotes":""},"categories":[1888],"tags":[1111,1928,11,1927,8466,1777,674,1011,27,22050,49094,50537,2381,12,1926,626,1925,25],"class_list":{"0":"post-371190","1":"post","2":"type-post","3":"status-publish","4":"format-standard","5":"has-post-thumbnail","7":"category-paris","8":"tag-actu","9":"tag-actu-paris","10":"tag-actualites","11":"tag-actualites-paris","12":"tag-amazonie","13":"tag-eu","14":"tag-europe","15":"tag-fr","16":"tag-france","17":"tag-greenpeace","18":"tag-lunion-europeenne-2","19":"tag-luana-kaingangui","20":"tag-mairie-de-paris","21":"tag-news","22":"tag-news-paris","23":"tag-paris","24":"tag-paris-news","25":"tag-republique-francaise"},"share_on_mastodon":{"url":"https:\/\/pubeurope.com\/@fr\/115158712620704236","error":""},"_links":{"self":[{"href":"https:\/\/www.europesays.com\/fr\/wp-json\/wp\/v2\/posts\/371190","targetHints":{"allow":["GET"]}}],"collection":[{"href":"https:\/\/www.europesays.com\/fr\/wp-json\/wp\/v2\/posts"}],"about":[{"href":"https:\/\/www.europesays.com\/fr\/wp-json\/wp\/v2\/types\/post"}],"author":[{"embeddable":true,"href":"https:\/\/www.europesays.com\/fr\/wp-json\/wp\/v2\/users\/2"}],"replies":[{"embeddable":true,"href":"https:\/\/www.europesays.com\/fr\/wp-json\/wp\/v2\/comments?post=371190"}],"version-history":[{"count":0,"href":"https:\/\/www.europesays.com\/fr\/wp-json\/wp\/v2\/posts\/371190\/revisions"}],"wp:featuredmedia":[{"embeddable":true,"href":"https:\/\/www.europesays.com\/fr\/wp-json\/wp\/v2\/media\/5539"}],"wp:attachment":[{"href":"https:\/\/www.europesays.com\/fr\/wp-json\/wp\/v2\/media?parent=371190"}],"wp:term":[{"taxonomy":"category","embeddable":true,"href":"https:\/\/www.europesays.com\/fr\/wp-json\/wp\/v2\/categories?post=371190"},{"taxonomy":"post_tag","embeddable":true,"href":"https:\/\/www.europesays.com\/fr\/wp-json\/wp\/v2\/tags?post=371190"}],"curies":[{"name":"wp","href":"https:\/\/api.w.org\/{rel}","templated":true}]}}