{"id":371191,"date":"2025-09-06T18:14:10","date_gmt":"2025-09-06T18:14:10","guid":{"rendered":"https:\/\/www.europesays.com\/fr\/371191\/"},"modified":"2025-09-06T18:14:10","modified_gmt":"2025-09-06T18:14:10","slug":"il-aurait-sequestre-et-violente-son-associe-pour-lui-faire-payer-une-forte-somme-dargent","status":"publish","type":"post","link":"https:\/\/www.europesays.com\/fr\/371191\/","title":{"rendered":"il aurait s\u00e9questr\u00e9 et violent\u00e9 son associ\u00e9 pour lui faire payer une forte somme d\u2019argent"},"content":{"rendered":"<p>            Par<br \/>\n        <strong><br \/>\n            <a href=\"https:\/\/actu.fr\/auteur\/thomas-martin\" title=\"Consulter tous les articles de Thomas Martin\" rel=\"nofollow noopener\" target=\"_blank\">Thomas Martin<\/a><br \/>\n        <\/strong><\/p>\n<p>        Publi\u00e9 le<\/p>\n<p>            6 sept. 2025 \u00e0 18h23        <\/p>\n<p>Un homme de 28 ans a \u00e9t\u00e9 mis en examen et \u00e9crou\u00e9 vendredi \u00e0 Paris, soup\u00e7onn\u00e9 d\u2019avoir fait subir des violences et s\u00e9questr\u00e9 fin ao\u00fbt un ami et associ\u00e9 en affaires, sur fond de dette dans le milieu du trading, a indiqu\u00e9 \u00e0 l\u2019AFP samedi une source proche du dossier, confirmant une information du <a href=\"https:\/\/www.leparisien.fr\/faits-divers\/lun-deux-a-pris-mon-petit-doigt-avec-une-pince-le-calvaire-dun-ex-trader-enleve-a-paris-06-09-2025-6WUB6VRFWBEQVCUQCGBBSYE5NY.php\" rel=\"nofollow noopener\" target=\"_blank\">Parisien<\/a>.<\/p>\n<p>S\u00e9questr\u00e9 dans un appartement du 10e arrondissement de Paris<\/p>\n<p class=\" wall-content\">D\u2019apr\u00e8s cette source, la victime a d\u00e9pos\u00e9 plainte le 27 ao\u00fbt, affirmant avoir \u00e9t\u00e9 s\u00e9questr\u00e9e et soumise \u00e0 des violences la nuit pr\u00e9c\u00e9dente dans le 10e arrondissement par trois hommes.\u00a0<br \/>Apr\u00e8s avoir initialement refus\u00e9, par peur, de donner l\u2019identit\u00e9 de l\u2019homme qu\u2019il accuse d\u2019\u00eatre le commanditaire, le plaignant a fini par mettre en cause un \u00ab\u00a0associ\u00e9\u00a0\u00bb et \u00ab\u00a0ami\u00a0\u00bb, selon cette source.<\/p>\n<p class=\" wall-content\">Il a indiqu\u00e9 qu\u2019il s\u2019\u00e9tait rendu dans un appartement du 10e arrondissement sur demande de cet ami et qu\u2019\u00e0 son arriv\u00e9e, il s\u2019\u00e9tait fait agresser par deux autres individus cagoul\u00e9s, qui lui auraient fait subir des violences, des \u00e9tranglements avec une ceinture jusqu\u2019\u00e0 l\u2019\u00e9vanouissement, des menaces de mort avec une arme de poing, des menaces sur sa femme enceinte et sa fille.<\/p>\n<p class=\" wall-content\">La victime a ainsi affirm\u00e9 que l\u2019un de ses ge\u00f4liers lui aurait \u00ab\u00a0pris le petit doigt avec une pince, comme s\u2019ils allaient le sectionner\u00a0\u00bb. Le m\u00e9decin a relev\u00e9, selon la m\u00eame source, des l\u00e9sions superficielles et \u00e9tabli dans l\u2019imm\u00e9diat trois jours d\u2019ITT.<\/p>\n<p class=\" wall-content\">Les proches de la victime auraient \u00e9t\u00e9 contact\u00e9s pour effectuer un paiement, mais sans succ\u00e8s. Le plaignant aurait donc \u00e9t\u00e9 rel\u00e2ch\u00e9 avec la promesse qu\u2019il verserait de l\u2019argent le lendemain, possiblement via un virement vers le compte bancaire de la compagne de son \u00ab\u00a0ami\u00a0\u00bb et \u00ab\u00a0associ\u00e9\u00a0\u00bb.<\/p>\n<p>Une dette de 30 000 euros<\/p>\n<p class=\" wall-content\">L\u2019enqu\u00eate a d\u00e9j\u00e0 permis de montrer, d\u2019apr\u00e8s la m\u00eame source, que la victime serait \u00ab\u00a0fortement endett\u00e9e aupr\u00e8s de nombreuses personnes\u00a0\u00bb.\u00a0<br \/>Interpell\u00e9 mardi, l\u2019homme accus\u00e9 d\u2019avoir ordonn\u00e9 sa s\u00e9questration a indiqu\u00e9 en audition, selon la source proche du dossier, que la victime lui devait 30 000 euros, pour des dettes li\u00e9es \u00e0 des investissements dans le trading, ce que cette derni\u00e8re conteste.<\/p>\n<p class=\" wall-content\">Le mis en cause a par ailleurs indiqu\u00e9 avoir \u00e9t\u00e9 \u00e9galement retenu par les ravisseurs dans l\u2019appartement du 10e arrondissement.<br \/>Cet homme, dont le casier judiciaire porte la trace de douze condamnations, notamment pour des infractions \u00e0 la l\u00e9gislation sur les stup\u00e9fiants, a \u00e9t\u00e9 mis en examen et incarc\u00e9r\u00e9 vendredi, selon la source proche du dossier.<\/p>\n<p>Votre r\u00e9gion, votre actu !<\/p>\n<p>Recevez chaque jour les infos qui comptent pour vous.<\/p>\n<p>\t<a href=\"https:\/\/actu.fr\/newsletter\" class=\"ac-btn ac-btn--corner ac-btn--medium ac-btn--blue800\" rel=\"nofollow noopener\" target=\"_blank\">S&rsquo;incrire<\/a><\/p>\n<p class=\" wall-content\">Apr\u00e8s avoir \u00e9t\u00e9 plac\u00e9s en garde \u00e0 vue, deux de ses proches ont \u00e9t\u00e9 laiss\u00e9s libres sans poursuites. Sollicit\u00e9 par l\u2019AFP, son avocat Antoine Ory n\u2019a pas souhait\u00e9 commenter.<\/p>\n<p class=\" wall-content\">Personnalisez votre actualit\u00e9 en ajoutant vos villes et m\u00e9dias en favori avec <a href=\"https:\/\/moncompte.actu.fr\" title=\"D\u00e9couvez Mon Actu\" rel=\"nofollow noopener\" data-trk=\"{&quot;cta&quot;:{&quot;action&quot;:&quot;https:\\\/\\\/moncompte.actu.fr&quot;,&quot;category&quot;:&quot;mon compte&quot;,&quot;from&quot;:&quot;article footer&quot;,&quot;name&quot;:&quot;Mon actu&quot;,&quot;type&quot;:&quot;cta&quot;}}\" target=\"_blank\">Mon Actu<\/a>.<\/p>\n","protected":false},"excerpt":{"rendered":"Par Thomas Martin Publi\u00e9 le 6 sept. 2025 \u00e0 18h23 Un homme de 28 ans a \u00e9t\u00e9 mis&hellip;\n","protected":false},"author":2,"featured_media":369727,"comment_status":"","ping_status":"","sticky":false,"template":"","format":"standard","meta":{"footnotes":""},"categories":[1888],"tags":[11,1777,674,118,1011,27,12,626,1072,25],"class_list":{"0":"post-371191","1":"post","2":"type-post","3":"status-publish","4":"format-standard","5":"has-post-thumbnail","7":"category-paris","8":"tag-actualites","9":"tag-eu","10":"tag-europe","11":"tag-faits-divers","12":"tag-fr","13":"tag-france","14":"tag-news","15":"tag-paris","16":"tag-police","17":"tag-republique-francaise"},"share_on_mastodon":{"url":"https:\/\/pubeurope.com\/@fr\/115158716555764759","error":""},"_links":{"self":[{"href":"https:\/\/www.europesays.com\/fr\/wp-json\/wp\/v2\/posts\/371191","targetHints":{"allow":["GET"]}}],"collection":[{"href":"https:\/\/www.europesays.com\/fr\/wp-json\/wp\/v2\/posts"}],"about":[{"href":"https:\/\/www.europesays.com\/fr\/wp-json\/wp\/v2\/types\/post"}],"author":[{"embeddable":true,"href":"https:\/\/www.europesays.com\/fr\/wp-json\/wp\/v2\/users\/2"}],"replies":[{"embeddable":true,"href":"https:\/\/www.europesays.com\/fr\/wp-json\/wp\/v2\/comments?post=371191"}],"version-history":[{"count":0,"href":"https:\/\/www.europesays.com\/fr\/wp-json\/wp\/v2\/posts\/371191\/revisions"}],"wp:featuredmedia":[{"embeddable":true,"href":"https:\/\/www.europesays.com\/fr\/wp-json\/wp\/v2\/media\/369727"}],"wp:attachment":[{"href":"https:\/\/www.europesays.com\/fr\/wp-json\/wp\/v2\/media?parent=371191"}],"wp:term":[{"taxonomy":"category","embeddable":true,"href":"https:\/\/www.europesays.com\/fr\/wp-json\/wp\/v2\/categories?post=371191"},{"taxonomy":"post_tag","embeddable":true,"href":"https:\/\/www.europesays.com\/fr\/wp-json\/wp\/v2\/tags?post=371191"}],"curies":[{"name":"wp","href":"https:\/\/api.w.org\/{rel}","templated":true}]}}