{"id":371194,"date":"2025-09-06T18:16:11","date_gmt":"2025-09-06T18:16:11","guid":{"rendered":"https:\/\/www.europesays.com\/fr\/371194\/"},"modified":"2025-09-06T18:16:11","modified_gmt":"2025-09-06T18:16:11","slug":"le-sommet-de-la-coalition-des-volontaires-de-macron-discute-lenvoi-de-troupes-europeennes-en-ukraine-contre-la-russie","status":"publish","type":"post","link":"https:\/\/www.europesays.com\/fr\/371194\/","title":{"rendered":"Le sommet de la \u00ab\u00a0coalition des volontaires\u00a0\u00bb de Macron discute l\u2019envoi de troupes europ\u00e9ennes en Ukraine contre la Russie"},"content":{"rendered":"<p><img decoding=\"async\" class=\"db relative center\" loading=\"lazy\" src=\"https:\/\/www.europesays.com\/fr\/wp-content\/uploads\/2025\/09\/95d419c7-30be-40a6-813f-f808b19ecd5c\" style=\"max-height:100%\"\/>Le pr\u00e9sident fran\u00e7ais Emmanuel Macron s&rsquo;adresse au Parlement, le 8 juillet 2025. [Photo by Roger Harris\/House of Lords 2025 \/ <a class=\"black-40 hover-black-60 no-underline\" target=\"_blank\" rel=\"noopener nofollow\" href=\"https:\/\/creativecommons.org\/licenses\/by-nc-nd\/4.0\/\">CC BY-NC-ND 4.0<\/a>]<\/p>\n<p>Peu de d\u00e9tails concrets ont \u00e9t\u00e9 r\u00e9v\u00e9l\u00e9s lors du sommet qui a r\u00e9uni jeudi \u00e0 Paris plus de 30 chefs de gouvernement, sous la pr\u00e9sidence du pr\u00e9sident fran\u00e7ais Emmanuel Macron, afin de planifier une \u00ab coalition des volontaires \u00bb pour d\u00e9ployer des troupes en Ukraine, ce qui constituerait une escalade majeure de la guerre contre la Russie.<\/p>\n<p>L&rsquo;incapacit\u00e9 de la coalition, men\u00e9e par la Grande-Bretagne et la France, \u00e0 se mettre d&rsquo;accord sur quoi que ce soit de substantiel lors de sa huiti\u00e8me r\u00e9union souligne la d\u00e9pendance militaire continue des puissances imp\u00e9rialistes europ\u00e9ennes vis-\u00e0-vis de Washington. Elles r\u00e9agissent en lan\u00e7ant une offensive d&rsquo;aust\u00e9rit\u00e9 tous azimuts contre la classe ouvri\u00e8re, afin de r\u00e9unir les ressources n\u00e9cessaires au r\u00e9armement et \u00e0 la guerre contre la Russie.<\/p>\n<p>Macron, le premier ministre britannique Keir Starmer, le chancelier allemand Friedrich Merz et les dirigeants d&rsquo;autres pays europ\u00e9ens, du Canada et de l&rsquo;Australie se sont r\u00e9unis avant de s&rsquo;entretenir par t\u00e9l\u00e9phone avec le pr\u00e9sident am\u00e9ricain Donald Trump dans l&rsquo;apr\u00e8s-midi. Macron, dont le gouvernement est sur le point de tomber pour la deuxi\u00e8me fois en \u00e0 peine un an lundi, a annonc\u00e9 que 26 pays s&rsquo;\u00e9taient engag\u00e9s \u00e0 fournir une forme de soutien \u00ab terrestre, maritime, a\u00e9rien ou cybern\u00e9tique \u00bb \u00e0 l&rsquo;Ukraine en cas de cessez-le-feu ou d&rsquo;accord de paix avec la Russie.<\/p>\n<p>Cependant, six mois apr\u00e8s la premi\u00e8re r\u00e9union de la \u00ab coalition des volontaires \u00bb en mars, seules la Grande-Bretagne, la France et l&rsquo;Estonie ont officiellement confirm\u00e9 qu&rsquo;ils enverraient des troupes terrestres en Ukraine. On ne sait toujours pas combien de soldats chaque pays pourrait fournir.<\/p>\n<p>Cette coalition a \u00e9t\u00e9 cr\u00e9\u00e9e en r\u00e9ponse \u00e0 la tentative de Trump de s&rsquo;entendre avec le pr\u00e9sident russe Vladimir Poutine. Les puissances europ\u00e9ennes craignent que cela ne les prive d&rsquo;une part du butin constitu\u00e9 par les mati\u00e8res premi\u00e8res et les march\u00e9s ukrainiens et russes. Dans le contexte de l&rsquo;invasion russe de l&rsquo;Ukraine provoqu\u00e9e par les \u00c9tats-Unis en 2022, la Grande-Bretagne, la France et l&rsquo;Allemagne avaient mis\u00e9 gros sur le fait que l&rsquo;alliance transatlantique avec l&rsquo;imp\u00e9rialisme am\u00e9ricain leur permettrait de piller conjointement l&rsquo;Ukraine et la Russie. Elles ont m\u00eame r\u00e9duit massivement leurs importations de gaz russe bon march\u00e9, essentiel \u00e0 l&rsquo;industrie europ\u00e9enne.<\/p>\n<p>Mais Washington, guid\u00e9 par la politique de l\u2019\u00ab Am\u00e9rique d\u2019abord \u00bb de Trump, consid\u00e8re de plus en plus les puissances europ\u00e9ennes non pas comme des alli\u00e9s, mais comme des rivaux dans un monde en plein red\u00e9coupage. Le dictateur en puissance des \u00c9tats-Unis a non seulement \u00e9voqu\u00e9 la possibilit\u00e9 d&rsquo;un accord avec Poutine aux d\u00e9pens des Europ\u00e9ens, mais il a \u00e9galement impos\u00e9 des droits de douane de 15 % sur les importations de l&rsquo;Union europ\u00e9enne vers les \u00c9tats-Unis dans le cadre de sa guerre commerciale mondiale. Comme l&rsquo;\u00e9crivait le World Socialist Web Site apr\u00e8s <a href=\"https:\/\/www.wsws.org\/fr\/articles\/2025\/08\/19\/pers-a19.html\" rel=\"nofollow noopener\" target=\"_blank\">le sommet entre Trump et Poutine<\/a> en Alaska le mois dernier,<\/p>\n<blockquote>\n<p>Trump, qui renoue avec la tradition des partisans d&rsquo;extr\u00eame droite de l\u2019\u00abAm\u00e9rique d\u2019abord \u00bb de l&rsquo;\u00e9poque de la Seconde Guerre mondiale, s&rsquo;exprime au nom de couches de la classe dirigeante am\u00e9ricaine orient\u00e9es vers la guerre dans le Pacifique et la confrontation avec la Chine. Il a associ\u00e9 cette vision \u00e0 des mesures tarifaires et \u00e0 une guerre commerciale dirig\u00e9es contre les puissances europ\u00e9ennes. Pour ce camp, se d\u00e9sengager du conflit avec la Russie au sujet de l&rsquo;Ukraine offre des avantages potentiels : garantir l&rsquo;acc\u00e8s aux ressources vitales de la Russie et de l&rsquo;Ukraine, affaiblir l&rsquo;alignement de Moscou sur P\u00e9kin et affaiblir l&rsquo;imp\u00e9rialisme europ\u00e9en.<\/p>\n<\/blockquote>\n<p>Les imp\u00e9rialistes europ\u00e9ens sont d\u00e9termin\u00e9s \u00e0 r\u00e9duire leur d\u00e9pendance militaire vis-\u00e0-vis de Washington gr\u00e2ce \u00e0 un programme de r\u00e9armement effr\u00e9n\u00e9, d\u00e9pensant quelque 800 milliards d&rsquo;euros dans le cadre du programme \u00ab R\u00e9armer l&rsquo;Europe \u00bb de l&rsquo;Union europ\u00e9enne et 1000 milliards d&rsquo;euros dans un fonds du gouvernement allemand destin\u00e9 \u00e0 son arm\u00e9e et \u00e0 la modernisation des infrastructures li\u00e9es \u00e0 la guerre.<\/p>\n<p>Mais la mise en \u0153uvre de ce programme, qui implique l\u2019\u00e9limination des concessions accord\u00e9es \u00e0 la classe ouvri\u00e8re apr\u00e8s la Seconde Guerre mondiale, prend du temps. Ils ont donc r\u00e9agi au revirement de Trump en essayant de saboter un accord potentiel entre la Maison-Blanche et le Kremlin. Ils ont maintenu les \u00c9tats-Unis dans la guerre en formulant des exigences totalement inacceptables pour la Russie, comme l&rsquo;envoi de troupes de l&rsquo;OTAN en Ukraine.<\/p>\n<p>Macron, Starmer et Merz soutiennent le projet du pr\u00e9sident ukrainien Volodymyr Zelensky d&rsquo;acheter pour 90 milliards de dollars d&rsquo;armes am\u00e9ricaines avec des fonds europ\u00e9ens. Selon le New York Times, un m\u00e9canisme d&rsquo;approvisionnement de l&rsquo;OTAN a \u00e9t\u00e9 mis en place pour faciliter les achats europ\u00e9ens aupr\u00e8s des fournisseurs de d\u00e9fense am\u00e9ricains \u00e0 hauteur d&rsquo;un milliard de dollars par mois. L&rsquo;accent est mis en particulier sur les armes de haute technologie, comme les missiles de croisi\u00e8re et les syst\u00e8mes de d\u00e9fense a\u00e9rienne. Alors que les puissances europ\u00e9ennes poursuivent leur propre r\u00e9armement, ces sommes acc\u00e9l\u00e8rent encore la guerre de classe men\u00e9e par l&rsquo;\u00e9lite dirigeante contre les travailleurs.<\/p>\n<p>Comme on pouvait s&rsquo;y attendre, le Kremlin a r\u00e9agi jeudi \u00e0 l&rsquo;annonce de Macron en mena\u00e7ant d&rsquo;attaquer les troupes occidentales d\u00e9ploy\u00e9es en Ukraine. \u00ab Nous consid\u00e9rons cela comme un danger pour nous : la pr\u00e9sence de forces arm\u00e9es internationales ou \u00e9trang\u00e8res, de forces arm\u00e9es des pays de l&rsquo;OTAN sur le territoire ukrainien pr\u00e8s de nos fronti\u00e8res \u00bb, a comment\u00e9 le porte-parole du Kremlin, Dmitri Peskov, lors d&rsquo;un forum \u00e9conomique \u00e0 Vladivostok. Poutine a d\u00e9clar\u00e9 que tout soldat de l&rsquo;OTAN pr\u00e9sent sur le territoire ukrainien serait consid\u00e9r\u00e9 par la Russie comme une \u00ab cible l\u00e9gitime \u00bb.<\/p>\n<p>On ignore encore si Trump soutiendra explicitement les \u00ab garanties de s\u00e9curit\u00e9 \u00bb propos\u00e9es par Macron et Starmer pour l&rsquo;Ukraine. Macron a affirm\u00e9 que Trump s&rsquo;\u00e9tait engag\u00e9 \u00e0 offrir la protection des \u00c9tats-Unis \u00e0 une telle force en cas d&rsquo;attaque de la Russie, et que cet engagement serait officialis\u00e9 dans les prochains jours. Sans le soutien des \u00c9tats-Unis, notamment en mati\u00e8re de renseignement et de puissance a\u00e9rienne, le d\u00e9ploiement de troupes europ\u00e9ennes et canadiennes en Ukraine semble actuellement impossible.<\/p>\n<p>Ce qui est certain, cependant, c&rsquo;est que les imp\u00e9rialistes europ\u00e9ens pr\u00e9parent une attaque sauvage contre la classe ouvri\u00e8re afin de lever les fonds n\u00e9cessaires pour intensifier la guerre avec la Russie et poursuivre sans piti\u00e9 leurs propres int\u00e9r\u00eats mondiaux, ind\u00e9pendamment de Washington. En Allemagne, le gouvernement de coalition chr\u00e9tien-d\u00e9mocrate\/social-d\u00e9mocrate de Merz a annonc\u00e9 un \u00ab automne de r\u00e9formes \u00bb, cherchant \u00e0 r\u00e9duire de plusieurs dizaines de milliards d&rsquo;euros les d\u00e9penses sociales afin de couvrir le co\u00fbt du r\u00e9armement et de la guerre.<\/p>\n<p>Le premier ministre fran\u00e7ais Fran\u00e7ois Bayrou devrait perdre un vote de confiance lundi, lorsque son gouvernement minoritaire impopulaire pr\u00e9sentera un budget pr\u00e9voyant des coupes budg\u00e9taires de 44 milliards d&rsquo;euros pour financer le programme de r\u00e9armement massif de la France. Alors que l&rsquo;ensemble de la classe politique s&rsquo;accorde \u00e0 augmenter les d\u00e9penses militaires, Bayrou est consid\u00e9r\u00e9 comme incapable de mener \u00e0 bien les attaques n\u00e9cessaires contre la classe ouvri\u00e8re.<\/p>\n<p>Les coupes annonc\u00e9es jusqu&rsquo;\u00e0 pr\u00e9sent ne sont qu&rsquo;un acompte. Le r\u00e9armement \u00e0 l&rsquo;\u00e9chelle exig\u00e9e par les imp\u00e9rialistes europ\u00e9ens dans le contexte d&rsquo;une troisi\u00e8me guerre mondiale qui se d\u00e9veloppe rapidement n\u00e9cessiterait des r\u00e9gimes dictatoriaux similaires \u00e0 celui que Trump tente d&rsquo;\u00e9tablir aux \u00c9tats-Unis.<\/p>\n<p>C&rsquo;est pourquoi certaines fractions de la classe dirigeante promeuvent syst\u00e9matiquement les partis d&rsquo;extr\u00eame droite dans tous les grands pays europ\u00e9ens. En Allemagne, les plans visant \u00e0 porter l&rsquo;Alternative pour l&rsquo;Allemagne au pouvoir sont d\u00e9j\u00e0 bien avanc\u00e9s. En France, le chef du Rassemblement national (RN), Jordan Bardella, a adress\u00e9 cette semaine une lettre aux chefs d&rsquo;entreprise fran\u00e7ais dans laquelle il s&rsquo;engage \u00e0 ce qu&rsquo;un gouvernement RN puisse mener \u00e0 bien 100 milliards d&rsquo;euros de coupes budg\u00e9taires, soit plus du double des coupes propos\u00e9es par Bayrou et Macron.<\/p>\n<p>Les partis dits \u00ab de gauche \u00bb ne sont pas moins fermes dans leur soutien au r\u00e9armement de l&rsquo;imp\u00e9rialisme europ\u00e9en aux d\u00e9pens de la classe ouvri\u00e8re. Le Parti de gauche allemand a vot\u00e9 en faveur des cr\u00e9dits de guerre d&rsquo;un billion d&rsquo;euros au Bundesrat, la deuxi\u00e8me chambre du parlement allemand. De plus, le Parti de gauche a utilis\u00e9 ses voix au parlement pour assurer l&rsquo;\u00e9lection de Merz au poste de chancelier. Il n&rsquo;a rien fait pour mobiliser les travailleurs contre l&rsquo;attaque de son gouvernement contre leur niveau de vie.<\/p>\n<p>En France, le programme \u00e9lectoral du Nouveau Front populaire de Jean-Luc M\u00e9lenchon l&rsquo;ann\u00e9e derni\u00e8re appelait explicitement au d\u00e9ploiement de troupes de \u00ab maintien de la paix \u00bb en Ukraine. M\u00e9lenchon a pr\u00e9conis\u00e9 une affirmation plus agressive des int\u00e9r\u00eats nationaux de l&rsquo;imp\u00e9rialisme fran\u00e7ais dans le contexte de l&rsquo;effondrement de l&rsquo;ordre international d&rsquo;apr\u00e8s-guerre. Quant aux bureaucraties syndicales, elles d\u00e9fendent toutes les int\u00e9r\u00eats de leur \u00ab propre \u00bb bourgeoisie nationale dans une course effr\u00e9n\u00e9e au r\u00e9armement et \u00e0 la protection des profits des entreprises.<\/p>\n<p>L&rsquo;opposition \u00e0 l&rsquo;escalade de la guerre imp\u00e9rialiste doit \u00eatre men\u00e9e par la classe ouvri\u00e8re \u00e0 travers l&rsquo;Europe et au-del\u00e0. Il existe une opposition g\u00e9n\u00e9ralis\u00e9e au retour de la barbarie imp\u00e9rialiste, comme en t\u00e9moigne la participation massive aux manifestations de ces deux derni\u00e8res ann\u00e9es contre le g\u00e9nocide des Palestiniens par Isra\u00ebl, arm\u00e9 et soutenu par les \u00c9tats-Unis.<\/p>\n<p>Cette opposition doit \u00eatre li\u00e9e \u00e0 la r\u00e9surgence des luttes ouvri\u00e8res contre la destruction des emplois et des conditions de travail, provoqu\u00e9e par l&rsquo;aggravation de la crise du capitalisme mondial et la volont\u00e9 des \u00e9lites dirigeantes partout dans le monde de convertir de larges pans de l&rsquo;industrie civile \u00e0 la production de guerre. Ce combat ne peut r\u00e9ussir que sur la base d&rsquo;un programme socialiste et internationaliste visant \u00e0 mettre fin au capitalisme, source de la guerre, de la dictature et de la mis\u00e8re sociale grandissante pour la classe ouvri\u00e8re.<\/p>\n","protected":false},"excerpt":{"rendered":"Le pr\u00e9sident fran\u00e7ais Emmanuel Macron s&rsquo;adresse au Parlement, le 8 juillet 2025. [Photo by Roger Harris\/House of Lords&hellip;\n","protected":false},"author":2,"featured_media":371195,"comment_status":"","ping_status":"","sticky":false,"template":"","format":"standard","meta":{"footnotes":""},"categories":[1591],"tags":[11,674,1887,27,1146,11514,12,1885,1886,132,220],"class_list":{"0":"post-371194","1":"post","2":"type-post","3":"status-publish","4":"format-standard","5":"has-post-thumbnail","7":"category-russie","8":"tag-actualites","9":"tag-europe","10":"tag-federation-de-russie","11":"tag-france","12":"tag-guerre","13":"tag-macron","14":"tag-news","15":"tag-russia","16":"tag-russian-federation","17":"tag-russie","18":"tag-ukraine"},"share_on_mastodon":{"url":"https:\/\/pubeurope.com\/@fr\/115158724512228746","error":""},"_links":{"self":[{"href":"https:\/\/www.europesays.com\/fr\/wp-json\/wp\/v2\/posts\/371194","targetHints":{"allow":["GET"]}}],"collection":[{"href":"https:\/\/www.europesays.com\/fr\/wp-json\/wp\/v2\/posts"}],"about":[{"href":"https:\/\/www.europesays.com\/fr\/wp-json\/wp\/v2\/types\/post"}],"author":[{"embeddable":true,"href":"https:\/\/www.europesays.com\/fr\/wp-json\/wp\/v2\/users\/2"}],"replies":[{"embeddable":true,"href":"https:\/\/www.europesays.com\/fr\/wp-json\/wp\/v2\/comments?post=371194"}],"version-history":[{"count":0,"href":"https:\/\/www.europesays.com\/fr\/wp-json\/wp\/v2\/posts\/371194\/revisions"}],"wp:featuredmedia":[{"embeddable":true,"href":"https:\/\/www.europesays.com\/fr\/wp-json\/wp\/v2\/media\/371195"}],"wp:attachment":[{"href":"https:\/\/www.europesays.com\/fr\/wp-json\/wp\/v2\/media?parent=371194"}],"wp:term":[{"taxonomy":"category","embeddable":true,"href":"https:\/\/www.europesays.com\/fr\/wp-json\/wp\/v2\/categories?post=371194"},{"taxonomy":"post_tag","embeddable":true,"href":"https:\/\/www.europesays.com\/fr\/wp-json\/wp\/v2\/tags?post=371194"}],"curies":[{"name":"wp","href":"https:\/\/api.w.org\/{rel}","templated":true}]}}