{"id":371196,"date":"2025-09-06T18:17:09","date_gmt":"2025-09-06T18:17:09","guid":{"rendered":"https:\/\/www.europesays.com\/fr\/371196\/"},"modified":"2025-09-06T18:17:09","modified_gmt":"2025-09-06T18:17:09","slug":"pour-bernard-henri-levy-ecrivain-leurope-tient-tout-a-fait-son-rang-face-a-la-russie","status":"publish","type":"post","link":"https:\/\/www.europesays.com\/fr\/371196\/","title":{"rendered":"pour Bernard-Henri L\u00e9vy, \u00e9crivain, \u00ab\u00a0l&rsquo;Europe tient tout \u00e0 fait son rang face \u00e0 la Russie\u00a0\u00bb"},"content":{"rendered":"<p>Guerre en Ukraine: pour Bernard-Henri L\u00e9vy, \u00e9crivain, \u00ab\u00a0l&rsquo;Europe tient tout \u00e0 fait son rang face \u00e0 la Russie\u00a0\u00bbSur le m\u00eame sujet<a href=\"https:\/\/www.bfmtv.com\/international\/asie\/russie\/video-guerre-en-ukraine-pour-bernard-henri-levy-ecrivain-l-europe-tient-tout-a-fait-son-rang-face-a-la-russie_VN-202509060319.html\" title=\"Guerre en Ukraine: pour Bernard-Henri L\u00e9vy, \u00e9crivain, &quot;l&#039;Europe tient tout \u00e0 fait son rang face \u00e0 la Russie&quot;\" rel=\"nofollow noopener\" target=\"_blank\"><img width=\"16\" height=\"9\" class=\"lozad\"  alt=\"Guerre en Ukraine: pour Bernard-Henri L\u00e9vy, \u00e9crivain, &quot;l'Europe tient tout \u00e0 fait son rang face \u00e0 la Russie&quot;\"\/>en lectureGuerre en Ukraine: pour Bernard-Henri L\u00e9vy, \u00e9crivain, \u00ab\u00a0l&rsquo;Europe tient tout \u00e0 fait son rang face \u00e0 la Russie\u00a0\u00bb<\/a><a href=\"https:\/\/www.bfmtv.com\/international\/asie\/russie\/video-guerre-en-ukraine-un-systeme-de-points-mis-en-place-pour-chaque-cible-russe-tuee_VN-202509060212.html\" title=\"Guerre en Ukraine : un syst\u00e8me de points mis en place pour chaque cible russe tu\u00e9e\" rel=\"nofollow noopener\" target=\"_blank\"><img width=\"16\" height=\"9\" class=\"lozad\"  alt=\"Guerre en Ukraine : un syst\u00e8me de points mis en place pour chaque cible russe tu\u00e9e\"\/>1:40Guerre en Ukraine : un syst\u00e8me de points mis en place pour chaque cible russe tu\u00e9e<\/a><a href=\"https:\/\/www.bfmtv.com\/international\/asie\/russie\/video-gaza-si-le-hamas-ne-libere-pas-les-otages-ca-va-etre-desagreable-declare-donald-trump_VN-202509050914.html\" title=\"Gaza: si le Hamas ne lib\u00e8re pas les otages, &quot;\u00e7a va \u00eatre d\u00e9sagr\u00e9able&quot;, d\u00e9clare Donald Trump\" rel=\"nofollow noopener\" target=\"_blank\"><img width=\"16\" height=\"9\" class=\"lozad\"  alt=\"Gaza: si le Hamas ne lib\u00e8re pas les otages, &quot;\u00e7a va \u00eatre d\u00e9sagr\u00e9able&quot;, d\u00e9clare Donald Trump\"\/>2:05Gaza: si le Hamas ne lib\u00e8re pas les otages, \u00ab\u00a0\u00e7a va \u00eatre d\u00e9sagr\u00e9able\u00a0\u00bb, d\u00e9clare Donald Trump<\/a><a href=\"https:\/\/www.bfmtv.com\/international\/asie\/russie\/video-donald-trump-assure-qu-il-va-mettre-un-terme-a-la-guerre-en-ukraine-meme-si-cela-s-est-avere-un-peu-plus-difficile_VN-202509050902.html\" title=\"Donald Trump assure qu&#039;il va mettre un terme \u00e0 la guerre en Ukraine m\u00eame si &quot;cela s&#039;est av\u00e9r\u00e9 un peu plus difficile&quot;\" rel=\"nofollow noopener\" target=\"_blank\"><img width=\"16\" height=\"9\" class=\"lozad\"  alt=\"Donald Trump assure qu'il va mettre un terme \u00e0 la guerre en Ukraine m\u00eame si &quot;cela s'est av\u00e9r\u00e9 un peu plus difficile&quot;\"\/>2:12Donald Trump assure qu&rsquo;il va mettre un terme \u00e0 la guerre en Ukraine m\u00eame si \u00ab\u00a0cela s&rsquo;est av\u00e9r\u00e9 un peu plus difficile\u00a0\u00bb<\/a><a href=\"https:\/\/www.bfmtv.com\/international\/amerique-nord\/etats-unis\/video-guerre-en-ukraine-les-europeens-epongent-ce-que-donald-trump-dit-estime-sebastien-boussois-docteur-en-sciences-politiques_VN-202509050900.html\" title=\"Guerre en Ukraine: &quot;Les Europ\u00e9ens \u00e9pongent ce que Donald Trump dit&quot;, estime S\u00e9bastien Boussois, docteur en sciences politiques\" rel=\"nofollow noopener\" target=\"_blank\"><img width=\"16\" height=\"9\" class=\"lozad\"  alt=\"Guerre en Ukraine: &quot;Les Europ\u00e9ens \u00e9pongent ce que Donald Trump dit&quot;, estime S\u00e9bastien Boussois, docteur en sciences politiques\"\/>1:42Guerre en Ukraine: \u00ab\u00a0Les Europ\u00e9ens \u00e9pongent ce que Donald Trump dit\u00a0\u00bb, estime S\u00e9bastien Boussois, docteur en sciences politiques<\/a><a href=\"https:\/\/www.bfmtv.com\/international\/asie\/russie\/video-ukraine-macron-j-ai-l-impression-d-avoir-en-face-de-moi-un-president-qui-veut-la-guerre-declare-henri-guaino-ancien-conseiller-special-de-nicolas-sarkozy_VN-202509050464.html\" title=\"Ukraine\/Macron: &quot;J&#039;ai l&#039;impression d&#039;avoir en face de moi un pr\u00e9sident qui veut la guerre&quot;, d\u00e9clare Henri Guaino, ancien conseiller sp\u00e9cial de Nicolas Sarkozy \" rel=\"nofollow noopener\" target=\"_blank\"><img width=\"16\" height=\"9\" class=\"lozad\"  alt=\"Ukraine\/Macron: &quot;J'ai l'impression d'avoir en face de moi un pr\u00e9sident qui veut la guerre&quot;, d\u00e9clare Henri Guaino, ancien conseiller sp\u00e9cial de Nicolas Sarkozy \"\/>1:55Ukraine\/Macron: \u00ab\u00a0J&rsquo;ai l&rsquo;impression d&rsquo;avoir en face de moi un pr\u00e9sident qui veut la guerre\u00a0\u00bb, d\u00e9clare Henri Guaino, ancien conseiller sp\u00e9cial de Nicolas Sarkozy<\/a><a href=\"https:\/\/www.bfmtv.com\/international\/asie\/russie\/video-il-avait-fabrique-plusieurs-petites-bombes-espions-de-poutine-la-nouvelle-menace-un-document-ligne-rouge-a-retrouver-ce-dimanche_VN-202509050261.html\" title=\"&quot;Il avait fabriqu\u00e9 plusieurs petites bombes&quot;: &quot;Espions de Poutine, la nouvelle menace&quot;, un document Ligne Rouge \u00e0 retrouver ce dimanche\" rel=\"nofollow noopener\" target=\"_blank\"><img width=\"16\" height=\"9\" class=\"lozad\"  alt=\"&quot;Il avait fabriqu\u00e9 plusieurs petites bombes&quot;: &quot;Espions de Poutine, la nouvelle menace&quot;, un document Ligne Rouge \u00e0 retrouver ce dimanche\"\/>3:17&Prime;Il avait fabriqu\u00e9 plusieurs petites bombes\u00a0\u00bb: \u00ab\u00a0Espions de Poutine, la nouvelle menace\u00a0\u00bb, un document Ligne Rouge \u00e0 retrouver ce dimanche<\/a><a href=\"https:\/\/www.bfmtv.com\/economie\/replay-emissions\/le-monde-qui-bouge\/video-annalisa-cappellini-ukraine-le-reveil-europeen-05-09_VN-202509050175.html\" title=\"Annalisa Cappellini : Ukraine, le r\u00e9veil europ\u00e9en - 05\/09\" rel=\"nofollow noopener\" target=\"_blank\"><img width=\"16\" height=\"9\" class=\"lozad\"  alt=\"Annalisa Cappellini : Ukraine, le r\u00e9veil europ\u00e9en - 05\/09\"\/>3:51Annalisa Cappellini : Ukraine, le r\u00e9veil europ\u00e9en &#8211; 05\/09<\/a><a href=\"https:\/\/www.bfmtv.com\/international\/asie\/russie\/video-guerre-en-ukraine-emmanuel-macron-annonce-que-26-pays-se-sont-formellement-engages-a-deployer-des-troupes-dans-le-cadre-d-un-cessez-le-feu_VN-202509050097.html\" title=\"Guerre en Ukraine: Emmanuel Macron annonce que 26 pays &quot;se sont formellement engag\u00e9s&quot; \u00e0 d\u00e9ployer des troupes dans le cadre d&#039;un cessez-le-feu\" rel=\"nofollow noopener\" target=\"_blank\"><img width=\"16\" height=\"9\" class=\"lozad\"  alt=\"Guerre en Ukraine: Emmanuel Macron annonce que 26 pays &quot;se sont formellement engag\u00e9s&quot; \u00e0 d\u00e9ployer des troupes dans le cadre d'un cessez-le-feu\"\/>0:45Guerre en Ukraine: Emmanuel Macron annonce que 26 pays \u00ab\u00a0se sont formellement engag\u00e9s\u00a0\u00bb \u00e0 d\u00e9ployer des troupes dans le cadre d&rsquo;un cessez-le-feu<\/a><a href=\"https:\/\/www.bfmtv.com\/police-justice\/video-quatre-affiches-pro-russes-collees-sur-l-arc-de-triomphe-une-ingerence-etrangere-suspectee_VN-202509050091.html\" title=\"Quatre affiches pro-russes coll\u00e9es sur l&#039;Arc de Triomphe, une ing\u00e9rence \u00e9trang\u00e8re suspect\u00e9e\" rel=\"nofollow noopener\" target=\"_blank\"><img width=\"16\" height=\"9\" class=\"lozad\"  alt=\"Quatre affiches pro-russes coll\u00e9es sur l'Arc de Triomphe, une ing\u00e9rence \u00e9trang\u00e8re suspect\u00e9e\"\/>0:27Quatre affiches pro-russes coll\u00e9es sur l&rsquo;Arc de Triomphe, une ing\u00e9rence \u00e9trang\u00e8re suspect\u00e9e<\/a><a href=\"https:\/\/www.bfmtv.com\/international\/asie\/chine\/video-atteindre-l-immortalite-vladimir-poutine-repond-sur-son-echange-avec-xi-jinping_VN-202509040948.html\" title=\"&quot;Atteindre l&#039;immortalit\u00e9&quot;: Vladimir Poutine r\u00e9pond sur son \u00e9change avec Xi Jinping\" rel=\"nofollow noopener\" target=\"_blank\"><img width=\"16\" height=\"9\" class=\"lozad\"  alt=\"&quot;Atteindre l'immortalit\u00e9&quot;: Vladimir Poutine r\u00e9pond sur son \u00e9change avec Xi Jinping\"\/>1:17&Prime;Atteindre l&rsquo;immortalit\u00e9\u00a0\u00bb: Vladimir Poutine r\u00e9pond sur son \u00e9change avec Xi Jinping<\/a><a href=\"https:\/\/www.bfmtv.com\/international\/asie\/russie\/video-guerre-russo-ukrainienne-il-s-agit-de-fournir-a-l-ukraine-les-moyens-de-se-defendre-contre-une-nouvelle-attaque-de-la-russie-souligne-bernard-guetta-depute-europeen-renew_VN-202509040922.html\" title=\"Guerre russo-ukrainienne: &quot;Il s&#039;agit de fournir \u00e0 l&#039;Ukraine les moyens de se d\u00e9fendre contre une nouvelle attaque de la Russie&quot;, souligne Bernard Guetta, d\u00e9put\u00e9 Europ\u00e9en Renew\" rel=\"nofollow noopener\" target=\"_blank\"><img width=\"16\" height=\"9\" class=\"lozad\"  alt=\"Guerre russo-ukrainienne: &quot;Il s'agit de fournir \u00e0 l'Ukraine les moyens de se d\u00e9fendre contre une nouvelle attaque de la Russie&quot;, souligne Bernard Guetta, d\u00e9put\u00e9 Europ\u00e9en Renew\"\/>0:38Guerre russo-ukrainienne: \u00ab\u00a0Il s&rsquo;agit de fournir \u00e0 l&rsquo;Ukraine les moyens de se d\u00e9fendre contre une nouvelle attaque de la Russie\u00a0\u00bb, souligne Bernard Guetta, d\u00e9put\u00e9 Europ\u00e9en Renew<\/a><a href=\"https:\/\/www.bfmtv.com\/international\/asie\/russie\/video-guerre-en-ukraine-nous-voyons-comme-une-des-garanties-de-securite-notre-adhesion-a-l-union-europeenne-indique-volodymyr-zelensky-president-de-l-ukraine_VN-202509040650.html\" title=\"Guerre en Ukraine: &quot;Nous voyons comme une des garanties de s\u00e9curit\u00e9 notre adh\u00e9sion \u00e0 l&#039;Union europ\u00e9enne&quot;, indique Volodymyr Zelensky, pr\u00e9sident de l&#039;Ukraine\" rel=\"nofollow noopener\" target=\"_blank\"><img width=\"16\" height=\"9\" class=\"lozad\"  alt=\"Guerre en Ukraine: &quot;Nous voyons comme une des garanties de s\u00e9curit\u00e9 notre adh\u00e9sion \u00e0 l'Union europ\u00e9enne&quot;, indique Volodymyr Zelensky, pr\u00e9sident de l'Ukraine\"\/>2:09Guerre en Ukraine: \u00ab\u00a0Nous voyons comme une des garanties de s\u00e9curit\u00e9 notre adh\u00e9sion \u00e0 l&rsquo;Union europ\u00e9enne\u00a0\u00bb, indique Volodymyr Zelensky, pr\u00e9sident de l&rsquo;Ukraine<\/a><a href=\"https:\/\/www.bfmtv.com\/international\/asie\/russie\/video-conflit-en-ukraine-nous-ne-voyons-pas-de-volonte-de-la-part-des-russes-de-mettre-fin-a-cette-guerre-deplore-volodymyr-zelensky_VN-202509040649.html\" title=\"Conflit en Ukraine: &quot;Nous ne voyons pas de volont\u00e9 de la part des Russes de mettre fin \u00e0 cette guerre&quot;, d\u00e9plore Volodymyr Zelensky\" rel=\"nofollow noopener\" target=\"_blank\"><img width=\"16\" height=\"9\" class=\"lozad\"  alt=\"Conflit en Ukraine: &quot;Nous ne voyons pas de volont\u00e9 de la part des Russes de mettre fin \u00e0 cette guerre&quot;, d\u00e9plore Volodymyr Zelensky\"\/>1:26Conflit en Ukraine: \u00ab\u00a0Nous ne voyons pas de volont\u00e9 de la part des Russes de mettre fin \u00e0 cette guerre\u00a0\u00bb, d\u00e9plore Volodymyr Zelensky<\/a><a class=\"jumpToVideo\" target=\"_blank\"><img class=\"thumbnailPreview\"\/><\/a><\/p>\n","protected":false},"excerpt":{"rendered":"Guerre en Ukraine: pour Bernard-Henri L\u00e9vy, \u00e9crivain, \u00ab\u00a0l&rsquo;Europe tient tout \u00e0 fait son rang face \u00e0 la Russie\u00a0\u00bbSur&hellip;\n","protected":false},"author":2,"featured_media":371197,"comment_status":"","ping_status":"","sticky":false,"template":"","format":"standard","meta":{"footnotes":""},"categories":[1590],"tags":[11,1777,674,12,220],"class_list":{"0":"post-371196","1":"post","2":"type-post","3":"status-publish","4":"format-standard","5":"has-post-thumbnail","7":"category-ukraine","8":"tag-actualites","9":"tag-eu","10":"tag-europe","11":"tag-news","12":"tag-ukraine"},"share_on_mastodon":{"url":"https:\/\/pubeurope.com\/@fr\/115158728292515222","error":""},"_links":{"self":[{"href":"https:\/\/www.europesays.com\/fr\/wp-json\/wp\/v2\/posts\/371196","targetHints":{"allow":["GET"]}}],"collection":[{"href":"https:\/\/www.europesays.com\/fr\/wp-json\/wp\/v2\/posts"}],"about":[{"href":"https:\/\/www.europesays.com\/fr\/wp-json\/wp\/v2\/types\/post"}],"author":[{"embeddable":true,"href":"https:\/\/www.europesays.com\/fr\/wp-json\/wp\/v2\/users\/2"}],"replies":[{"embeddable":true,"href":"https:\/\/www.europesays.com\/fr\/wp-json\/wp\/v2\/comments?post=371196"}],"version-history":[{"count":0,"href":"https:\/\/www.europesays.com\/fr\/wp-json\/wp\/v2\/posts\/371196\/revisions"}],"wp:featuredmedia":[{"embeddable":true,"href":"https:\/\/www.europesays.com\/fr\/wp-json\/wp\/v2\/media\/371197"}],"wp:attachment":[{"href":"https:\/\/www.europesays.com\/fr\/wp-json\/wp\/v2\/media?parent=371196"}],"wp:term":[{"taxonomy":"category","embeddable":true,"href":"https:\/\/www.europesays.com\/fr\/wp-json\/wp\/v2\/categories?post=371196"},{"taxonomy":"post_tag","embeddable":true,"href":"https:\/\/www.europesays.com\/fr\/wp-json\/wp\/v2\/tags?post=371196"}],"curies":[{"name":"wp","href":"https:\/\/api.w.org\/{rel}","templated":true}]}}