{"id":371200,"date":"2025-09-06T18:19:13","date_gmt":"2025-09-06T18:19:13","guid":{"rendered":"https:\/\/www.europesays.com\/fr\/371200\/"},"modified":"2025-09-06T18:19:13","modified_gmt":"2025-09-06T18:19:13","slug":"150-arrestations-lors-dun-nouveau-rassemblement-de-soutien-a-palestine-action","status":"publish","type":"post","link":"https:\/\/www.europesays.com\/fr\/371200\/","title":{"rendered":"150 arrestations lors d\u2019un nouveau rassemblement de soutien \u00e0 Palestine Action"},"content":{"rendered":"<p>Le mouvement a \u00e9t\u00e9 ajout\u00e9 d\u00e9but juillet \u00e0 la liste des organisations consid\u00e9r\u00e9es comme \u00abterroristes\u00bb au Royaume-Uni, apr\u00e8s des actes de vandalisme perp\u00e9tr\u00e9s par ses militants, notamment sur une base de l\u2019arm\u00e9e de l\u2019air.<\/p>\n<p class=\"fig-paragraph\">Quelque 150 personnes ont \u00e9t\u00e9 arr\u00eat\u00e9es ce samedi 6 septembre lors d&rsquo;une nouvelle manifestation \u00e0 Londres de soutien au\u00a0<a href=\"http:\/\/www.lefigaro.fr\/international\/royaume-uni-cinq-militants-arretes-avant-une-action-de-soutien-a-palestine-action-20250902\" target=\"_blank\" data-fig-type=\"NewsFlash\" rel=\"noopener\" data-gtm-custom-categorie=\"navigation\" data-gtm-custom-action=\"crossclick\" data-gtm-custom-label=\"Contextuel\" data-gtm-event=\"customEventSPE\" data-fig-domain=\"LEFIGARO\">groupe Palestine Action<\/a>, class\u00e9 comme \u00abterroriste\u00bb et interdit depuis d\u00e9but juillet, a indiqu\u00e9 la police londonienne. Plusieurs centaines de personnes se sont r\u00e9unies \u00e0 la mi-journ\u00e9e devant le parlement britannique, bravant le risque d&rsquo;arrestation, en brandissant des pancartes\u00a0: \u00abJe m&rsquo;oppose au g\u00e9nocide. Je soutiens Palestine Action.\u00bb<\/p>\n<p class=\"fig-paragraph\">Vendredi, la police avait pr\u00e9venu qu&rsquo;elle n&rsquo;h\u00e9siterait pas \u00e0 interpeller toute personne qui manifesterait explicitement son soutien \u00e0 Palestine Action. \u00abNous ne sommes pas des terroristes (&#8230;) Nous devons dire que Palestine Action a le droit d&rsquo;exister. L&rsquo;interdiction doit \u00eatre annul\u00e9e\u00bb, affirme Polly Smith, retrait\u00e9e de 74 ans.<\/p>\n<p>                                    <a class=\"fig-a11y-skip a11y-hidden\" href=\"#fig-a11y-skip-main-inarticle\"><br \/>\n        Passer la publicit\u00e9<br \/>\n    <\/a><\/p>\n<p>\u00abViolence envers un policier\u00bb<\/p>\n<p class=\"fig-paragraph\">\u00abNotre gouvernement a d\u00e9cid\u00e9 d&rsquo;interdire une organisation. C&rsquo;est totalement d\u00e9plac\u00e9 et il devrait passer plus de temps \u00e0 \u0153uvrer pour tenter d&rsquo;arr\u00eater le g\u00e9nocide (\u00e0 Gaza) plut\u00f4t que d&rsquo;essayer d&rsquo;arr\u00eater des manifestations\u00bb, affirme aussi \u00e0 l&rsquo;AFP Nigel, 62 ans, dirigeant d&rsquo;une entreprise de recyclage tenant une pancarte de soutien \u00e0 Palestine Action. Il a \u00e9t\u00e9 interpell\u00e9 par la police, sous les cris de \u00abHonte \u00e0 vous\u00bb lanc\u00e9s par d&rsquo;autres manifestants.<\/p>\n<p class=\"fig-paragraph\">Des tensions ont eu lieu entre les forces de l&rsquo;ordre et des participants qui ont tent\u00e9 d&#8217;emp\u00eacher les arrestations. Parmi les 150 personnes interpell\u00e9es, certaines l&rsquo;ont \u00e9t\u00e9 pour \u00abviolence envers un policier\u00bb, a pr\u00e9cis\u00e9 la Met Police sur X.<\/p>\n<p>Interdiction \u00abdisproportionn\u00e9e\u00bb<\/p>\n<p class=\"fig-paragraph\">Le mouvement a \u00e9t\u00e9 ajout\u00e9 d\u00e9but juillet \u00e0 la liste des organisations consid\u00e9r\u00e9es comme \u00abterroristes\u00bb au Royaume-Uni, apr\u00e8s des actes de vandalisme perp\u00e9tr\u00e9s par ses militants, notamment sur une base de l&rsquo;arm\u00e9e de l&rsquo;air. Le groupe Defend Our Juries organise depuis des manifestations pour protester contre cette interdiction, qui a \u00e9t\u00e9 jug\u00e9e \u00abdisproportionn\u00e9e\u00bb par l&rsquo;ONU.<\/p>\n<p class=\"fig-paragraph\">Avant la mobilisation de samedi, plus de 800 personnes avaient d\u00e9j\u00e0 \u00e9t\u00e9 arr\u00eat\u00e9es, et 138 inculp\u00e9es de soutien ou d&rsquo;incitation au soutien \u00e0 une organisation terroriste. Elles risquent pour la plupart six mois de prison. Celles consid\u00e9r\u00e9es comme des organisateurs des rassemblements risquent jusqu&rsquo;\u00e0 14 ans d&#8217;emprisonnement.<\/p>\n<p class=\"fig-paragraph\">La cofondatrice de Palestine Action, Huda Ammori, a \u00e9t\u00e9 autoris\u00e9e \u00e0 contester en justice l&rsquo;interdiction du mouvement. Le gouvernement a obtenu le droit de faire appel de cette autorisation. Une autre manifestation propalestinienne a rassembl\u00e9 samedi plusieurs milliers de personnes dans les rues de Londres, au moment o\u00f9\u00a0<a href=\"http:\/\/www.lefigaro.fr\/international\/dossier\/frappes-d-israel-sur-l-iran-notre-dossier-pour-tout-comprendre\" target=\"_blank\" data-fig-type=\"Topic\" rel=\"noopener\" data-gtm-custom-categorie=\"navigation\" data-gtm-custom-action=\"crossclick\" data-gtm-custom-label=\"Contextuel\" data-gtm-event=\"customEventSPE\" data-fig-domain=\"LEFIGARO\">Isra\u00ebl m\u00e8ne de nouvelles frappes sur Gaza<\/a>, dans le but affich\u00e9 de s&#8217;emparer de la ville de Gaza pour venir \u00e0 bout du Hamas.<\/p>\n","protected":false},"excerpt":{"rendered":"Le mouvement a \u00e9t\u00e9 ajout\u00e9 d\u00e9but juillet \u00e0 la liste des organisations consid\u00e9r\u00e9es comme \u00abterroristes\u00bb au Royaume-Uni, apr\u00e8s&hellip;\n","protected":false},"author":2,"featured_media":371201,"comment_status":"","ping_status":"","sticky":false,"template":"","format":"standard","meta":{"footnotes":""},"categories":[1588],"tags":[11,3259,1777,674,12,3518,473,1853,1851,1850,1852],"class_list":{"0":"post-371200","1":"post","2":"type-post","3":"status-publish","4":"format-standard","5":"has-post-thumbnail","7":"category-royaume-uni","8":"tag-actualites","9":"tag-conflit-israelo-palestinien","10":"tag-eu","11":"tag-europe","12":"tag-news","13":"tag-palestine","14":"tag-royaume-uni","15":"tag-royaume-uni-de-grande-bretagne-et-dirlande-du-nord","16":"tag-uk","17":"tag-united-kingdom","18":"tag-united-kingdom-of-great-britain-and-northern-ireland"},"share_on_mastodon":{"url":"https:\/\/pubeurope.com\/@fr\/115158736179634976","error":""},"_links":{"self":[{"href":"https:\/\/www.europesays.com\/fr\/wp-json\/wp\/v2\/posts\/371200","targetHints":{"allow":["GET"]}}],"collection":[{"href":"https:\/\/www.europesays.com\/fr\/wp-json\/wp\/v2\/posts"}],"about":[{"href":"https:\/\/www.europesays.com\/fr\/wp-json\/wp\/v2\/types\/post"}],"author":[{"embeddable":true,"href":"https:\/\/www.europesays.com\/fr\/wp-json\/wp\/v2\/users\/2"}],"replies":[{"embeddable":true,"href":"https:\/\/www.europesays.com\/fr\/wp-json\/wp\/v2\/comments?post=371200"}],"version-history":[{"count":0,"href":"https:\/\/www.europesays.com\/fr\/wp-json\/wp\/v2\/posts\/371200\/revisions"}],"wp:featuredmedia":[{"embeddable":true,"href":"https:\/\/www.europesays.com\/fr\/wp-json\/wp\/v2\/media\/371201"}],"wp:attachment":[{"href":"https:\/\/www.europesays.com\/fr\/wp-json\/wp\/v2\/media?parent=371200"}],"wp:term":[{"taxonomy":"category","embeddable":true,"href":"https:\/\/www.europesays.com\/fr\/wp-json\/wp\/v2\/categories?post=371200"},{"taxonomy":"post_tag","embeddable":true,"href":"https:\/\/www.europesays.com\/fr\/wp-json\/wp\/v2\/tags?post=371200"}],"curies":[{"name":"wp","href":"https:\/\/api.w.org\/{rel}","templated":true}]}}