{"id":371204,"date":"2025-09-06T18:21:23","date_gmt":"2025-09-06T18:21:23","guid":{"rendered":"https:\/\/www.europesays.com\/fr\/371204\/"},"modified":"2025-09-06T18:21:23","modified_gmt":"2025-09-06T18:21:23","slug":"focus-sur-le-brouillage-et-le-spoofing","status":"publish","type":"post","link":"https:\/\/www.europesays.com\/fr\/371204\/","title":{"rendered":"focus sur le brouillage et le spoofing"},"content":{"rendered":"<p class=\"mb-4 text-lg md:leading-8 break-words\">La Russie a \u00e9t\u00e9 accus\u00e9e d&rsquo;avoir brouill\u00e9 le syst\u00e8me GPS \u00e0 bord de l&rsquo;avion transportant la pr\u00e9sidente de la Commission europ\u00e9enne, <a href=\"https:\/\/fr.news.yahoo.com\/bulgarie-fait-volte-face-brouillage-064940084.html\" data-ylk=\"slk:Ursula von der Leyen, en Bulgarie;elm:context_link;itc:0;sec:content-canvas;outcm:mb_qualified_link;_E:mb_qualified_link;ct:story;\" class=\"link  yahoo-link\" target=\"_blank\" rel=\"noopener\"><strong>Ursula von der Leyen, en Bulgarie<\/strong><\/a> le 31, ao\u00fbt dernier. L&rsquo;incident a contraint l&rsquo;avion \u00e0 atterrir dans la ville de <strong>Plovdiv<\/strong> en utilisant des cartes analogiques conventionnelles plut\u00f4t que le syst\u00e8me \u00e9lectronique standard.<\/p>\n<p class=\"mb-4 text-lg md:leading-8 break-words\">\u00ab\u00a0Nous pouvons confirmer qu&rsquo;il y a eu un brouillage du GPS, mais l&rsquo;avion a atterri sans encombre en Bulgarie. Nous avons re\u00e7u des informations des autorit\u00e9s bulgares selon lesquelles elles soup\u00e7onnent une ing\u00e9rence flagrante de la Russie\u00a0\u00bb, a d\u00e9clar\u00e9 un porte-parole de la Commission lundi apr\u00e8s l&rsquo;incident.<\/p>\n<p class=\"mb-4 text-lg md:leading-8 break-words\">Trois jours plus tard, les autorit\u00e9s bulgares <a href=\"https:\/\/fr.news.yahoo.com\/bulgarie-fait-volte-face-brouillage-064940084.html\" data-ylk=\"slk:ont d\u00e9menti ces affirmations;elm:context_link;itc:0;sec:content-canvas;outcm:mb_qualified_link;_E:mb_qualified_link;ct:story;\" class=\"link  yahoo-link\" target=\"_blank\" rel=\"noopener\"><strong>ont d\u00e9menti ces affirmations<\/strong><\/a>, d\u00e9clarant qu&rsquo;il n&rsquo;y avait \u00ab\u00a0<strong>aucune preuve<\/strong>\u00a0\u00bb d&rsquo;une \u00ab\u00a0interf\u00e9rence prolong\u00e9e ou d&rsquo;un brouillage\u00a0\u00bb du signal GPS de l&rsquo;avion de Mme von der Leyen.<\/p>\n<p class=\"mb-4 text-lg md:leading-8 break-words\">Le Premier ministre bulgare Rossen Jeliazkov a d\u00e9clar\u00e9 mardi que le pays n&rsquo;enqu\u00eaterait pas sur l&rsquo;incident de brouillage de l&rsquo;avion de Mme von der Leyen parce que \u00ab\u00a0de telles choses se produisent tous les jours\u00a0\u00bb.<\/p>\n<p class=\"mb-4 text-lg md:leading-8 break-words\">Mais jeudi, son ministre des Transports, Grozdan Karadjov, a ni\u00e9 que le gouvernement ait soumis des informations \u00e0 ce sujet \u00e0 la Commission europ\u00e9enne, contredisant ainsi l&rsquo;affirmation de la Commission selon laquelle les autorit\u00e9s bulgares soup\u00e7onnaient la perturbation d&rsquo;\u00eatre le r\u00e9sultat de la guerre hybride men\u00e9e par le Kremlin.<\/p>\n<p><img alt=\"Ursula von der Leyen, pr\u00e9sidente de la Commission europ\u00e9enne, lors de sa visite \u00e0 la base a\u00e9rienne de Mihail Kogalniceanu, le 1er septembre 2025.\" loading=\"lazy\" width=\"808\" height=\"539\" decoding=\"async\" data-nimg=\"1\" class=\"rounded-lg\" style=\"color:transparent\" src=\"https:\/\/www.europesays.com\/fr\/wp-content\/uploads\/2025\/09\/d0e8d0cc017d8d832c57bc531a3d6065.jpeg\"\/><\/p>\n<p> Ursula von der Leyen, pr\u00e9sidente de la Commission europ\u00e9enne, lors de sa visite \u00e0 la base a\u00e9rienne Mihail Kogalniceanu, 1er septembre 2025.   &#8211; AP Photo <\/p>\n<p class=\"mb-4 text-lg md:leading-8 break-words\"><strong>John Hardie<\/strong>, directeur adjoint du programme Russie de la Fondation pour la d\u00e9fense des d\u00e9mocraties, a d\u00e9clar\u00e9 \u00e0 Euronews que bien qu&rsquo;il ne soit pas clair s&rsquo;il s&rsquo;agissait d&rsquo;une cyberattaque ou d&rsquo;une attaque de guerre \u00e9lectronique plus traditionnelle, \u00ab\u00a0les Russes ont certainement des capacit\u00e9s dans ces deux domaines qui auraient pu \u00eatre potentiellement impliqu\u00e9es\u00a0\u00bb.<\/p>\n<p class=\"mb-4 text-lg md:leading-8 break-words\">\u00ab\u00a0Si l&rsquo;on se base sur la port\u00e9e de cet a\u00e9roport, en particulier depuis la Crim\u00e9e, ou sur d&rsquo;autres moyens de guerre \u00e9lectronique russes, je ne vois pas tr\u00e8s bien comment les Russes auraient pu faire cela, mais il est certain qu&rsquo;u*ne telle action est tout \u00e0 fait dans leurs cordes et qu&rsquo;elle serait coh\u00e9rente avec d&rsquo;autres actions similaires men\u00e9es par les Russes contre des gouvernements et des entreprises europ\u00e9ens*\u00a0\u00bb, a-t-il ajout\u00e9.<\/p>\n<p><strong>Les interf\u00e9rences GPS en forte augmentation depuis 2022<\/strong><\/p>\n<p class=\"mb-4 text-lg md:leading-8 break-words\">Dans une lettre envoy\u00e9e en mai, les ministres europ\u00e9ens ont signal\u00e9 que le brouillage et l&rsquo;usurpation du GPS avaient \u00e9t\u00e9 observ\u00e9s depuis 2022 dans la r\u00e9gion de la mer Baltique, principalement par la Russie et la Bi\u00e9lorussie, et que l&rsquo;interf\u00e9rence du GPS par les avions avait augment\u00e9 de fa\u00e7on spectaculaire depuis le mois d&rsquo;ao\u00fbt 2024.<\/p>\n<p class=\"mb-4 text-lg md:leading-8 break-words\"><strong>La Lituanie a enregistr\u00e9 plus de 1 000 cas d&rsquo;interf\u00e9rences GPS en juin<\/strong>, soit 22 fois plus qu&rsquo;en juin 2024, selon l&rsquo;autorit\u00e9 de r\u00e9gulation des communications du pays. <strong>En Estonie<\/strong>, 85 % des vols ont \u00e9t\u00e9 affect\u00e9s par des interf\u00e9rences GPS, selon les autorit\u00e9s. <strong>La Pologne<\/strong> a enregistr\u00e9 2 732 cas de brouillage et d&rsquo;usurpation de GPS en janvier 2025.<\/p>\n<p class=\"mb-4 text-lg md:leading-8 break-words\">Pour les amateurs, <a href=\"https:\/\/gpsjam.org\/\" rel=\"nofollow noopener\" target=\"_blank\" data-ylk=\"slk:un site;elm:context_link;itc:0;sec:content-canvas\" class=\"link \"><strong>un site<\/strong><\/a> permet d&rsquo;ailleurs de suivre les perturbations ou les brouillages des GPS en Europe et dans le monde depuis 2022. On y constate que les environs de la Mer Baltique sont particuli\u00e8rement touch\u00e9s par le ph\u00e9nom\u00e8ne.<\/p>\n<p class=\"mb-4 text-lg md:leading-8 break-words\">Euronews s&rsquo;est entretenu avec un pilote travaillant pour l&rsquo;une des compagnies a\u00e9riennes europ\u00e9ennes au sujet de son exp\u00e9rience, qui a confirm\u00e9 que les avions volant pr\u00e8s de l&rsquo;Ukraine, d&rsquo;Isra\u00ebl et du Moyen-Orient ont connu davantage de cas de brouillage de leur syst\u00e8me GPS.<\/p>\n<p class=\"mb-4 text-lg md:leading-8 break-words\">Le pilote a d\u00e9crit cette exp\u00e9rience comme \u00ab\u00a0quelque chose dont on ne se souvient pas toute sa vie, mais ce n&rsquo;est pas non plus quelque chose qui arrive tous les jours\u00a0\u00bb.<\/p>\n<p class=\"mb-4 text-lg md:leading-8 break-words\">Selon lui, la grande question est de savoir si le brouillage est intentionnel ou non, car \u00ab\u00a0<strong>dans l&rsquo;histoire de l&rsquo;aviation, il n&rsquo;y a jamais eu d&rsquo;interf\u00e9rence malveillante visant les avions de ligne<\/strong>\u00a0\u00bb et la plupart des pilotes dont les avions sont affect\u00e9s par le brouillage n&rsquo;ont aucun moyen de savoir s&rsquo;il \u00e9tait intentionnel ou non.<\/p>\n<blockquote class=\"mb-4 border-l-2 pl-5 italic text-tertiary\">\n<p class=\"mb-4 text-lg md:leading-8 break-words\">Nous sommes tous sur le flanc Est, que vous viviez \u00e0 Londres ou \u00e0 Tallinn<\/p>\n<\/blockquote>\n<p><strong>Enqu\u00eate sur d&rsquo;\u00e9ventuels liens avec la Russie<\/strong><\/p>\n<p class=\"mb-4 text-lg md:leading-8 break-words\">L&rsquo;OTAN a d\u00e9clar\u00e9 qu&rsquo;elle s&rsquo;effor\u00e7ait de contrer le brouillage des vols civils par la Russie. Le Secr\u00e9taire g\u00e9n\u00e9ral de l&rsquo;Alliance, Mark Rutte, a d\u00e9clar\u00e9 que l&rsquo;ensemble du continent \u00e9tait \u00ab\u00a0directement menac\u00e9 par les Russes\u00a0\u00bb.<\/p>\n<p class=\"mb-4 text-lg md:leading-8 break-words\">\u00ab\u00a0Nous sommes tous sur le flanc Est, que vous viviez \u00e0 Londres ou \u00e0 Tallinn\u00a0\u00bb, a-t-il dit.<\/p>\n<p class=\"mb-4 text-lg md:leading-8 break-words\">John Hardie, de la Fondation pour la d\u00e9fense des d\u00e9mocraties, a d\u00e9clar\u00e9 \u00e0 Euronews que la menace pourrait m\u00eame venir de l&rsquo;int\u00e9rieur du territoire de l&rsquo;UE.<\/p>\n<p class=\"mb-4 text-lg md:leading-8 break-words\">\u00ab\u00a0Si les Russes sont effectivement impliqu\u00e9s, une autre possibilit\u00e9 est une sorte d&rsquo;acteur local sur le terrain avec une capacit\u00e9 de guerre \u00e9lectronique. Cela correspondrait au modus operandi que nous avons vu les Russes utiliser ailleurs en Europe, en recrutant des locaux, souvent par l&rsquo;interm\u00e9diaire de Telegram, le r\u00e9seau social russe, pour mener des activit\u00e9s subversives au nom des services de renseignement russes\u00a0\u00bb, a-t-il expliqu\u00e9.<\/p>\n<p><img alt=\"Le secr\u00e9taire g\u00e9n\u00e9ral de l'OTAN, Mark Rutte, s'exprime lors d'une conf\u00e9rence de presse au si\u00e8ge de l'OTAN \u00e0 Bruxelles, le 3 septembre 2025.\" loading=\"lazy\" width=\"808\" height=\"539\" decoding=\"async\" data-nimg=\"1\" class=\"rounded-lg\" style=\"color:transparent\" src=\"https:\/\/www.europesays.com\/fr\/wp-content\/uploads\/2025\/09\/73d5986e9dd87d02eb2f7af0f347fcc2.jpeg\"\/><\/p>\n<p> Le secr\u00e9taire g\u00e9n\u00e9ral de l&rsquo;OTAN, Mark Rutte, s&rsquo;exprime lors d&rsquo;une conf\u00e9rence de presse au si\u00e8ge de l&rsquo;OTAN \u00e0 Bruxelles, le 3 septembre 2025.   &#8211; AP Photo <\/p>\n<p class=\"mb-4 text-lg md:leading-8 break-words\">John Hardie a soulign\u00e9 que cette possibilit\u00e9 s&rsquo;inscrirait dans le cadre d&rsquo;une <strong>\u00ab\u00a0zone grise\u00a0\u00bb<\/strong> ou d&rsquo;une \u00ab\u00a0campagne de mesures actives que les Russes m\u00e8nent depuis plusieurs ann\u00e9es contre les pays europ\u00e9ens\u00a0\u00bb.<\/p>\n<p class=\"mb-4 text-lg md:leading-8 break-words\">Ce qui serait important dans ce cas, selon John Hardie, ce n&rsquo;est pas seulement de brouiller n&rsquo;importe quel avion, mais de \u00ab\u00a0programmer l&rsquo;op\u00e9ration pour qu&rsquo;elle affecte l&rsquo;avion de ligne transportant Von der Leyen\u00a0\u00bb.<\/p>\n<p class=\"mb-4 text-lg md:leading-8 break-words\">\u00ab\u00a0Ce serait significatif et remarquable, surtout si les Russes op\u00e9raient par l&rsquo;interm\u00e9diaire d&rsquo;une sorte de mandataire local, de pouvoir programmer cette op\u00e9ration de mani\u00e8re \u00e0 ce qu&rsquo;elle ait un effet sur la cible vis\u00e9e &#8211; ce serait significatif\u00a0\u00bb.<\/p>\n<p><strong>Mesures actives<\/strong><\/p>\n<p class=\"mb-4 text-lg md:leading-8 break-words\">L&rsquo;Institut international d&rsquo;\u00e9tudes strat\u00e9giques (IISS) indique que le nombre d&rsquo;op\u00e9rations de sabotage russes en Europe a presque quadrupl\u00e9 entre 2023 et 2024.<\/p>\n<p class=\"mb-4 text-lg md:leading-8 break-words\">La base de donn\u00e9es de l&rsquo;IISS sur les op\u00e9rations de sabotage russes suspect\u00e9es et confirm\u00e9es ciblant l&rsquo;Europe, r\u00e9v\u00e8le que ces attaques ont vis\u00e9 les infrastructures critiques de l&rsquo;Europe et, ce malgr\u00e9 la sonnette d&rsquo;alarme tir\u00e9e par les responsables europ\u00e9ens de la s\u00e9curit\u00e9 et du renseignement.<\/p>\n<p class=\"mb-4 text-lg md:leading-8 break-words\">\u00ab\u00a0Depuis 2022 et l&rsquo;expulsion de centaines de ses officiers de renseignement des capitales europ\u00e9ennes, la Russie a \u00e9t\u00e9 tr\u00e8s efficace dans son recrutement en ligne de ressortissants de pays tiers pour contourner les mesures europ\u00e9ennes de contre-espionnage\u00a0\u00bb, a d\u00e9clar\u00e9 l&rsquo;IISS.<\/p>\n<p class=\"mb-4 text-lg md:leading-8 break-words\">Selon l&rsquo;IISS, certains Etats membres de l&rsquo;OTAN ont estim\u00e9 que la guerre non conventionnelle de la Russie faisait partie de ses pr\u00e9paratifs \u00e0 long terme en vue d&rsquo;une \u00e9ventuelle confrontation militaire avec l&rsquo;OTAN.<\/p>\n<p class=\"mb-4 text-lg md:leading-8 break-words\">John Hardie a d\u00e9clar\u00e9 \u00e0 Euronews qu&rsquo;au cours de l&rsquo;invasion \u00e0 grande \u00e9chelle de l&rsquo;Ukraine, \u00ab\u00a0Vladimir Poutine a montr\u00e9 qu&rsquo;il \u00e9tait tr\u00e8s r\u00e9ticent \u00e0 mener une agression militaire directe contre un membre de l&rsquo;OTAN\u00a0\u00bb.<\/p>\n<p class=\"mb-4 text-lg md:leading-8 break-words\">\u00ab\u00a0Il ne veut pas d&rsquo;une guerre avec les \u00c9tats-Unis, et pour cause, parce qu&rsquo;il perdrait tr\u00e8s probablement cette guerre, au moins sur le plan conventionnel. Mais, dans le m\u00eame temps, les Russes se sont montr\u00e9s tr\u00e8s agressifs en op\u00e9rant en dessous du seuil de la force militaire ouverte en menant certaines actions subversives\u00a0\u00bb, a-t-il ajout\u00e9.<\/p>\n<p class=\"mb-4 text-lg md:leading-8 break-words\">John Hardie ajoute qu&rsquo;il ne s&rsquo;attend pas \u00e0 ce que cette situation s&rsquo;att\u00e9nue, mais qu&rsquo;au contraire, Moscou pourrait pr\u00e9parer davantage de \u00ab\u00a0mesures actives\u00a0\u00bb.<\/p>\n<p class=\"mb-4 text-lg md:leading-8 break-words\">\u00ab\u00a0Les Russes pourraient intensifier ces mesures pour contrer les discussions sur les garanties de s\u00e9curit\u00e9 europ\u00e9ennes pour l&rsquo;Ukraine, auxquelles le Kremlin s&rsquo;oppose farouchement, pr\u00e9cis\u00e9ment parce qu&rsquo;elles contribueraient \u00e0 entraver les efforts de la Russie pour dominer l&rsquo;Ukraine.\u00a0\u00bb<\/p>\n<p class=\"mb-4 text-lg md:leading-8 break-words\"><strong>Mark Rutte<\/strong> a averti que tous les membres de l&rsquo;alliance \u00e9taient en danger, car \u00ab\u00a0<strong>la menace des Russes augmente chaque jour<\/strong>\u00ab\u00a0.<\/p>\n<p class=\"mb-4 text-lg md:leading-8 break-words\">\u00ab\u00a0Avec les derni\u00e8res technologies de missiles russes, par exemple, la diff\u00e9rence entre la Lituanie sur la ligne de front et le Luxembourg, La Haye ou Madrid est de cinq \u00e0 dix minutes. C&rsquo;est le temps qu&rsquo;il faut \u00e0 ce missile pour atteindre ces r\u00e9gions d&rsquo;Europe\u00a0\u00bb, a-t-il averti.<\/p>\n<p class=\"mb-4 text-lg md:leading-8 break-words\"><b class=\"c-widget-related__title__text\">Related<\/b><\/p>\n<p><strong>Comment l&rsquo;Europe peut-elle se prot\u00e9ger ?<\/strong><\/p>\n<p class=\"mb-4 text-lg md:leading-8 break-words\">\u00ab\u00a0Je peux vous assurer que nous travaillons jour et nuit pour contrer cela, pour l&#8217;emp\u00eacher et pour nous assurer qu&rsquo;ils ne recommenceront pas\u00a0\u00bb, a d\u00e9clar\u00e9 Mark Rutte.<\/p>\n<p class=\"mb-4 text-lg md:leading-8 break-words\">\u00ab\u00a0Nous nous sommes mis d&rsquo;accord sur des politiques visant \u00e0 \u00eatre plus efficaces dans ce domaine. J&rsquo;ai toujours d\u00e9test\u00e9 le mot \u00ab\u00a0hybride\u00a0\u00bb parce qu&rsquo;il semble si doux, mais c&rsquo;est exactement cela : le brouillage d&rsquo;avions commerciaux avec des effets potentiellement d\u00e9sastreux, une tentative d&rsquo;assassinat d&rsquo;un grand industriel dans l&rsquo;un des pays alli\u00e9s de l&rsquo;OTAN, l&rsquo;attaque du service national de sant\u00e9 au Royaume-Uni\u00a0\u00bb, a-t-il ajout\u00e9.<\/p>\n<p class=\"mb-4 text-lg md:leading-8 break-words\">Le commissaire europ\u00e9en charg\u00e9 de la d\u00e9fense et de l&rsquo;espace, <strong>Andrius Kubilius<\/strong>, a d\u00e9clar\u00e9 que l&rsquo;Union europ\u00e9enne pr\u00e9voyait de d\u00e9ployer des satellites suppl\u00e9mentaires en orbite basse afin de renforcer ses d\u00e9fenses contre les interf\u00e9rences du GPS et d&rsquo;am\u00e9liorer ses capacit\u00e9s de d\u00e9tection.<\/p>\n<p><img alt=\"Un avion Douglas DC-6B conduit l'\u00e9quipe de voltige des Flying Bulls Red Bull au-dessus de la piste de l'a\u00e9roport Aurel Vlaicu, le 30 ao\u00fbt 2025.\" loading=\"lazy\" width=\"808\" height=\"539\" decoding=\"async\" data-nimg=\"1\" class=\"rounded-lg\" style=\"color:transparent\" src=\"https:\/\/www.europesays.com\/fr\/wp-content\/uploads\/2025\/09\/ee81ff384c17f769fee984492b33737e.jpeg\"\/><\/p>\n<p> Un avion Douglas DC-6B conduit l&rsquo;\u00e9quipe de voltige a\u00e9rienne Flying Bulls Red Bull au-dessus de la piste de l&rsquo;a\u00e9roport Aurel Vlaicu, 30 ao\u00fbt 2025.   &#8211; AP Photo <\/p>\n<p class=\"mb-4 text-lg md:leading-8 break-words\">En attendant, les pilotes sont form\u00e9s pour faire face \u00e0 ces sc\u00e9narios et sont familiaris\u00e9s avec d&rsquo;autres m\u00e9thodes de navigation. M\u00eame un brouillage d\u00e9lib\u00e9r\u00e9 du GPS n&rsquo;indique pas qu'\u00a0\u00bbils n&rsquo;essayaient pas de faire tomber l&rsquo;avion\u00a0\u00bb, a d\u00e9clar\u00e9 \u00e0 Euronews le pilote d&rsquo;une compagnie a\u00e9rienne commerciale, qui a souhait\u00e9 garder l&rsquo;anonymat.<\/p>\n<p class=\"mb-4 text-lg md:leading-8 break-words\">L&rsquo;Institut international d&rsquo;\u00e9tudes strat\u00e9giques a d\u00e9clar\u00e9 qu&rsquo;aucune mort civile confirm\u00e9e n&rsquo;a \u00e9t\u00e9 directement li\u00e9e aux op\u00e9rations de sabotage russes en Europe depuis l&rsquo;invasion de l&rsquo;Ukraine en 2022.<\/p>\n<p class=\"mb-4 text-lg md:leading-8 break-words\">\u00ab\u00a0L&rsquo;absence de pertes massives n&rsquo;implique pas une absence d&rsquo;intention ou de capacit\u00e9. Elle refl\u00e8te plut\u00f4t une strat\u00e9gie con\u00e7ue pour intimider, perturber et sonder la d\u00e9termination des gouvernements europ\u00e9ens d&rsquo;une mani\u00e8re soigneusement calibr\u00e9e pour \u00e9viter de franchir le seuil qui d\u00e9clencherait une r\u00e9ponse de repr\u00e9sailles \u00e9nergique\u00a0\u00bb, a d\u00e9clar\u00e9 le groupe.<\/p>\n","protected":false},"excerpt":{"rendered":"La Russie a \u00e9t\u00e9 accus\u00e9e d&rsquo;avoir brouill\u00e9 le syst\u00e8me GPS \u00e0 bord de l&rsquo;avion transportant la pr\u00e9sidente de&hellip;\n","protected":false},"author":2,"featured_media":371205,"comment_status":"","ping_status":"","sticky":false,"template":"","format":"standard","meta":{"footnotes":""},"categories":[1586],"tags":[11,2196,1777,674,1011,27,50538,2489,24835,12,25,2544],"class_list":{"0":"post-371204","1":"post","2":"type-post","3":"status-publish","4":"format-standard","5":"has-post-thumbnail","7":"category-europe","8":"tag-actualites","9":"tag-commission-europeenne","10":"tag-eu","11":"tag-europe","12":"tag-fr","13":"tag-france","14":"tag-john-hardie","15":"tag-la-russie","16":"tag-ministre-des-transports","17":"tag-news","18":"tag-republique-francaise","19":"tag-ursula-von-der-leyen"},"share_on_mastodon":{"url":"https:\/\/pubeurope.com\/@fr\/115158744457779456","error":""},"_links":{"self":[{"href":"https:\/\/www.europesays.com\/fr\/wp-json\/wp\/v2\/posts\/371204","targetHints":{"allow":["GET"]}}],"collection":[{"href":"https:\/\/www.europesays.com\/fr\/wp-json\/wp\/v2\/posts"}],"about":[{"href":"https:\/\/www.europesays.com\/fr\/wp-json\/wp\/v2\/types\/post"}],"author":[{"embeddable":true,"href":"https:\/\/www.europesays.com\/fr\/wp-json\/wp\/v2\/users\/2"}],"replies":[{"embeddable":true,"href":"https:\/\/www.europesays.com\/fr\/wp-json\/wp\/v2\/comments?post=371204"}],"version-history":[{"count":0,"href":"https:\/\/www.europesays.com\/fr\/wp-json\/wp\/v2\/posts\/371204\/revisions"}],"wp:featuredmedia":[{"embeddable":true,"href":"https:\/\/www.europesays.com\/fr\/wp-json\/wp\/v2\/media\/371205"}],"wp:attachment":[{"href":"https:\/\/www.europesays.com\/fr\/wp-json\/wp\/v2\/media?parent=371204"}],"wp:term":[{"taxonomy":"category","embeddable":true,"href":"https:\/\/www.europesays.com\/fr\/wp-json\/wp\/v2\/categories?post=371204"},{"taxonomy":"post_tag","embeddable":true,"href":"https:\/\/www.europesays.com\/fr\/wp-json\/wp\/v2\/tags?post=371204"}],"curies":[{"name":"wp","href":"https:\/\/api.w.org\/{rel}","templated":true}]}}