{"id":371206,"date":"2025-09-06T18:22:15","date_gmt":"2025-09-06T18:22:15","guid":{"rendered":"https:\/\/www.europesays.com\/fr\/371206\/"},"modified":"2025-09-06T18:22:15","modified_gmt":"2025-09-06T18:22:15","slug":"discours-sur-letat-de-lunion-ursula-von-der-leyen-attendue-au-tournant","status":"publish","type":"post","link":"https:\/\/www.europesays.com\/fr\/371206\/","title":{"rendered":"Discours sur l\u2019Etat de l\u2019Union\u00a0: Ursula von der Leyen attendue au tournant"},"content":{"rendered":"<p>\u00ab\u00a0Ursula von der Leyen va dresser le bilan de la pire ann\u00e9e de la Commission.\u00a0\u00bb Manon Aubry, eurod\u00e9put\u00e9e LFI et co-pr\u00e9sidente\u00a0du\u00a0groupe de la Gauche au Parlement europ\u00e9en ne mache pas ses mots et la liste des griefs est longue. \u00ab Selon moi c\u2019est une ann\u00e9e de renoncements sans pr\u00e9c\u00e9dent sur le Pacte vert marqu\u00e9e par une coop\u00e9ration entre la droite et l\u2019extr\u00eame droite. Il y a eu aussi l\u2019accord sign\u00e9 en catimini avec Donald Trump qui va nous vassaliser, le passage en force sur l\u2019accord commercial UE-Mercosur, sans oublier l\u2019Union europ\u00e9enne qui ferme les yeux sur le g\u00e9nocide en cours \u00e0 Gaza. C\u2019est la Commission de toutes les hontes.\u00a0\u00bb Des mots tr\u00e8s durs, que Manon Aubry compte bien adresser directement \u00e0 la pr\u00e9sidente de la Commission. Car le format est toujours le m\u00eame, Ursula von der Leyen parle pendant une heure environ, s\u2019en suit un d\u00e9bat avec les eurod\u00e9put\u00e9s.<\/p>\n<p>\u00a0<\/p>\n<p>Une mise au point n\u00e9cessaire sur l\u2019accord douanier UE-Etats-Unis<\/p>\n<p>\u00a0<\/p>\n<p>Manon Aubry n\u2019est pas la seule \u00e0 marquer son m\u00e9contentement vis-\u00e0-vis de l\u2019accord commercial act\u00e9 au c\u0153ur de l\u2019\u00e9t\u00e9 entre l\u2019Europe et les Etats-Unis. Les exportations europ\u00e9ennes qui entrent aux Etats-Unis seront tax\u00e9es \u00e0 hauteur de 15% au lieu de 4,8% environ avant l\u2019arriv\u00e9e de Donald Trump \u00e0 la Maison blanche. Beaucoup reprochent \u00e0 la Commission de ne pas s\u2019\u00eatre battue davantage, d\u2019autant que le march\u00e9 europ\u00e9en est le plus gros march\u00e9 mondial. \u00ab\u00a0Il y a eu une d\u00e9monstration de faiblesse cet \u00e9t\u00e9 de la part de l\u2019Union europ\u00e9enne et maintenant il y a une r\u00e9action ti\u00e8de aux propos de Donald Trump qui menace de droits suppl\u00e9mentaires pour faire tomber la r\u00e9gulation num\u00e9rique europ\u00e9enne,\u00a0\u00bb explique Th\u00e9o Verdier, co-directeur de l\u2019Observatoire Europe \u00e0 la Fondation Jean Jaur\u00e8s, \u00ab\u00a0cela ne pr\u00e9sage rien de bon dans nos relations avec le pr\u00e9sident des Etats-Unis qui impose la force. Ursula von der Leyen aura s\u00fbrement \u00e0 c\u0153ur de faire une mise au point dans son discours.\u00a0\u00bb<\/p>\n<p>\u00ab\u00a0Nous attendons du leadership de la part de la pr\u00e9sidente. L\u2019\u00e9t\u00e9 a \u00e9t\u00e9 catastrophique pour l\u2019image de l\u2019Union europ\u00e9enne qui se retrouve marginalis\u00e9e, affaiblie,\u00a0\u00bb avance Val\u00e9rie Hayer la pr\u00e9sidente du groupe Renew au Parlement europ\u00e9en \u00ab\u00a0Ursula von der Leyen doit engager les r\u00e9formes n\u00e9cessaires pour faire du march\u00e9 unique un vrai levier de puissance. Il faut aussi faire des r\u00e9formes institutionnelles pour que l\u2019UE soit plus efficace dans son processus de d\u00e9cision. Avec Renew et le Pr\u00e9sident Emmanuel Macron nous nous battons depuis 2019 pour d\u00e9velopper l\u2019autonomie strat\u00e9gique de l\u2019Europe, Mario Draghi a aussi publi\u00e9 un rapport il y a un an pour relancer la comp\u00e9titivit\u00e9 europ\u00e9enne. Et rien de concret n\u2019a \u00e9t\u00e9 fait pendant tout ce temps.\u00a0\u00bb<\/p>\n<p>\u00a0<\/p>\n<p>Ursula von der Leyen doit soigner sa majorit\u00e9<\/p>\n<p>\u00ab\u00a0L\u2019accord douanier avec les Etats-Unis a mis \u00e0 mal la majorit\u00e9 d\u2019Ursula von der Leyen, souligne Th\u00e9o Verdier, les socialistes qui font partie de cette majorit\u00e9 ont fait savoir qu\u2019ils ne voulaient pas forc\u00e9ment voter la ratification du texte. C\u2019est un v\u00e9ritable probl\u00e8me pour la Commission qui ne peut pas toucher au texte valid\u00e9 avec Donald Trump, mais qui doit faire face \u00e0 des demandes de modification de la part des socialistes. Il va falloir faire d\u2019autres annonces en dehors du texte pour leur donner des gages.\u00a0\u00bb<\/p>\n<p>Les socialistes qui ont d\u00e9j\u00e0 envoy\u00e9 une lettre \u00e0 la pr\u00e9sidente de la Commission pour pr\u00e9ciser leurs attentes. Ils devraient notamment demander une strat\u00e9gie sur la mise en \u0153uvre\u00a0du pacte vert. Ils sont rejoints sur ce sujet par les Verts europ\u00e9ens. \u00ab\u00a0L\u2019an pass\u00e9 notre groupe des Verts a vot\u00e9 pour elle sur la promesse de continuer le Pacte vert et son mandat a tr\u00e8s mal commenc\u00e9, avec des reculs \u00e9cologiques que ce soit sur l\u2019agriculture ou l\u2019automobile,\u00a0\u00bb pr\u00e9cise Daniel Freund, eurod\u00e9put\u00e9 Vert allemand.<\/p>\n<p>\u00a0<\/p>\n<p>Deux nouvelles motions de censure<\/p>\n<p>Mais peu importe ses arguments mercredi, la pr\u00e9sidente de la Commission ne devrait pas \u00e9chapper \u00e0 deux nouvelles motions de censure. La premi\u00e8re devrait \u00eatre d\u00e9pos\u00e9e par les Patriotes pour l\u2019Europe, le groupe pr\u00e9sid\u00e9 par Jordan Bardella. La gauche radicale au Parlement europ\u00e9en tente aussi de recueillir les 72 signatures n\u00e9cessaires. \u00ab Renoncement apr\u00e8s renoncement elle tourne le dos aux peu de progr\u00e8s faits pendant les mandats pr\u00e9c\u00e9dents. \u00a0Il est temps d\u2019envoyer un avertissement,\u00a0\u00bb conclue Manon Aubry.<\/p>\n","protected":false},"excerpt":{"rendered":"\u00ab\u00a0Ursula von der Leyen va dresser le bilan de la pire ann\u00e9e de la Commission.\u00a0\u00bb Manon Aubry, eurod\u00e9put\u00e9e&hellip;\n","protected":false},"author":2,"featured_media":371207,"comment_status":"","ping_status":"","sticky":false,"template":"","format":"standard","meta":{"footnotes":""},"categories":[1586],"tags":[11,1777,674,1779,1011,27,12,25,1778,364],"class_list":{"0":"post-371206","1":"post","2":"type-post","3":"status-publish","4":"format-standard","5":"has-post-thumbnail","7":"category-europe","8":"tag-actualites","9":"tag-eu","10":"tag-europe","11":"tag-european-union","12":"tag-fr","13":"tag-france","14":"tag-news","15":"tag-republique-francaise","16":"tag-ue","17":"tag-union-europeenne"},"share_on_mastodon":{"url":"https:\/\/pubeurope.com\/@fr\/115158748071617976","error":""},"_links":{"self":[{"href":"https:\/\/www.europesays.com\/fr\/wp-json\/wp\/v2\/posts\/371206","targetHints":{"allow":["GET"]}}],"collection":[{"href":"https:\/\/www.europesays.com\/fr\/wp-json\/wp\/v2\/posts"}],"about":[{"href":"https:\/\/www.europesays.com\/fr\/wp-json\/wp\/v2\/types\/post"}],"author":[{"embeddable":true,"href":"https:\/\/www.europesays.com\/fr\/wp-json\/wp\/v2\/users\/2"}],"replies":[{"embeddable":true,"href":"https:\/\/www.europesays.com\/fr\/wp-json\/wp\/v2\/comments?post=371206"}],"version-history":[{"count":0,"href":"https:\/\/www.europesays.com\/fr\/wp-json\/wp\/v2\/posts\/371206\/revisions"}],"wp:featuredmedia":[{"embeddable":true,"href":"https:\/\/www.europesays.com\/fr\/wp-json\/wp\/v2\/media\/371207"}],"wp:attachment":[{"href":"https:\/\/www.europesays.com\/fr\/wp-json\/wp\/v2\/media?parent=371206"}],"wp:term":[{"taxonomy":"category","embeddable":true,"href":"https:\/\/www.europesays.com\/fr\/wp-json\/wp\/v2\/categories?post=371206"},{"taxonomy":"post_tag","embeddable":true,"href":"https:\/\/www.europesays.com\/fr\/wp-json\/wp\/v2\/tags?post=371206"}],"curies":[{"name":"wp","href":"https:\/\/api.w.org\/{rel}","templated":true}]}}