{"id":371208,"date":"2025-09-06T18:23:09","date_gmt":"2025-09-06T18:23:09","guid":{"rendered":"https:\/\/www.europesays.com\/fr\/371208\/"},"modified":"2025-09-06T18:23:09","modified_gmt":"2025-09-06T18:23:09","slug":"la-charniere-jauneau-plummer-aux-commandes-asm-rugby-com","status":"publish","type":"post","link":"https:\/\/www.europesays.com\/fr\/371208\/","title":{"rendered":"La charni\u00e8re Jauneau-Plummer aux commandes &#8211; asm-rugby.com"},"content":{"rendered":"<ol>\n<li><a href=\"https:\/\/news.google.com\/rss\/articles\/CBMiogFBVV95cUxNWWpFbUFvMHh3dnh1Q0FfZzA4MU92Q2RfNEs4SjVTVVJadjNKYlh5bVVhT0VnZ29Qdk4xbENxNVVNazYweXI0enlDbVdBdmFJeG1PLWlvZ2NXdFJpODMtTWx3VE4xZ2p1RUM3YTNCT1J0Q293LTlFN3EzTERsSW1Xd3VPdks0X2tGOXZwNXgtOHZwZ1dUaEpDUVlDM1dET2tPRWc?oc=5\" target=\"_blank\" rel=\"nofollow noopener\">La charni\u00e8re Jauneau-Plummer aux commandes<\/a>&nbsp;&nbsp;asm-rugby.com<\/li>\n<li><a href=\"https:\/\/news.google.com\/rss\/articles\/CBMixgFBVV95cUxQeTIxdVdRdktKYXJkbXprUHpxTWhuQXFJb2JfaU1IZW1ZakhIZWpQcG9ZN1JSRUNWQm1weTlwVG5qdEZrbkEzTml6RVNwXzl5cXVCeFJpTFdrX1Z0aUdfQ1RwRVhSNWI1VnZ5QnNYOGUtbmdTZTZuTjJrVlBZWFAyMlpDeXpvMWN4R2I3Sk1SZmpoeHBoc0djMjRqTU42TzdydnZURlZCazhFNWd0eGEtUWxHNXl5dVZWN0NzSTVxbW1CdldVWUE?oc=5\" target=\"_blank\" rel=\"nofollow noopener\">ASM Clermont : George Moala op\u00e9r\u00e9 et absent plusieurs mois<\/a>&nbsp;&nbsp;La Montagne<\/li>\n<li><a href=\"https:\/\/news.google.com\/rss\/articles\/CBMi3wFBVV95cUxQS1l0S1hzSnNFSnRzdmx1Q05paEtELWVkMFJQTTVual83NFBjRXZXV2lLMy1RRFc4RVpkT2x4cnZUWUJaRElKUHYtM3RxQjFxR1FZWWRiYkhGdlIxUURRLTBPc2d4UGtvR0M4VVcwdTdHWWR5SGV0SmpSbnhDeGlsaWZfcEs5Z3QyQk5YMjFFU0tKVXpfanYtMXhyS29yMk5VLUJ1bkxBUDJVdzRrbkc3QVJjNW4wcHBQLU9HV3VLNlktTjR2M0tHTEZ1QlcwZmROS1pqRi11c1Z2c1ZqQlMw?oc=5\" target=\"_blank\" rel=\"nofollow noopener\">Top 14 : Jelonch capitaine, Ntamack et Ramos titulaires, le Stade Toulousain ambitieux \u00e0 Clermont<\/a>&nbsp;&nbsp;Le Figaro<\/li>\n<li><a href=\"https:\/\/news.google.com\/rss\/articles\/CBMi0gFBVV95cUxOOWpsRHhFNnQyczEwX3pROHpFM3BncE5SbENxV1EzN0hMb3hQWFN3TVRsZ2FhOHpuSkxzT29UWjI5d05rNXRGUXg4TlBySzZ1NU5oZFZJRzdsYkViSDJPamhYWGtzVm5Zdy1FaXdzM25vNzcwTFFtcEZaaXllYWpwcHp0blNjQ2NzNjhTYnFwYkE5MTYtVE5HN3pjNmJQMnRlNU01dV9ZdUp4NTBKb3kyZHNtZk5LQVQwTXktX1ZHSzRvcDRFZUVRcWFIUkxjZDdjWHc?oc=5\" target=\"_blank\" rel=\"nofollow noopener\">Top 14 &#8211; Harry Plummer face \u00e0 Toulouse pour sa premi\u00e8re \u00e0 Clermont \u00ab\u00a0Harry, es-tu un sorcier ?\u00a0\u00bb<\/a>&nbsp;&nbsp;Rugbyrama<\/li>\n<li><a href=\"https:\/\/news.google.com\/rss\/articles\/CBMid0FVX3lxTE1GZUZBTUIwczB4Z0l0bWI1d2ZfZnd5QUZPdmFkcFFaUW5kci0xa010alpVd2RQa2Z5V0tpSThKYVVsbTh5VEg2amlMcG1VUWpqN0R2OUdtVWFyTG44aUtQS0lEU29tQ3VQNGU0cVBxNDFFbU9FQTZF?oc=5\" target=\"_blank\" rel=\"nofollow noopener\">La conf&rsquo;avant ASM-ST<\/a>&nbsp;&nbsp;Stade Toulousain<\/li>\n<\/ol>\n","protected":false},"excerpt":{"rendered":"La charni\u00e8re Jauneau-Plummer aux commandes&nbsp;&nbsp;asm-rugby.com ASM Clermont : George Moala op\u00e9r\u00e9 et absent plusieurs mois&nbsp;&nbsp;La Montagne Top 14&hellip;\n","protected":false},"author":2,"featured_media":371209,"comment_status":"","ping_status":"","sticky":false,"template":"","format":"standard","meta":{"footnotes":""},"categories":[2],"tags":[11,1011,27,12,25],"class_list":{"0":"post-371208","1":"post","2":"type-post","3":"status-publish","4":"format-standard","5":"has-post-thumbnail","7":"category-actualites","8":"tag-actualites","9":"tag-fr","10":"tag-france","11":"tag-news","12":"tag-republique-francaise"},"share_on_mastodon":{"url":"https:\/\/pubeurope.com\/@fr\/115158751965242800","error":""},"_links":{"self":[{"href":"https:\/\/www.europesays.com\/fr\/wp-json\/wp\/v2\/posts\/371208","targetHints":{"allow":["GET"]}}],"collection":[{"href":"https:\/\/www.europesays.com\/fr\/wp-json\/wp\/v2\/posts"}],"about":[{"href":"https:\/\/www.europesays.com\/fr\/wp-json\/wp\/v2\/types\/post"}],"author":[{"embeddable":true,"href":"https:\/\/www.europesays.com\/fr\/wp-json\/wp\/v2\/users\/2"}],"replies":[{"embeddable":true,"href":"https:\/\/www.europesays.com\/fr\/wp-json\/wp\/v2\/comments?post=371208"}],"version-history":[{"count":0,"href":"https:\/\/www.europesays.com\/fr\/wp-json\/wp\/v2\/posts\/371208\/revisions"}],"wp:featuredmedia":[{"embeddable":true,"href":"https:\/\/www.europesays.com\/fr\/wp-json\/wp\/v2\/media\/371209"}],"wp:attachment":[{"href":"https:\/\/www.europesays.com\/fr\/wp-json\/wp\/v2\/media?parent=371208"}],"wp:term":[{"taxonomy":"category","embeddable":true,"href":"https:\/\/www.europesays.com\/fr\/wp-json\/wp\/v2\/categories?post=371208"},{"taxonomy":"post_tag","embeddable":true,"href":"https:\/\/www.europesays.com\/fr\/wp-json\/wp\/v2\/tags?post=371208"}],"curies":[{"name":"wp","href":"https:\/\/api.w.org\/{rel}","templated":true}]}}