{"id":371210,"date":"2025-09-06T18:24:20","date_gmt":"2025-09-06T18:24:20","guid":{"rendered":"https:\/\/www.europesays.com\/fr\/371210\/"},"modified":"2025-09-06T18:24:20","modified_gmt":"2025-09-06T18:24:20","slug":"live-f1-les-qualifications-en-direct-a-monza-live-texte","status":"publish","type":"post","link":"https:\/\/www.europesays.com\/fr\/371210\/","title":{"rendered":"LIVE F1 &#8211; Les qualifications en direct \u00e0 Monza | Live Texte"},"content":{"rendered":"<p>Leonardo Fornaroli (Invicta) a remport\u00e9 la course sprint de F2 sur le circuit de Monza, en devan\u00e7ant Arvid Lindblad (Campos) et Joshua D\u00fcrksen (AIX).<\/p>\n<p>Course \u00e0 oublier c\u00f4t\u00e9 fran\u00e7ais avec l&rsquo;abandon de Sami Meguetounif, qui s&rsquo;\u00e9lan\u00e7ait second, suite \u00e0 un accrochage avec Alex Dunne, et la 19e et derni\u00e8re position \u00e0 l&rsquo;arriv\u00e9e pour Victor Martins.<\/p>\n<p><strong>Le top 10 de la course sprint \u00e0 Monza :<\/strong><\/p>\n<p>Informations principales<br \/>\nDonn\u00e9es suppl\u00e9mentaires<br \/>\nDonn\u00e9es suppl\u00e9mentaires<br \/>\nInfos sur le pilote<\/p>\n<tr class=\"ms-table_row ms-result-table-grouping-header\">\n<p>Informations principales<br \/>\nDonn\u00e9es suppl\u00e9mentaires<\/p>\n<\/tr>\n<tr class=\"ms-table_row\">\nPos.<br \/>\nPilote<br \/>\n#<br \/>\n\u00a0<br \/>\nTours<br \/>\nTemps<br \/>\nIntervalle<br \/>\nkm\/h<br \/>\nStands<br \/>\nPoints<br \/>\nAbandon<br \/>\nBonus<br \/>\n<\/tr>\n<tr class=\"ms-table_row\">\n<td class=\"ms-table_cell ms-table_field--pos\">1<\/td>\n<td class=\"ms-table_cell ms-table_field--result_driver_id\">\n<p> L. Fornaroli  Invicta Racing<\/p>\n<\/td>\n<td class=\"ms-table_cell ms-table_field--number\" data-group-mobile=\"driver-info-1-of-2\">1<\/td>\n<td class=\"ms-table_cell ms-table_field--car_logo\" data-group-desktop=\"main-information\" data-group-mobile=\"main-information\">\u00a0<\/td>\n<td class=\"ms-table_cell ms-table_field--laps\" data-group-desktop=\"main-information\" data-group-mobile=\"additional-data-1-of-2\">21<\/td>\n<td class=\"ms-table_cell ms-table_field--time\" data-group-desktop=\"main-information\" data-group-mobile=\"main-information\">\n<\/td>\n<td class=\"ms-table_cell ms-table_field--interval\" data-group-desktop=\"main-information\" data-group-mobile=\"additional-data-2-of-2\">\u00a0<\/td>\n<td class=\"ms-table_cell ms-table_field--avg_speed\" data-group-desktop=\"main-information\" data-group-mobile=\"additional-data-1-of-2\">\u00a0<\/td>\n<td class=\"ms-table_cell ms-table_field--pits\" data-group-desktop=\"main-information\" data-group-mobile=\"additional-data-1-of-2\">\u00a0<\/td>\n<td class=\"ms-table_cell ms-table_field--points\" data-group-desktop=\"main-information\" data-group-mobile=\"main-information\">10<\/td>\n<td class=\"ms-table_cell ms-table_field--retirement\" data-group-desktop=\"additional-data-1-of-2\" data-group-mobile=\"additional-data-2-of-2\">\u00a0<\/td>\n<td class=\"ms-table_cell ms-table_field--bonus_points\" data-group-desktop=\"additional-data-1-of-2\" data-group-mobile=\"additional-data-2-of-2\">\u00a0<\/td>\n<\/tr>\n<tr class=\"ms-table_row\">\n<td class=\"ms-table_cell ms-table_field--pos\">2<\/td>\n<td class=\"ms-table_cell ms-table_field--result_driver_id\">\n<p> A. Lindblad  Campos Racing<\/p>\n<\/td>\n<td class=\"ms-table_cell ms-table_field--number\" data-group-mobile=\"driver-info-1-of-2\">4<\/td>\n<td class=\"ms-table_cell ms-table_field--car_logo\" data-group-desktop=\"main-information\" data-group-mobile=\"main-information\">\u00a0<\/td>\n<td class=\"ms-table_cell ms-table_field--laps\" data-group-desktop=\"main-information\" data-group-mobile=\"additional-data-1-of-2\">21<\/td>\n<td class=\"ms-table_cell ms-table_field--time\" data-group-desktop=\"main-information\" data-group-mobile=\"main-information\">\n<\/td>\n<td class=\"ms-table_cell ms-table_field--interval\" data-group-desktop=\"main-information\" data-group-mobile=\"additional-data-2-of-2\"> 1.600 <\/td>\n<td class=\"ms-table_cell ms-table_field--avg_speed\" data-group-desktop=\"main-information\" data-group-mobile=\"additional-data-1-of-2\">\u00a0<\/td>\n<td class=\"ms-table_cell ms-table_field--pits\" data-group-desktop=\"main-information\" data-group-mobile=\"additional-data-1-of-2\">\u00a0<\/td>\n<td class=\"ms-table_cell ms-table_field--points\" data-group-desktop=\"main-information\" data-group-mobile=\"main-information\">8<\/td>\n<td class=\"ms-table_cell ms-table_field--retirement\" data-group-desktop=\"additional-data-1-of-2\" data-group-mobile=\"additional-data-2-of-2\">\u00a0<\/td>\n<td class=\"ms-table_cell ms-table_field--bonus_points\" data-group-desktop=\"additional-data-1-of-2\" data-group-mobile=\"additional-data-2-of-2\">1<\/td>\n<\/tr>\n<tr class=\"ms-table_row\">\n<td class=\"ms-table_cell ms-table_field--pos\">3<\/td>\n<td class=\"ms-table_cell ms-table_field--result_driver_id\">\n<p> J. Duerksen  AIX Racing<\/p>\n<\/td>\n<td class=\"ms-table_cell ms-table_field--number\" data-group-mobile=\"driver-info-1-of-2\">20<\/td>\n<td class=\"ms-table_cell ms-table_field--car_logo\" data-group-desktop=\"main-information\" data-group-mobile=\"main-information\">\u00a0<\/td>\n<td class=\"ms-table_cell ms-table_field--laps\" data-group-desktop=\"main-information\" data-group-mobile=\"additional-data-1-of-2\">21<\/td>\n<td class=\"ms-table_cell ms-table_field--time\" data-group-desktop=\"main-information\" data-group-mobile=\"main-information\">\n<\/td>\n<td class=\"ms-table_cell ms-table_field--interval\" data-group-desktop=\"main-information\" data-group-mobile=\"additional-data-2-of-2\"> 9.400 <\/td>\n<td class=\"ms-table_cell ms-table_field--avg_speed\" data-group-desktop=\"main-information\" data-group-mobile=\"additional-data-1-of-2\">\u00a0<\/td>\n<td class=\"ms-table_cell ms-table_field--pits\" data-group-desktop=\"main-information\" data-group-mobile=\"additional-data-1-of-2\">\u00a0<\/td>\n<td class=\"ms-table_cell ms-table_field--points\" data-group-desktop=\"main-information\" data-group-mobile=\"main-information\">6<\/td>\n<td class=\"ms-table_cell ms-table_field--retirement\" data-group-desktop=\"additional-data-1-of-2\" data-group-mobile=\"additional-data-2-of-2\">\u00a0<\/td>\n<td class=\"ms-table_cell ms-table_field--bonus_points\" data-group-desktop=\"additional-data-1-of-2\" data-group-mobile=\"additional-data-2-of-2\">\u00a0<\/td>\n<\/tr>\n<tr class=\"ms-table_row\">\n<td class=\"ms-table_cell ms-table_field--pos\">4<\/td>\n<td class=\"ms-table_cell ms-table_field--result_driver_id\"><a class=\"ms-link info-wrapper\" href=\"https:\/\/fr.motorsport.com\/driver\/richard-verschoor\/384800\/\" rel=\"nofollow noopener\" target=\"_blank\"> <img loading=\"lazy\" decoding=\"async\" src=\"https:\/\/cdn-1.motorsport.com\/static\/img\/cf\/nl-2.svg\" alt=\"Netherlands\" width=\"20\" height=\"12\"\/>   R. Verschoor  MP Motorsport  <\/a><\/td>\n<td class=\"ms-table_cell ms-table_field--number\" data-group-mobile=\"driver-info-1-of-2\">6<\/td>\n<td class=\"ms-table_cell ms-table_field--car_logo\" data-group-desktop=\"main-information\" data-group-mobile=\"main-information\">\u00a0<\/td>\n<td class=\"ms-table_cell ms-table_field--laps\" data-group-desktop=\"main-information\" data-group-mobile=\"additional-data-1-of-2\">21<\/td>\n<td class=\"ms-table_cell ms-table_field--time\" data-group-desktop=\"main-information\" data-group-mobile=\"main-information\">\n<\/td>\n<td class=\"ms-table_cell ms-table_field--interval\" data-group-desktop=\"main-information\" data-group-mobile=\"additional-data-2-of-2\"> 1.500 <\/td>\n<td class=\"ms-table_cell ms-table_field--avg_speed\" data-group-desktop=\"main-information\" data-group-mobile=\"additional-data-1-of-2\">\u00a0<\/td>\n<td class=\"ms-table_cell ms-table_field--pits\" data-group-desktop=\"main-information\" data-group-mobile=\"additional-data-1-of-2\">\u00a0<\/td>\n<td class=\"ms-table_cell ms-table_field--points\" data-group-desktop=\"main-information\" data-group-mobile=\"main-information\">5<\/td>\n<td class=\"ms-table_cell ms-table_field--retirement\" data-group-desktop=\"additional-data-1-of-2\" data-group-mobile=\"additional-data-2-of-2\">\u00a0<\/td>\n<td class=\"ms-table_cell ms-table_field--bonus_points\" data-group-desktop=\"additional-data-1-of-2\" data-group-mobile=\"additional-data-2-of-2\">\u00a0<\/td>\n<\/tr>\n<tr class=\"ms-table_row\">\n<td class=\"ms-table_cell ms-table_field--pos\">5<\/td>\n<td class=\"ms-table_cell ms-table_field--result_driver_id\"><a class=\"ms-link info-wrapper\" href=\"https:\/\/fr.motorsport.com\/driver\/roman-stanek\/840015\/\" rel=\"nofollow noopener\" target=\"_blank\"> <img loading=\"lazy\" decoding=\"async\" src=\"https:\/\/cdn-1.motorsport.com\/static\/img\/cf\/cz-2.svg\" alt=\"Czech Republic\" width=\"20\" height=\"12\"\/>   R. Stan\u011bk  Invicta Racing  <\/a><\/td>\n<td class=\"ms-table_cell ms-table_field--number\" data-group-mobile=\"driver-info-1-of-2\">2<\/td>\n<td class=\"ms-table_cell ms-table_field--car_logo\" data-group-desktop=\"main-information\" data-group-mobile=\"main-information\">\u00a0<\/td>\n<td class=\"ms-table_cell ms-table_field--laps\" data-group-desktop=\"main-information\" data-group-mobile=\"additional-data-1-of-2\">21<\/td>\n<td class=\"ms-table_cell ms-table_field--time\" data-group-desktop=\"main-information\" data-group-mobile=\"main-information\">\n<\/td>\n<td class=\"ms-table_cell ms-table_field--interval\" data-group-desktop=\"main-information\" data-group-mobile=\"additional-data-2-of-2\"> 0.500 <\/td>\n<td class=\"ms-table_cell ms-table_field--avg_speed\" data-group-desktop=\"main-information\" data-group-mobile=\"additional-data-1-of-2\">\u00a0<\/td>\n<td class=\"ms-table_cell ms-table_field--pits\" data-group-desktop=\"main-information\" data-group-mobile=\"additional-data-1-of-2\">\u00a0<\/td>\n<td class=\"ms-table_cell ms-table_field--points\" data-group-desktop=\"main-information\" data-group-mobile=\"main-information\">4<\/td>\n<td class=\"ms-table_cell ms-table_field--retirement\" data-group-desktop=\"additional-data-1-of-2\" data-group-mobile=\"additional-data-2-of-2\">\u00a0<\/td>\n<td class=\"ms-table_cell ms-table_field--bonus_points\" data-group-desktop=\"additional-data-1-of-2\" data-group-mobile=\"additional-data-2-of-2\">\u00a0<\/td>\n<\/tr>\n<tr class=\"ms-table_row\">\n<td class=\"ms-table_cell ms-table_field--pos\">6<\/td>\n<td class=\"ms-table_cell ms-table_field--result_driver_id\">\n<p> D. Beganovic  Hitech TGR<\/p>\n<\/td>\n<td class=\"ms-table_cell ms-table_field--number\" data-group-mobile=\"driver-info-1-of-2\">8<\/td>\n<td class=\"ms-table_cell ms-table_field--car_logo\" data-group-desktop=\"main-information\" data-group-mobile=\"main-information\">\u00a0<\/td>\n<td class=\"ms-table_cell ms-table_field--laps\" data-group-desktop=\"main-information\" data-group-mobile=\"additional-data-1-of-2\">21<\/td>\n<td class=\"ms-table_cell ms-table_field--time\" data-group-desktop=\"main-information\" data-group-mobile=\"main-information\">\n<\/td>\n<td class=\"ms-table_cell ms-table_field--interval\" data-group-desktop=\"main-information\" data-group-mobile=\"additional-data-2-of-2\"> 0.700 <\/td>\n<td class=\"ms-table_cell ms-table_field--avg_speed\" data-group-desktop=\"main-information\" data-group-mobile=\"additional-data-1-of-2\">\u00a0<\/td>\n<td class=\"ms-table_cell ms-table_field--pits\" data-group-desktop=\"main-information\" data-group-mobile=\"additional-data-1-of-2\">\u00a0<\/td>\n<td class=\"ms-table_cell ms-table_field--points\" data-group-desktop=\"main-information\" data-group-mobile=\"main-information\">3<\/td>\n<td class=\"ms-table_cell ms-table_field--retirement\" data-group-desktop=\"additional-data-1-of-2\" data-group-mobile=\"additional-data-2-of-2\">\u00a0<\/td>\n<td class=\"ms-table_cell ms-table_field--bonus_points\" data-group-desktop=\"additional-data-1-of-2\" data-group-mobile=\"additional-data-2-of-2\">\u00a0<\/td>\n<\/tr>\n<tr class=\"ms-table_row\">\n<td class=\"ms-table_cell ms-table_field--pos\">7<\/td>\n<td class=\"ms-table_cell ms-table_field--result_driver_id\">\n<p> G. Min\u00ec  Prema Powerteam<\/p>\n<\/td>\n<td class=\"ms-table_cell ms-table_field--number\" data-group-mobile=\"driver-info-1-of-2\">10<\/td>\n<td class=\"ms-table_cell ms-table_field--car_logo\" data-group-desktop=\"main-information\" data-group-mobile=\"main-information\">\u00a0<\/td>\n<td class=\"ms-table_cell ms-table_field--laps\" data-group-desktop=\"main-information\" data-group-mobile=\"additional-data-1-of-2\">21<\/td>\n<td class=\"ms-table_cell ms-table_field--time\" data-group-desktop=\"main-information\" data-group-mobile=\"main-information\">\n<\/td>\n<td class=\"ms-table_cell ms-table_field--interval\" data-group-desktop=\"main-information\" data-group-mobile=\"additional-data-2-of-2\"> 3.800 <\/td>\n<td class=\"ms-table_cell ms-table_field--avg_speed\" data-group-desktop=\"main-information\" data-group-mobile=\"additional-data-1-of-2\">\u00a0<\/td>\n<td class=\"ms-table_cell ms-table_field--pits\" data-group-desktop=\"main-information\" data-group-mobile=\"additional-data-1-of-2\">\u00a0<\/td>\n<td class=\"ms-table_cell ms-table_field--points\" data-group-desktop=\"main-information\" data-group-mobile=\"main-information\">2<\/td>\n<td class=\"ms-table_cell ms-table_field--retirement\" data-group-desktop=\"additional-data-1-of-2\" data-group-mobile=\"additional-data-2-of-2\">\u00a0<\/td>\n<td class=\"ms-table_cell ms-table_field--bonus_points\" data-group-desktop=\"additional-data-1-of-2\" data-group-mobile=\"additional-data-2-of-2\">\u00a0<\/td>\n<\/tr>\n<tr class=\"ms-table_row\">\n<td class=\"ms-table_cell ms-table_field--pos\">8<\/td>\n<td class=\"ms-table_cell ms-table_field--result_driver_id\">\n<p> L. Browning  Hitech TGR<\/p>\n<\/td>\n<td class=\"ms-table_cell ms-table_field--number\" data-group-mobile=\"driver-info-1-of-2\">7<\/td>\n<td class=\"ms-table_cell ms-table_field--car_logo\" data-group-desktop=\"main-information\" data-group-mobile=\"main-information\">\u00a0<\/td>\n<td class=\"ms-table_cell ms-table_field--laps\" data-group-desktop=\"main-information\" data-group-mobile=\"additional-data-1-of-2\">21<\/td>\n<td class=\"ms-table_cell ms-table_field--time\" data-group-desktop=\"main-information\" data-group-mobile=\"main-information\">\n<\/td>\n<td class=\"ms-table_cell ms-table_field--interval\" data-group-desktop=\"main-information\" data-group-mobile=\"additional-data-2-of-2\"> 0.400 <\/td>\n<td class=\"ms-table_cell ms-table_field--avg_speed\" data-group-desktop=\"main-information\" data-group-mobile=\"additional-data-1-of-2\">\u00a0<\/td>\n<td class=\"ms-table_cell ms-table_field--pits\" data-group-desktop=\"main-information\" data-group-mobile=\"additional-data-1-of-2\">\u00a0<\/td>\n<td class=\"ms-table_cell ms-table_field--points\" data-group-desktop=\"main-information\" data-group-mobile=\"main-information\">1<\/td>\n<td class=\"ms-table_cell ms-table_field--retirement\" data-group-desktop=\"additional-data-1-of-2\" data-group-mobile=\"additional-data-2-of-2\">\u00a0<\/td>\n<td class=\"ms-table_cell ms-table_field--bonus_points\" data-group-desktop=\"additional-data-1-of-2\" data-group-mobile=\"additional-data-2-of-2\">\u00a0<\/td>\n<\/tr>\n<tr class=\"ms-table_row\">\n<td class=\"ms-table_cell ms-table_field--pos\">9<\/td>\n<td class=\"ms-table_cell ms-table_field--result_driver_id\">\n<p> P. Mart\u00ed  Campos Racing<\/p>\n<\/td>\n<td class=\"ms-table_cell ms-table_field--number\" data-group-mobile=\"driver-info-1-of-2\">3<\/td>\n<td class=\"ms-table_cell ms-table_field--car_logo\" data-group-desktop=\"main-information\" data-group-mobile=\"main-information\">\u00a0<\/td>\n<td class=\"ms-table_cell ms-table_field--laps\" data-group-desktop=\"main-information\" data-group-mobile=\"additional-data-1-of-2\">21<\/td>\n<td class=\"ms-table_cell ms-table_field--time\" data-group-desktop=\"main-information\" data-group-mobile=\"main-information\">\n<\/td>\n<td class=\"ms-table_cell ms-table_field--interval\" data-group-desktop=\"main-information\" data-group-mobile=\"additional-data-2-of-2\"> 0.300 <\/td>\n<td class=\"ms-table_cell ms-table_field--avg_speed\" data-group-desktop=\"main-information\" data-group-mobile=\"additional-data-1-of-2\">\u00a0<\/td>\n<td class=\"ms-table_cell ms-table_field--pits\" data-group-desktop=\"main-information\" data-group-mobile=\"additional-data-1-of-2\">\u00a0<\/td>\n<td class=\"ms-table_cell ms-table_field--points\" data-group-desktop=\"main-information\" data-group-mobile=\"main-information\">\u00a0<\/td>\n<td class=\"ms-table_cell ms-table_field--retirement\" data-group-desktop=\"additional-data-1-of-2\" data-group-mobile=\"additional-data-2-of-2\">\u00a0<\/td>\n<td class=\"ms-table_cell ms-table_field--bonus_points\" data-group-desktop=\"additional-data-1-of-2\" data-group-mobile=\"additional-data-2-of-2\">\u00a0<\/td>\n<\/tr>\n<tr class=\"ms-table_row\">\n<td class=\"ms-table_cell ms-table_field--pos\">10<\/td>\n<td class=\"ms-table_cell ms-table_field--result_driver_id\"><a class=\"ms-link info-wrapper\" href=\"https:\/\/fr.motorsport.com\/driver\/sebastian-montoya\/96580\/\" rel=\"nofollow noopener\" target=\"_blank\"> <img loading=\"lazy\" decoding=\"async\" src=\"https:\/\/cdn-1.motorsport.com\/static\/img\/cf\/co-2.svg\" alt=\"Colombia\" width=\"20\" height=\"12\"\/>   S. Montoya  Prema Powerteam  <\/a><\/td>\n<td class=\"ms-table_cell ms-table_field--number\" data-group-mobile=\"driver-info-1-of-2\">9<\/td>\n<td class=\"ms-table_cell ms-table_field--car_logo\" data-group-desktop=\"main-information\" data-group-mobile=\"main-information\">\u00a0<\/td>\n<td class=\"ms-table_cell ms-table_field--laps\" data-group-desktop=\"main-information\" data-group-mobile=\"additional-data-1-of-2\">21<\/td>\n<td class=\"ms-table_cell ms-table_field--time\" data-group-desktop=\"main-information\" data-group-mobile=\"main-information\">\n<\/td>\n<td class=\"ms-table_cell ms-table_field--interval\" data-group-desktop=\"main-information\" data-group-mobile=\"additional-data-2-of-2\"> 1.600 <\/td>\n<td class=\"ms-table_cell ms-table_field--avg_speed\" data-group-desktop=\"main-information\" data-group-mobile=\"additional-data-1-of-2\">\u00a0<\/td>\n<td class=\"ms-table_cell ms-table_field--pits\" data-group-desktop=\"main-information\" data-group-mobile=\"additional-data-1-of-2\">\u00a0<\/td>\n<td class=\"ms-table_cell ms-table_field--points\" data-group-desktop=\"main-information\" data-group-mobile=\"main-information\">\u00a0<\/td>\n<td class=\"ms-table_cell ms-table_field--retirement\" data-group-desktop=\"additional-data-1-of-2\" data-group-mobile=\"additional-data-2-of-2\">\u00a0<\/td>\n<td class=\"ms-table_cell ms-table_field--bonus_points\" data-group-desktop=\"additional-data-1-of-2\" data-group-mobile=\"additional-data-2-of-2\">\u00a0<\/td>\n<\/tr>\n<tr class=\"ms-results-table__footer\">\n<td class=\"ms-results-table__view-more\" colspan=\"14\"><a class=\"ms-results-table__view-more-link\" href=\"https:\/\/fr.motorsport.com\/fia-f2\/results\/2025\/monza-660491\/?st=RACE1\" rel=\"nofollow noopener\" target=\"_blank\"> Voir les r\u00e9sultats complets  \u00a0  <\/a><\/td>\n<\/tr>\n","protected":false},"excerpt":{"rendered":"Leonardo Fornaroli (Invicta) a remport\u00e9 la course sprint de F2 sur le circuit de Monza, en devan\u00e7ant Arvid&hellip;\n","protected":false},"author":2,"featured_media":371211,"comment_status":"","ping_status":"","sticky":false,"template":"","format":"standard","meta":{"footnotes":""},"categories":[2],"tags":[11,1011,27,12,25],"class_list":{"0":"post-371210","1":"post","2":"type-post","3":"status-publish","4":"format-standard","5":"has-post-thumbnail","7":"category-actualites","8":"tag-actualites","9":"tag-fr","10":"tag-france","11":"tag-news","12":"tag-republique-francaise"},"share_on_mastodon":{"url":"https:\/\/pubeurope.com\/@fr\/115158756135426628","error":""},"_links":{"self":[{"href":"https:\/\/www.europesays.com\/fr\/wp-json\/wp\/v2\/posts\/371210","targetHints":{"allow":["GET"]}}],"collection":[{"href":"https:\/\/www.europesays.com\/fr\/wp-json\/wp\/v2\/posts"}],"about":[{"href":"https:\/\/www.europesays.com\/fr\/wp-json\/wp\/v2\/types\/post"}],"author":[{"embeddable":true,"href":"https:\/\/www.europesays.com\/fr\/wp-json\/wp\/v2\/users\/2"}],"replies":[{"embeddable":true,"href":"https:\/\/www.europesays.com\/fr\/wp-json\/wp\/v2\/comments?post=371210"}],"version-history":[{"count":0,"href":"https:\/\/www.europesays.com\/fr\/wp-json\/wp\/v2\/posts\/371210\/revisions"}],"wp:featuredmedia":[{"embeddable":true,"href":"https:\/\/www.europesays.com\/fr\/wp-json\/wp\/v2\/media\/371211"}],"wp:attachment":[{"href":"https:\/\/www.europesays.com\/fr\/wp-json\/wp\/v2\/media?parent=371210"}],"wp:term":[{"taxonomy":"category","embeddable":true,"href":"https:\/\/www.europesays.com\/fr\/wp-json\/wp\/v2\/categories?post=371210"},{"taxonomy":"post_tag","embeddable":true,"href":"https:\/\/www.europesays.com\/fr\/wp-json\/wp\/v2\/tags?post=371210"}],"curies":[{"name":"wp","href":"https:\/\/api.w.org\/{rel}","templated":true}]}}