{"id":371212,"date":"2025-09-06T18:25:25","date_gmt":"2025-09-06T18:25:25","guid":{"rendered":"https:\/\/www.europesays.com\/fr\/371212\/"},"modified":"2025-09-06T18:25:25","modified_gmt":"2025-09-06T18:25:25","slug":"blesses-desire-doue-et-ousmane-dembele-quittent-les-bleus-kingsley-coman-appele-en-renfort","status":"publish","type":"post","link":"https:\/\/www.europesays.com\/fr\/371212\/","title":{"rendered":"bless\u00e9s, D\u00e9sir\u00e9 Dou\u00e9 et Ousmane Demb\u00e9l\u00e9 quittent les Bleus, Kingsley Coman appel\u00e9 en renfort"},"content":{"rendered":"\n<p class=\"c-chapo \">\n  Tous les deux sortis sur blessure vendredi, lors du premier match de qualification de la Coupe du monde, D\u00e9sir\u00e9 Dou\u00e9 et Ousmane Demb\u00e9l\u00e9 sont forfaits pour le match face \u00e0 l&rsquo;Islande, mardi.\n<\/p>\n<p>            lire plus tard<\/p>\n<p id=\"dialog__title\" class=\"dialog__title\">Pour sauvegarder cet article, connectez-vous ou cr\u00e9ez un compte franceinfo<\/p>\n<p class=\"dialog__description\">Sans paiement. Sans abonnement.<\/p>\n<p>        Fermer la fen\u00eatre d\u2019activation des notifications France Info<\/p>\n<p>            cr\u00e9er votre compte<\/p>\n<p>            se connecter<\/p>\n<p>        Fermer la fen\u00eatre de pr\u00e9sentation<\/p>\n<p>          France T\u00e9l\u00e9visions &#8211; R\u00e9daction Sport<\/p>\n<p>    Publi\u00e9 le 06\/09\/2025 19:10<\/p>\n<p>        Temps de lecture : 1min<\/p>\n<p>    <img decoding=\"async\"  alt=\"Le Fran\u00e7ais D\u00e9sir\u00e9 Dou\u00e9 contr\u00f4le le ballon, lors du match du groupe D des qualifications europ\u00e9ennes pour la Coupe du monde de football 2026 entre l'Ukraine et la France, \u00e0 la Tarczynski Arena de Wroclaw, en Pologne, le 5 septembre 2025. (ANDREW SURMA \/ SIPA)\" width=\"432\" height=\"243\" src=\"https:\/\/www.europesays.com\/fr\/wp-content\/uploads\/2025\/09\/sipa-sipausa30507702-000014-68bc0d57ad483859879093.jpg\" fetchpriority=\"high\"\/><\/p>\n<p>      Le Fran\u00e7ais D\u00e9sir\u00e9 Dou\u00e9 contr\u00f4le le ballon, lors du match du groupe D des qualifications europ\u00e9ennes pour la Coupe du monde de football 2026 entre l&rsquo;Ukraine et la France, \u00e0 la Tarczynski Arena de Wroclaw, en Pologne, le 5 septembre 2025. (ANDREW SURMA \/ SIPA)<\/p>\n<p>Retour en club. D\u00e9sir\u00e9 Dou\u00e9 et Ousmane Demb\u00e9l\u00e9 quittent le rassemblement des Bleus, a confirm\u00e9, samedi 6 septembre, la f\u00e9d\u00e9ration fran\u00e7aise de football <a href=\"https:\/\/www.fff.fr\/article\/15246-dembele-et-doue-remplaces-par-coman.html\" target=\"_blank\" rel=\"noopener nofollow\">dans un communiqu\u00e9<\/a>.\u00a0Les deux Parisiens, touch\u00e9s respectivement au mollet droit et \u00e0 la cuisse droite <a href=\"https:\/\/www.franceinfo.fr\/coupe-du-monde\/masculine\/l-equipe-de-france-lance-sa-campagne-de-qualifications-pour-le-mondial-2026-par-une-victoire-contre-l-ukraine_7475269.html\" rel=\"nofollow noopener\" target=\"_blank\">lors du premier match de qualification du Mondial 2026<\/a>, et sortis sur blessure, vendredi 5 septembre face \u00e0 l&rsquo;Ukraine, ne retrouveront pas Clairefontaine dans l&rsquo;imm\u00e9diat et rejoignent ainsi leur club, le PSG.<\/p>\n<p>Plus t\u00f4t dans la journ\u00e9e, l&rsquo;incertitude planait encore <a href=\"https:\/\/www.franceinfo.fr\/sports\/foot\/ousmane-dembele\/ukraine-france-la-blessure-d-ousmane-dembele-suscite-un-debut-de-polemique_7476811.html\" rel=\"nofollow noopener\" target=\"_blank\">quant \u00e0 leur \u00e9tat physique<\/a>. Apr\u00e8s avoir pass\u00e9 des examens m\u00e9dicaux samedi matin, Ousmane Demb\u00e9l\u00e9 souffre d\u2019une \u00ab\u00a0d\u00e9chirure des ischio-jambiers droits\u00a0\u00bb, et D\u00e9sir\u00e9 Dou\u00e9 \u00ab\u00a0d\u2019une d\u00e9chirure du sol\u00e9aire du mollet droit\u00a0\u00bb, a pr\u00e9cis\u00e9 la 3F. Ils ont donc \u00e9t\u00e9 remis \u00e0 la disposition de leur club. Ils manqueront donc le deuxi\u00e8me rendez-vous de ces \u00e9liminatoires, mardi 9 septembre, au Parc des Princes, face \u00e0 l&rsquo;Islande. Kingsley Coman, appel\u00e9 en renfort, est attendu dimanche \u00e0 Clairefontaine.<\/p>\n<p>Vendredi, le milieu de 20 ans a en effet laiss\u00e9 sa place \u00e0 son a\u00een\u00e9 Ousmane Demb\u00e9l\u00e9 \u00e0 la pause apr\u00e8s avoir ressenti une g\u00eane au mollet. Ce dernier, d\u00e9j\u00e0 touch\u00e9 \u00e0 la cuisse gauche depuis le match de championnat face \u00e0 Toulouse le 30 ao\u00fbt, <a href=\"https:\/\/www.franceinfo.fr\/sports\/foot\/ousmane-dembele\/ukraine-france-la-blessure-d-ousmane-dembele-suscite-un-debut-de-polemique_7476811.html\" rel=\"nofollow noopener\" target=\"_blank\">a d\u00fb quitter lui aussi le terrain en boitant (\u00e0 la 81e minute), <\/a>apr\u00e8s une blessure survenue \u00e0 la cuisse droite sur une acc\u00e9l\u00e9ration.<\/p>\n","protected":false},"excerpt":{"rendered":"Tous les deux sortis sur blessure vendredi, lors du premier match de qualification de la Coupe du monde,&hellip;\n","protected":false},"author":2,"featured_media":371213,"comment_status":"","ping_status":"","sticky":false,"template":"","format":"standard","meta":{"footnotes":""},"categories":[4],"tags":[11,1011,27,12,25],"class_list":{"0":"post-371212","1":"post","2":"type-post","3":"status-publish","4":"format-standard","5":"has-post-thumbnail","7":"category-france","8":"tag-actualites","9":"tag-fr","10":"tag-france","11":"tag-news","12":"tag-republique-francaise"},"share_on_mastodon":{"url":"https:\/\/pubeurope.com\/@fr\/115158759726477097","error":""},"_links":{"self":[{"href":"https:\/\/www.europesays.com\/fr\/wp-json\/wp\/v2\/posts\/371212","targetHints":{"allow":["GET"]}}],"collection":[{"href":"https:\/\/www.europesays.com\/fr\/wp-json\/wp\/v2\/posts"}],"about":[{"href":"https:\/\/www.europesays.com\/fr\/wp-json\/wp\/v2\/types\/post"}],"author":[{"embeddable":true,"href":"https:\/\/www.europesays.com\/fr\/wp-json\/wp\/v2\/users\/2"}],"replies":[{"embeddable":true,"href":"https:\/\/www.europesays.com\/fr\/wp-json\/wp\/v2\/comments?post=371212"}],"version-history":[{"count":0,"href":"https:\/\/www.europesays.com\/fr\/wp-json\/wp\/v2\/posts\/371212\/revisions"}],"wp:featuredmedia":[{"embeddable":true,"href":"https:\/\/www.europesays.com\/fr\/wp-json\/wp\/v2\/media\/371213"}],"wp:attachment":[{"href":"https:\/\/www.europesays.com\/fr\/wp-json\/wp\/v2\/media?parent=371212"}],"wp:term":[{"taxonomy":"category","embeddable":true,"href":"https:\/\/www.europesays.com\/fr\/wp-json\/wp\/v2\/categories?post=371212"},{"taxonomy":"post_tag","embeddable":true,"href":"https:\/\/www.europesays.com\/fr\/wp-json\/wp\/v2\/tags?post=371212"}],"curies":[{"name":"wp","href":"https:\/\/api.w.org\/{rel}","templated":true}]}}